{"id":134493,"date":"2025-03-12T18:30:22","date_gmt":"2025-03-12T17:30:22","guid":{"rendered":"https:\/\/diaridigital.urv.cat\/?p=134493"},"modified":"2025-03-13T12:45:36","modified_gmt":"2025-03-13T11:45:36","slug":"atapuerca-history-first-inhabitants","status":"publish","type":"post","link":"https:\/\/diaridigital.urv.cat\/en\/atapuerca-history-first-inhabitants\/","title":{"rendered":"Atapuerca rewrites the history of Europe\u2019s first inhabitants"},"content":{"rendered":"<p>A human skull fragment discovered at the Sima del Elefante site at Atapuerca has become the oldest face in Western Europe. The remains have been dated to between 1.1 and 1.4 million years ago and provide crucial insights into the early migrations and evolution of hominins in Europe during the Early Pleistocene, hominins being a subfamily of hominids to which the genus Homo (i.e. humans) belongs.<\/p>\n<h5><strong>More <em>erectus<\/em> than <em>antecessor<\/em><\/strong><\/h5>\n<p>During the 2022 excavation campaign, the Atapuerca Research Team recovered several fragments from the left side of an adult individual&#8217;s face from level TE7 at Sima del Elefante. Reconstructing these fragments required meticulous work, combining traditional conservation and restoration techniques with advanced imaging and 3D analysis tools.<\/p>\n<figure id=\"attachment_134466\" aria-labelledby=\"figcaption_attachment_134466\" class=\"wp-caption alignnone\" style=\"width: 1024px\"><a href=\"https:\/\/diaridigital.urv.cat\/wp-content\/uploads\/2025\/03\/Photo_41-1024x682.jpg\"><img loading=\"lazy\" decoding=\"async\" class=\"size-large wp-image-134466\" src=\"https:\/\/diaridigital.urv.cat\/wp-content\/uploads\/2025\/03\/Photo_41-1024x682.jpg\" alt=\"\" width=\"1024\" height=\"682\" srcset=\"https:\/\/diaridigital.urv.cat\/wp-content\/uploads\/2025\/03\/Photo_41-1024x682.jpg 1024w, https:\/\/diaridigital.urv.cat\/wp-content\/uploads\/2025\/03\/Photo_41-300x200.jpg 300w, https:\/\/diaridigital.urv.cat\/wp-content\/uploads\/2025\/03\/Photo_41-768x512.jpg 768w, https:\/\/diaridigital.urv.cat\/wp-content\/uploads\/2025\/03\/Photo_41-1536x1024.jpg 1536w, https:\/\/diaridigital.urv.cat\/wp-content\/uploads\/2025\/03\/Photo_41.jpg 1772w\" sizes=\"auto, (max-width: 1024px) 100vw, 1024px\" \/><\/a><figcaption id=\"figcaption_attachment_134466\" class=\"wp-caption-text\">Original fossil (ATE7-1) of the midface of a hominin assigned to <i>Homo <\/i>aff. <i>erectus<\/i> recovered at level TE7 of the Sima del Elefante (Sierra de Atapuerca, Burgos). Credit: Maria D. Guill\u00e9n \/ IPHES-CERCA.<\/figcaption><\/figure>\n<p>After two years of research, a detailed analysis of the individual \u2014catalogued as ATE7-1 and named <em>Pink<\/em> by the researchers, has revealed that the face does not belong to <em>Homo antecessor<\/em>, the species identified in other areas of the archaeological site of Atapuerca, but rather to a more primitive hominin. However, the available evidence is insufficient for a definitive taxonomic classification. As a result, the individual has been provisionally assigned the name <em>Homo affinis erectus<\/em>, meaning similar to or related to <em>Homo erectus.<\/em><\/p>\n<p>&#8220;<em>Homo antecessor<\/em> shares with <em>Homo sapiens<\/em> a more modern-looking face and a prominent nasal bone structure, whereas Pink\u2019s facial features are more primitive, resembling <em>Homo erectus<\/em>, particularly in its flat and underdeveloped nasal structure&#8221;, explains Mar\u00eda Martin\u00f3n, director of the National Centre for Research on Human Evolution (CENIEH) and one of the principal investigators of the Atapuerca Research Project. The researcher emphasizes that \u201c<em>the evidence is still insufficient for a definitive classification, which is why we adopted the name Homo affinis erectus\u201d,<\/em> in order to \u201c<em>acknowledge Pink\u2019s affinities with Homo erectus while leaving open the possibility that the remains may belong to another species<\/em>&#8220;.<\/p>\n<p>Dated between 1.1 and 1.4 million years old, the ATE7-1 fossil is significantly older than the remains of <em>Homo antecessor <\/em>located so far at the site, estimated to be around 860,000 years old. This chronology suggests that Pink belonged to a population that arrived in Europe during a migration wave predating that of <em>Homo antecessor<\/em>.<\/p>\n<p>This discovery not only enhances our knowledge of Europe\u2019s earliest inhabitants but also raises new questions about the origin and diversity of the hominins who lived there. Dr Eudald Carbonell, co-director of the Atapuerca Project and professor emeritus at the URV, considers that \u201cevidence for different hominin populations in Western Europe during the Early Pleistocene suggests that this region was a key point in the evolutionary history of the genus <em>Homo<\/em>\u201d.<\/p>\n<h5><strong>Environment and Lifestyle <\/strong><\/h5>\n<p>Level TE7 of Sima del Elefante where ATE7-1 was discovered, contains abundant evidence of the presence and activity of hominins during the Early Pleistocene. Among these findings, researchers have recovered stone tools and animal remains with cut marks, pointing to the use of lithic technology for processing animals.<\/p>\n<figure id=\"attachment_134472\" aria-labelledby=\"figcaption_attachment_134472\" class=\"wp-caption alignnone\" style=\"width: 1024px\"><a href=\"https:\/\/diaridigital.urv.cat\/wp-content\/uploads\/2025\/03\/Photo_6-1024x551.jpg\"><img loading=\"lazy\" decoding=\"async\" class=\"size-large wp-image-134472\" src=\"https:\/\/diaridigital.urv.cat\/wp-content\/uploads\/2025\/03\/Photo_6-1024x551.jpg\" alt=\"\" width=\"1024\" height=\"551\" srcset=\"https:\/\/diaridigital.urv.cat\/wp-content\/uploads\/2025\/03\/Photo_6-1024x551.jpg 1024w, https:\/\/diaridigital.urv.cat\/wp-content\/uploads\/2025\/03\/Photo_6-300x161.jpg 300w, https:\/\/diaridigital.urv.cat\/wp-content\/uploads\/2025\/03\/Photo_6-768x413.jpg 768w, https:\/\/diaridigital.urv.cat\/wp-content\/uploads\/2025\/03\/Photo_6-1536x826.jpg 1536w, https:\/\/diaridigital.urv.cat\/wp-content\/uploads\/2025\/03\/Photo_6-2048x1101.jpg 2048w\" sizes=\"auto, (max-width: 1024px) 100vw, 1024px\" \/><\/a><figcaption id=\"figcaption_attachment_134472\" class=\"wp-caption-text\">Lithic industry recovered at level TE7 of the Sima del Elefante (Sierra de Atapuerca, Burgos). On the left, quartz cobble with unifacial removals; top right, quartz flake; down left, flake made with Cretaceous chert. Credit: Nature \/ Maria D. Guill\u00e9n \/ IPHES-CERCA..<\/figcaption><\/figure>\n<p>For Xos\u00e9 Pedro Rodr\u00edguez, URV researcher and a specialist in lithic industries, although the quartz and flint tools found are simple, \u201cthey suggest an effective subsistence strategy and highlight the hominins&#8217; ability to exploit the resources available in their environment&#8221;. Cut marks identified on animal remains provide clear evidence that these tools were used to butcher carcasses. Rosa Huguet, an IPHES researcher specialising in taphonomy (the study of fossilization processes) and who led the research, considers this as proof that \u201cthe first Europeans had an intimate understanding of the animal resources available and knew how to systematically exploit them\u201d.<\/p>\n<figure id=\"attachment_134469\" aria-labelledby=\"figcaption_attachment_134469\" class=\"wp-caption alignnone\" style=\"width: 1024px\"><a href=\"https:\/\/diaridigital.urv.cat\/wp-content\/uploads\/2025\/03\/Photo_7-1024x512.jpg\"><img loading=\"lazy\" decoding=\"async\" class=\"size-large wp-image-134469\" src=\"https:\/\/diaridigital.urv.cat\/wp-content\/uploads\/2025\/03\/Photo_7-1024x512.jpg\" alt=\"\" width=\"1024\" height=\"512\" srcset=\"https:\/\/diaridigital.urv.cat\/wp-content\/uploads\/2025\/03\/Photo_7-1024x512.jpg 1024w, https:\/\/diaridigital.urv.cat\/wp-content\/uploads\/2025\/03\/Photo_7-300x150.jpg 300w, https:\/\/diaridigital.urv.cat\/wp-content\/uploads\/2025\/03\/Photo_7-768x384.jpg 768w, https:\/\/diaridigital.urv.cat\/wp-content\/uploads\/2025\/03\/Photo_7-1536x768.jpg 1536w, https:\/\/diaridigital.urv.cat\/wp-content\/uploads\/2025\/03\/Photo_7-2048x1024.jpg 2048w\" sizes=\"auto, (max-width: 1024px) 100vw, 1024px\" \/><\/a><figcaption id=\"figcaption_attachment_134469\" class=\"wp-caption-text\">Rib of a small animal with cut marks recovered at level TE7 of the Sima del Elefante (Sierra de Atapuerca, Burgos). Lower left, cut marks interrupted by a fissure. In the center, cut marks interrupted by abrasion striations (trampling). On the right, detail of the cut mark. Credit: Nature \/ Maria D. Guill\u00e9n \/ IPHES-CERCA.<\/figcaption><\/figure>\n<p>By studying the organisms and environments present in the fossil and stratigraphic record at TE7, the researchers were able to extract paleoecological data which suggests that the Early Pleistocene landscape of the Sierra de Atapuerca was a dynamic environment, featuring a mix of wooded areas, wet grasslands, and seasonal water sources, thus creating a resource-rich habitat for these early human populations.<\/p>\n<h5><strong>A key milestone for the Atapuerca project<\/strong><\/h5>\n<p>The discovery of ATE7-1 represents a major milestone for the Atapuerca Project and for our understanding of the human settlement of Europe. \u201cIt is crucial for understanding our origins, and this new discovery further solidifies Atapuerca\u2019s position as a global leader in the study of human evolution\u201d, noted Marina Mosquera, director of the Catalan Institute of Human Paleoecology and Social Evolution (IPHES-CERCA). Jose Mar\u00eda Bem\u00fadez, co-director of the Atapuerca Project, celebrated the discovery and predicted the start of &#8220;another prodigious era for the project&#8221;.<\/p>\n<p>The research team expects that future discoveries and analyses will help refine our understanding of the origin and dynamics of early human settlement in Europe. Excavations at the Atapuerca sites, funded by the Department for Culture, Tourism and Sport of the Castilla y Le\u00f3n region and supported by the Atapuerca Foundation and its patrons, and research into these findings, backed by the Spanish Ministry of Science, Innovation, and Universities, could provide further data on the migratory waves that shaped human history.<\/p>\n<p>The analysis of the findings has been published in <em>Nature<\/em> and was led by Rosa Huguet, researcher at the IPHES-CERCA, associate professor at the URV and co-coordinator, alongside URV researcher Xos\u00e9 Pedro Rodr\u00edguez-\u00c1lvarez, of the excavation and research efforts at Sima del Elefante. The study is the result of a collaborative effort involving a diverse team of researchers and technical staff from the IPHES-CERCA and the URV, along with national and international institutions, most notably the National Research Centre on Human Evolution.<\/p>\n<div style=\"padding: 56.25% 0 0 0; position: relative;\"><iframe style=\"position: absolute; top: 0; left: 0; width: 100%; height: 100%;\" title=\"Atapuerca, reescribe la historia del primer poblamiento europeo\" src=\"https:\/\/player.vimeo.com\/video\/1065206958?h=d6b4501dc4&amp;badge=0&amp;autopause=0&amp;player_id=0&amp;app_id=58479\" frameborder=\"0\"><\/iframe><\/div>\n<p><script src=\"https:\/\/player.vimeo.com\/api\/player.js\"><\/script><\/p>\n<p>Reference: Huguet, R. et al. The earliest human face of Western Europe. Nature. DOI: 10.1038\/s41586-025-08681-0<\/p>\n","protected":false},"excerpt":{"rendered":"<p>A study led by the IPHES and involving the URV assigns the oldest human remains found at Atapuerca to the species Homo affinis erectus and confirms that Western Europe was populated by two species of hominin more than a million years ago<\/p>\n","protected":false},"author":139,"featured_media":134532,"comment_status":"open","ping_status":"open","sticky":false,"template":"","format":"standard","meta":{"_acf_changed":false,"footnotes":""},"categories":[806,3472,789,82,195,235],"tags":[],"class_list":["post-134493","post","type-post","status-publish","format-standard","has-post-thumbnail","hentry","category-communicating-science","category-history","category-faculty-arts","category-general-en","category-research","category-society-culture"],"acf":[],"_links":{"self":[{"href":"https:\/\/diaridigital.urv.cat\/en\/wp-json\/wp\/v2\/posts\/134493","targetHints":{"allow":["GET"]}}],"collection":[{"href":"https:\/\/diaridigital.urv.cat\/en\/wp-json\/wp\/v2\/posts"}],"about":[{"href":"https:\/\/diaridigital.urv.cat\/en\/wp-json\/wp\/v2\/types\/post"}],"author":[{"embeddable":true,"href":"https:\/\/diaridigital.urv.cat\/en\/wp-json\/wp\/v2\/users\/139"}],"replies":[{"embeddable":true,"href":"https:\/\/diaridigital.urv.cat\/en\/wp-json\/wp\/v2\/comments?post=134493"}],"version-history":[{"count":0,"href":"https:\/\/diaridigital.urv.cat\/en\/wp-json\/wp\/v2\/posts\/134493\/revisions"}],"wp:featuredmedia":[{"embeddable":true,"href":"https:\/\/diaridigital.urv.cat\/en\/wp-json\/wp\/v2\/media\/134532"}],"wp:attachment":[{"href":"https:\/\/diaridigital.urv.cat\/en\/wp-json\/wp\/v2\/media?parent=134493"}],"wp:term":[{"taxonomy":"category","embeddable":true,"href":"https:\/\/diaridigital.urv.cat\/en\/wp-json\/wp\/v2\/categories?post=134493"},{"taxonomy":"post_tag","embeddable":true,"href":"https:\/\/diaridigital.urv.cat\/en\/wp-json\/wp\/v2\/tags?post=134493"}],"curies":[{"name":"wp","href":"https:\/\/api.w.org\/{rel}","templated":true}]}}