{"id":19764,"date":"2016-06-20T13:42:56","date_gmt":"2016-06-20T11:42:56","guid":{"rendered":"http:\/\/diaridigital.urv.cat\/en\/?p=19764"},"modified":"2016-07-01T14:35:59","modified_gmt":"2016-07-01T12:35:59","slug":"the-deputy-mayor-of-gyor-visits-the-urv","status":"publish","type":"post","link":"https:\/\/diaridigital.urv.cat\/en\/the-deputy-mayor-of-gyor-visits-the-urv\/","title":{"rendered":"The Deputy Mayor of Gy\u00f6r visits the URV"},"content":{"rendered":"<p>On 20 May the Deputy Mayor of Gy\u00f6r, Dr Tivadar Somogyi, visited the URV shortly after the successful visit to the URV by Sz\u00e9chenyi Istv\u00e1n University. The visit was initiated by the Hungarian Consul, Barnab\u00e1s Kovaks, who had already visited the URV on 9 May and given his commitment to give support to collaboration between the cities of Gy\u00f6r and Tarragona and their respective universities.<\/p>\n<p>The modern city of Gy\u00f6r has a population of about 140,000, possesses good infrastructure and human capital and, thanks to its geographical location, is the centre of the most prosperous region in Hungary after Budapest.<\/p>\n<p>The delegation from Gy\u00f6r comprised the Deputy Mayor, Dr Tivadar Somogyi, the personal secretary to the head of cabinet, Ms Petra Tibold, and the deputy chief executive, Dr Lajos Cs\u00f6rgits, and Ms Eszter Domanik. Together they held a meeting with the URV\u2019s Vice-Rector for Internationalisation, Dr Mar Guti\u00e9rrez-Col\u00f3n and the Vice-Rector for Scientific Policy and Research, Dr Josep Manel Ricart.<\/p>\n","protected":false},"excerpt":{"rendered":"<p>The Deputy Mayor of the Hungarian city was accompanied by the mascot of the European Youth Olympic Festival which is to be held in Gy\u00f6r in July 2017. The visit coincided with the presentation of the mascot for the Mediterranean Games, which will take place in Tarragona in the same year<\/p>\n","protected":false},"author":10,"featured_media":19431,"comment_status":"open","ping_status":"open","sticky":false,"template":"","format":"standard","meta":{"_acf_changed":false,"footnotes":""},"categories":[229,196],"tags":[],"class_list":["post-19764","post","type-post","status-publish","format-standard","has-post-thumbnail","hentry","category-institution","category-international"],"acf":[],"_links":{"self":[{"href":"https:\/\/diaridigital.urv.cat\/en\/wp-json\/wp\/v2\/posts\/19764","targetHints":{"allow":["GET"]}}],"collection":[{"href":"https:\/\/diaridigital.urv.cat\/en\/wp-json\/wp\/v2\/posts"}],"about":[{"href":"https:\/\/diaridigital.urv.cat\/en\/wp-json\/wp\/v2\/types\/post"}],"author":[{"embeddable":true,"href":"https:\/\/diaridigital.urv.cat\/en\/wp-json\/wp\/v2\/users\/10"}],"replies":[{"embeddable":true,"href":"https:\/\/diaridigital.urv.cat\/en\/wp-json\/wp\/v2\/comments?post=19764"}],"version-history":[{"count":0,"href":"https:\/\/diaridigital.urv.cat\/en\/wp-json\/wp\/v2\/posts\/19764\/revisions"}],"wp:featuredmedia":[{"embeddable":true,"href":"https:\/\/diaridigital.urv.cat\/en\/wp-json\/wp\/v2\/media\/19431"}],"wp:attachment":[{"href":"https:\/\/diaridigital.urv.cat\/en\/wp-json\/wp\/v2\/media?parent=19764"}],"wp:term":[{"taxonomy":"category","embeddable":true,"href":"https:\/\/diaridigital.urv.cat\/en\/wp-json\/wp\/v2\/categories?post=19764"},{"taxonomy":"post_tag","embeddable":true,"href":"https:\/\/diaridigital.urv.cat\/en\/wp-json\/wp\/v2\/tags?post=19764"}],"curies":[{"name":"wp","href":"https:\/\/api.w.org\/{rel}","templated":true}]}}