{"id":101464,"date":"2022-11-11T14:17:19","date_gmt":"2022-11-11T13:17:19","guid":{"rendered":"https:\/\/diaridigital.urv.cat\/?p=101464"},"modified":"2023-02-20T12:33:27","modified_gmt":"2023-02-20T11:33:27","slug":"esperanza-martinez-doctora-honoris-causa-urv","status":"publish","type":"post","link":"https:\/\/diaridigital.urv.cat\/es\/esperanza-martinez-doctora-honoris-causa-urv\/","title":{"rendered":"La abogada y bi\u00f3loga Esperanza Mart\u00ednez Y\u00e1\u00f1ez es doctora honoris causa por la URV"},"content":{"rendered":"<p>La naturaleza tiene derechos reconocidos. \u00c9ste ha sido un concepto clave para cambiar la perspectiva, antropoc\u00e9ntrica, desde la que observamos y entendemos el mundo y convierte la naturaleza en un sujeto en lugar de un objeto o un recurso a disposici\u00f3n de los humanos. Ya se ha empezado a introducir en los \u00e1mbitos legislativos, como en el caso reciente de Espa\u00f1a (una ley aprobada este mes de septiembre reconoce el ecosistema del mar Menor con derechos propios) y constitucionales, como la constituci\u00f3n de Ecuador, y se ha reconocido en algunas sentencias. Estos cambios acabar\u00e1n conduciendo a la reformulaci\u00f3n del derecho, las pol\u00edticas y est\u00e1ndares de actuaci\u00f3n de todos los agentes sociales como ha ocurrido hist\u00f3ricamente con los cambios de paradigma del derecho. Su impulsora es Esperanza Mart\u00ednez Y\u00e1\u00f1ez, bi\u00f3loga y abogada que hoy ha sido investida doctora honoris causa por la URV.<\/p>\n<p>Mart\u00ednez ha abierto un camino que no ha sido ni es f\u00e1cil, entre otras cuestiones porque su integridad ha sido amenazada, como tantas otras defensoras de los derechos ambientales, que han vivido la violencia en propia piel. Por todas estas personas, \u00abtodos los activistas que trabajan, hacen aportaciones que son invisibles y ayudan a mantener las semillas del futuro\u00bb, ha recordado en su discurso en el paraninfo de la universidad, Esperanza Mart\u00ednez agradeci\u00f3 la concesi\u00f3n del doctorado. De hecho, Mart\u00ednez es tambi\u00e9n activista adem\u00e1s de acad\u00e9mica, y la combinaci\u00f3n de ambas facetas le ha llevado a liderar varias organizaciones sin \u00e1nimo de lucro para la defensa de la naturaleza y el medio ambiente y alcanzar metas como la paralizaci\u00f3n de la extracci\u00f3n de crudo en el subsuelo del Parque Nacional del Yasun\u00ed (Ecuador).<\/p>\n<figure id=\"attachment_101082\" aria-labelledby=\"figcaption_attachment_101082\" class=\"wp-caption alignnone\" style=\"width: 1024px\"><a href=\"https:\/\/diaridigital.urv.cat\/wp-content\/uploads\/2022\/11\/DSC5950-scaled.jpg\"><img loading=\"lazy\" decoding=\"async\" class=\"wp-image-101082 size-large\" src=\"https:\/\/diaridigital.urv.cat\/wp-content\/uploads\/2022\/11\/DSC5950-1024x681.jpg\" alt=\"\" width=\"1024\" height=\"681\" srcset=\"https:\/\/diaridigital.urv.cat\/wp-content\/uploads\/2022\/11\/DSC5950-1024x681.jpg 1024w, https:\/\/diaridigital.urv.cat\/wp-content\/uploads\/2022\/11\/DSC5950-300x200.jpg 300w, https:\/\/diaridigital.urv.cat\/wp-content\/uploads\/2022\/11\/DSC5950-768x511.jpg 768w, https:\/\/diaridigital.urv.cat\/wp-content\/uploads\/2022\/11\/DSC5950-1536x1022.jpg 1536w, https:\/\/diaridigital.urv.cat\/wp-content\/uploads\/2022\/11\/DSC5950-2048x1363.jpg 2048w\" sizes=\"auto, (max-width: 1024px) 100vw, 1024px\" \/><\/a><figcaption id=\"figcaption_attachment_101082\" class=\"wp-caption-text\">Esperanza Mart\u00ednez Y\u00e1\u00f1ez durante su discurso de investidura como doctora honoris causa por la URV.<\/figcaption><\/figure>\n<p>Esperanza Mart\u00ednez ha apuntado en su discurso c\u00f3mo las leyes de la ciencia han explicado la relaci\u00f3n de los humanos con el mundo y c\u00f3mo, precisamente por esta disociaci\u00f3n entre las personas y \u00abel lugar donde se reproduce la vida\u00bb, \u00abla naturaleza se convirti\u00f3 en algo inerte en el que sus componentes son recursos y todos somos competidores\u00bb. En vez de considerarnos un todo. Esta ruptura fue \u00abuna condici\u00f3n para el desarrollo de la nueva Europa, de la Edad Media y el Renacimiento, y sobre todo, de la Modernidad de este continente\u00bb, ha se\u00f1alado. Esta visi\u00f3n se impuso y \u00abtransform\u00f3 la matriz m\u00e1s \u00edntima de las culturas locales\u00bb, que profesaban un mayor amor a la vida y la naturaleza, las costumbres de compartir y cuidar y ten\u00edan una visi\u00f3n del poder m\u00e1s como una responsabilidad que como una dominaci\u00f3n.<\/p>\n<p>Estos hechos junto con la fragmentaci\u00f3n del saber, la especializaci\u00f3n en la generaci\u00f3n del conocimiento formal, \u00abhan pasado factura a las sociedades humanas porque nos impiden ver el todo y nos alejan de la naturaleza, que se ha vuelto subordinada y manipulable\u00bb, analiza. Y en este contexto se produce la explotaci\u00f3n de los recursos que han llegado a alterar las relaciones biol\u00f3gicas, geol\u00f3gicas y qu\u00edmicas del planeta y la eliminaci\u00f3n de la biodiversidad y de los \u00faltimos pueblos que la preservaban. Por eso y para entender los problemas de hoy, Esperanza Mart\u00ednez propone \u00abrepensar la naturaleza\u00bb desde todos los \u00e1mbitos, integrando el conocimiento de la academia y el de la experiencia, como la de los pueblos amerindios de donde proviene Mart\u00ednez, con una \u00abfilosof\u00eda que establece relaciones de correspondencia y complementariedad entre lo c\u00f3smico y lo humano, lo org\u00e1nico y lo inorg\u00e1nico\u00bb.<\/p>\n<p>El discurso de la reciente honoris causa ha sido un alegato sobre los derechos de la naturaleza, entendida como \u00absujeto\u00bb que a la vez infunde el coraje necesario a personas que, como ella \u00abluchan por la vida, por la tierra, por el agua, a pesar de hacerlo a expensas de exponer su propia vida\u00bb.<\/p>\n<p>Mart\u00ednez ha sido propuesta por el Departamento de Derecho P\u00fablico, con una larga trayectoria de trabajo y investigaci\u00f3n sobre el derecho ambiental. Los profesores Aitana de la Varga y Victor Merino han realizado su <em>laudatio<\/em> conjuntamente. De la Varga ha apelado a la \u00abnecesidad de visibilizar esta realidad de violencias y apoyar a las mujeres defensoras del medio ambiente\u00bb y ha glosado su trayectoria como activista: fundadora de Acci\u00f3n Ecol\u00f3gica, para defender a las personas afectadas por actividades extractivas; del Instituto de Estudios Ecologistas del Tercer mundo para promover el debate en la academia; de Red Oilwatch, un observatorio de la pol\u00edtica petrolera con participaci\u00f3n de 45 pa\u00edses de tres continentes, e impulsora de la campa\u00f1a Amazonia por la vida.<\/p>\n<figure id=\"attachment_101088\" aria-labelledby=\"figcaption_attachment_101088\" class=\"wp-caption alignnone\" style=\"width: 1024px\"><a href=\"https:\/\/diaridigital.urv.cat\/wp-content\/uploads\/2022\/11\/DSC5866-scaled.jpg\"><img loading=\"lazy\" decoding=\"async\" class=\"wp-image-101088 size-large\" src=\"https:\/\/diaridigital.urv.cat\/wp-content\/uploads\/2022\/11\/DSC5866-1024x681.jpg\" alt=\"\" width=\"1024\" height=\"681\" srcset=\"https:\/\/diaridigital.urv.cat\/wp-content\/uploads\/2022\/11\/DSC5866-1024x681.jpg 1024w, https:\/\/diaridigital.urv.cat\/wp-content\/uploads\/2022\/11\/DSC5866-300x200.jpg 300w, https:\/\/diaridigital.urv.cat\/wp-content\/uploads\/2022\/11\/DSC5866-768x511.jpg 768w, https:\/\/diaridigital.urv.cat\/wp-content\/uploads\/2022\/11\/DSC5866-1536x1022.jpg 1536w, https:\/\/diaridigital.urv.cat\/wp-content\/uploads\/2022\/11\/DSC5866-2048x1363.jpg 2048w\" sizes=\"auto, (max-width: 1024px) 100vw, 1024px\" \/><\/a><figcaption id=\"figcaption_attachment_101088\" class=\"wp-caption-text\">Los profesores Aitana de la Varga y Victor Merino durante la laudatio del acto de investidura de Esperanza Mart\u00ednez Y\u00e1\u00f1ez.<\/figcaption><\/figure>\n<p>Victor Merino ha explicado la importancia de la figura de Mart\u00ednez Y\u00e1\u00f1ez para el \u00e1mbito del derecho: \u00abSu aportaci\u00f3n supuso distinguir el derecho de los seres humanos a un medio ambiente sano, reconocido en numerosos ordenamientos, de los derechos de la Naturaleza\u00bb. Sus aportaciones han permitido avanzar en \u00abel reconocimiento expreso de los derechos de los ecosistemas, el establecimiento de obligaciones para los poderes p\u00fablicos y la reiteraci\u00f3n de responsabilidades de los Estados en la protecci\u00f3n por el clima, o la obligaci\u00f3n de reconocer derechos a generaciones futuras \u00ab.<\/p>\n<p>Esta perspectiva, ha detallado Merino, ya ha empezado a introducirse en los \u00e1mbitos legislativos y ya hay sentencias que hacen \u00abintuir un cambio del paradigma jur\u00eddico, que es la antesala de la sucesiva transformaci\u00f3n\u00bb, como lo fueron en su momento las normativas para la adaptaci\u00f3n al cambio clim\u00e1tico, por ejemplo. Tambi\u00e9n se ha introducido en la Constituci\u00f3n de Ecuador, gracias al proceso constituyente en el que tuvo un rol destacado Esperanza Mart\u00ednez en 2008, como asesora del presidente de la Asamblea Nacional Constituyente, Alberto Acosta.<\/p>\n<p>Tras la <em>laudatio<\/em> el rector, Josep Pallar\u00e8s, ha investido doctora honoris causa a Esperanza Mart\u00ednez Ya\u00f1ez, en un acto que ha coincidido en el tiempo con la celebraci\u00f3n de la Cumbre del Clima de Egipto, \u00abque nos recuerda con datos la gravedad y las catastr\u00f3ficas consecuencias que tiene para nuestro planeta y para las personas que lo habitamos vulnerar los derechos de la naturaleza\u00bb. \u00abEsperamos que en un futuro no muy lejano este derecho de la naturaleza se acabe integrando en la lista de derechos fundamentales que figuran en todas las constituciones de los pa\u00edses democr\u00e1ticos\u00bb, ha concluido Pallar\u00e8s.<\/p>\n<p>Como signo del recibimiento de la nueva doctora honoris causa por la comunidad cient\u00edfica de la URV, el rector le ha entregado a Esperanza Mart\u00ednez el t\u00edtulo que acredita la m\u00e1s alta distinci\u00f3n de la Universitat, la medalla y el birrete, as\u00ed como los atributos que acompa\u00f1an a la distinci\u00f3n: el libro de la ciencia y la sabidur\u00eda, el anillo que se entregaba como emblema del privilegio de sellar los dict\u00e1menes de la ciencia y la profesi\u00f3n, y los guantes blancos.<\/p>\n<h5>Galer\u00eda de im\u00e1genes<\/h5>\n<div id='gallery-1' class='gallery galleryid-101464 gallery-columns-4 gallery-size-medium'><dl class='gallery-item'>\n\t\t\t<dt class='gallery-icon landscape'>\n\t\t\t\t<a href='https:\/\/diaridigital.urv.cat\/es\/esperanza-martinez-doctora-honoris-causa-urv\/011-honoris-esperanzamartinez-11112022-2\/'><img loading=\"lazy\" decoding=\"async\" width=\"300\" height=\"205\" src=\"https:\/\/diaridigital.urv.cat\/wp-content\/uploads\/2022\/11\/011-HONORIS-ESPERANZAMARTINEZ-11112022-300x205.jpg\" class=\"attachment-medium size-medium\" alt=\"\" srcset=\"https:\/\/diaridigital.urv.cat\/wp-content\/uploads\/2022\/11\/011-HONORIS-ESPERANZAMARTINEZ-11112022-300x205.jpg 300w, https:\/\/diaridigital.urv.cat\/wp-content\/uploads\/2022\/11\/011-HONORIS-ESPERANZAMARTINEZ-11112022-768x524.jpg 768w, https:\/\/diaridigital.urv.cat\/wp-content\/uploads\/2022\/11\/011-HONORIS-ESPERANZAMARTINEZ-11112022-1024x698.jpg 1024w, https:\/\/diaridigital.urv.cat\/wp-content\/uploads\/2022\/11\/011-HONORIS-ESPERANZAMARTINEZ-11112022-1536x1047.jpg 1536w, https:\/\/diaridigital.urv.cat\/wp-content\/uploads\/2022\/11\/011-HONORIS-ESPERANZAMARTINEZ-11112022-2048x1396.jpg 2048w\" sizes=\"auto, (max-width: 300px) 100vw, 300px\" \/><\/a>\n\t\t\t<\/dt><\/dl><dl class='gallery-item'>\n\t\t\t<dt class='gallery-icon landscape'>\n\t\t\t\t<a href='https:\/\/diaridigital.urv.cat\/es\/esperanza-martinez-doctora-honoris-causa-urv\/017-honoris-esperanzamartinez-11112022-2\/'><img loading=\"lazy\" decoding=\"async\" width=\"300\" height=\"205\" src=\"https:\/\/diaridigital.urv.cat\/wp-content\/uploads\/2022\/11\/017-HONORIS-ESPERANZAMARTINEZ-11112022-300x205.jpg\" class=\"attachment-medium size-medium\" alt=\"\" srcset=\"https:\/\/diaridigital.urv.cat\/wp-content\/uploads\/2022\/11\/017-HONORIS-ESPERANZAMARTINEZ-11112022-300x205.jpg 300w, https:\/\/diaridigital.urv.cat\/wp-content\/uploads\/2022\/11\/017-HONORIS-ESPERANZAMARTINEZ-11112022-768x524.jpg 768w, https:\/\/diaridigital.urv.cat\/wp-content\/uploads\/2022\/11\/017-HONORIS-ESPERANZAMARTINEZ-11112022-1024x698.jpg 1024w, https:\/\/diaridigital.urv.cat\/wp-content\/uploads\/2022\/11\/017-HONORIS-ESPERANZAMARTINEZ-11112022-1536x1047.jpg 1536w, https:\/\/diaridigital.urv.cat\/wp-content\/uploads\/2022\/11\/017-HONORIS-ESPERANZAMARTINEZ-11112022-2048x1396.jpg 2048w\" sizes=\"auto, (max-width: 300px) 100vw, 300px\" \/><\/a>\n\t\t\t<\/dt><\/dl><dl class='gallery-item'>\n\t\t\t<dt class='gallery-icon landscape'>\n\t\t\t\t<a href='https:\/\/diaridigital.urv.cat\/es\/esperanza-martinez-doctora-honoris-causa-urv\/022-honoris-esperanzamartinez-11112022-2\/'><img loading=\"lazy\" decoding=\"async\" width=\"300\" height=\"205\" src=\"https:\/\/diaridigital.urv.cat\/wp-content\/uploads\/2022\/11\/022-HONORIS-ESPERANZAMARTINEZ-11112022-300x205.jpg\" class=\"attachment-medium size-medium\" alt=\"\" srcset=\"https:\/\/diaridigital.urv.cat\/wp-content\/uploads\/2022\/11\/022-HONORIS-ESPERANZAMARTINEZ-11112022-300x205.jpg 300w, https:\/\/diaridigital.urv.cat\/wp-content\/uploads\/2022\/11\/022-HONORIS-ESPERANZAMARTINEZ-11112022-768x524.jpg 768w, https:\/\/diaridigital.urv.cat\/wp-content\/uploads\/2022\/11\/022-HONORIS-ESPERANZAMARTINEZ-11112022-1024x698.jpg 1024w, https:\/\/diaridigital.urv.cat\/wp-content\/uploads\/2022\/11\/022-HONORIS-ESPERANZAMARTINEZ-11112022-1536x1047.jpg 1536w, https:\/\/diaridigital.urv.cat\/wp-content\/uploads\/2022\/11\/022-HONORIS-ESPERANZAMARTINEZ-11112022-2048x1396.jpg 2048w\" sizes=\"auto, (max-width: 300px) 100vw, 300px\" \/><\/a>\n\t\t\t<\/dt><\/dl><dl class='gallery-item'>\n\t\t\t<dt class='gallery-icon landscape'>\n\t\t\t\t<a href='https:\/\/diaridigital.urv.cat\/es\/esperanza-martinez-doctora-honoris-causa-urv\/037-honoris-esperanzamartinez-11112022-2\/'><img loading=\"lazy\" decoding=\"async\" width=\"300\" height=\"205\" src=\"https:\/\/diaridigital.urv.cat\/wp-content\/uploads\/2022\/11\/037-HONORIS-ESPERANZAMARTINEZ-11112022-300x205.jpg\" class=\"attachment-medium size-medium\" alt=\"\" srcset=\"https:\/\/diaridigital.urv.cat\/wp-content\/uploads\/2022\/11\/037-HONORIS-ESPERANZAMARTINEZ-11112022-300x205.jpg 300w, https:\/\/diaridigital.urv.cat\/wp-content\/uploads\/2022\/11\/037-HONORIS-ESPERANZAMARTINEZ-11112022-768x524.jpg 768w, https:\/\/diaridigital.urv.cat\/wp-content\/uploads\/2022\/11\/037-HONORIS-ESPERANZAMARTINEZ-11112022-1024x698.jpg 1024w, https:\/\/diaridigital.urv.cat\/wp-content\/uploads\/2022\/11\/037-HONORIS-ESPERANZAMARTINEZ-11112022-1536x1047.jpg 1536w, https:\/\/diaridigital.urv.cat\/wp-content\/uploads\/2022\/11\/037-HONORIS-ESPERANZAMARTINEZ-11112022-2048x1396.jpg 2048w\" sizes=\"auto, (max-width: 300px) 100vw, 300px\" \/><\/a>\n\t\t\t<\/dt><\/dl><dl class='gallery-item'>\n\t\t\t<dt class='gallery-icon landscape'>\n\t\t\t\t<a href='https:\/\/diaridigital.urv.cat\/es\/esperanza-martinez-doctora-honoris-causa-urv\/031-honoris-esperanzamartinez-11112022-2\/'><img loading=\"lazy\" decoding=\"async\" width=\"300\" height=\"205\" src=\"https:\/\/diaridigital.urv.cat\/wp-content\/uploads\/2022\/11\/031-HONORIS-ESPERANZAMARTINEZ-11112022-300x205.jpg\" class=\"attachment-medium size-medium\" alt=\"\" srcset=\"https:\/\/diaridigital.urv.cat\/wp-content\/uploads\/2022\/11\/031-HONORIS-ESPERANZAMARTINEZ-11112022-300x205.jpg 300w, https:\/\/diaridigital.urv.cat\/wp-content\/uploads\/2022\/11\/031-HONORIS-ESPERANZAMARTINEZ-11112022-768x524.jpg 768w, https:\/\/diaridigital.urv.cat\/wp-content\/uploads\/2022\/11\/031-HONORIS-ESPERANZAMARTINEZ-11112022-1024x698.jpg 1024w, https:\/\/diaridigital.urv.cat\/wp-content\/uploads\/2022\/11\/031-HONORIS-ESPERANZAMARTINEZ-11112022-1536x1047.jpg 1536w, https:\/\/diaridigital.urv.cat\/wp-content\/uploads\/2022\/11\/031-HONORIS-ESPERANZAMARTINEZ-11112022-2048x1396.jpg 2048w\" sizes=\"auto, (max-width: 300px) 100vw, 300px\" \/><\/a>\n\t\t\t<\/dt><\/dl><dl class='gallery-item'>\n\t\t\t<dt class='gallery-icon landscape'>\n\t\t\t\t<a href='https:\/\/diaridigital.urv.cat\/es\/esperanza-martinez-doctora-honoris-causa-urv\/074-honoris-esperanzamartinez-11112022-2\/'><img loading=\"lazy\" decoding=\"async\" width=\"300\" height=\"205\" src=\"https:\/\/diaridigital.urv.cat\/wp-content\/uploads\/2022\/11\/074-HONORIS-ESPERANZAMARTINEZ-11112022-300x205.jpg\" class=\"attachment-medium size-medium\" alt=\"\" srcset=\"https:\/\/diaridigital.urv.cat\/wp-content\/uploads\/2022\/11\/074-HONORIS-ESPERANZAMARTINEZ-11112022-300x205.jpg 300w, https:\/\/diaridigital.urv.cat\/wp-content\/uploads\/2022\/11\/074-HONORIS-ESPERANZAMARTINEZ-11112022-768x524.jpg 768w, https:\/\/diaridigital.urv.cat\/wp-content\/uploads\/2022\/11\/074-HONORIS-ESPERANZAMARTINEZ-11112022-1024x698.jpg 1024w, https:\/\/diaridigital.urv.cat\/wp-content\/uploads\/2022\/11\/074-HONORIS-ESPERANZAMARTINEZ-11112022-1536x1047.jpg 1536w, https:\/\/diaridigital.urv.cat\/wp-content\/uploads\/2022\/11\/074-HONORIS-ESPERANZAMARTINEZ-11112022-2048x1396.jpg 2048w\" sizes=\"auto, (max-width: 300px) 100vw, 300px\" \/><\/a>\n\t\t\t<\/dt><\/dl><dl class='gallery-item'>\n\t\t\t<dt class='gallery-icon landscape'>\n\t\t\t\t<a href='https:\/\/diaridigital.urv.cat\/es\/esperanza-martinez-doctora-honoris-causa-urv\/078-honoris-esperanzamartinez-11112022-2\/'><img loading=\"lazy\" decoding=\"async\" width=\"300\" height=\"205\" src=\"https:\/\/diaridigital.urv.cat\/wp-content\/uploads\/2022\/11\/078-HONORIS-ESPERANZAMARTINEZ-11112022-300x205.jpg\" class=\"attachment-medium size-medium\" alt=\"\" srcset=\"https:\/\/diaridigital.urv.cat\/wp-content\/uploads\/2022\/11\/078-HONORIS-ESPERANZAMARTINEZ-11112022-300x205.jpg 300w, https:\/\/diaridigital.urv.cat\/wp-content\/uploads\/2022\/11\/078-HONORIS-ESPERANZAMARTINEZ-11112022-768x524.jpg 768w, https:\/\/diaridigital.urv.cat\/wp-content\/uploads\/2022\/11\/078-HONORIS-ESPERANZAMARTINEZ-11112022-1024x698.jpg 1024w, https:\/\/diaridigital.urv.cat\/wp-content\/uploads\/2022\/11\/078-HONORIS-ESPERANZAMARTINEZ-11112022-1536x1047.jpg 1536w, https:\/\/diaridigital.urv.cat\/wp-content\/uploads\/2022\/11\/078-HONORIS-ESPERANZAMARTINEZ-11112022-2048x1396.jpg 2048w\" sizes=\"auto, (max-width: 300px) 100vw, 300px\" \/><\/a>\n\t\t\t<\/dt><\/dl><dl class='gallery-item'>\n\t\t\t<dt class='gallery-icon landscape'>\n\t\t\t\t<a href='https:\/\/diaridigital.urv.cat\/es\/esperanza-martinez-doctora-honoris-causa-urv\/088-honoris-esperanzamartinez-11112022-2\/'><img loading=\"lazy\" decoding=\"async\" width=\"300\" height=\"205\" src=\"https:\/\/diaridigital.urv.cat\/wp-content\/uploads\/2022\/11\/088-HONORIS-ESPERANZAMARTINEZ-11112022-300x205.jpg\" class=\"attachment-medium size-medium\" alt=\"\" srcset=\"https:\/\/diaridigital.urv.cat\/wp-content\/uploads\/2022\/11\/088-HONORIS-ESPERANZAMARTINEZ-11112022-300x205.jpg 300w, https:\/\/diaridigital.urv.cat\/wp-content\/uploads\/2022\/11\/088-HONORIS-ESPERANZAMARTINEZ-11112022-768x524.jpg 768w, https:\/\/diaridigital.urv.cat\/wp-content\/uploads\/2022\/11\/088-HONORIS-ESPERANZAMARTINEZ-11112022-1024x698.jpg 1024w, https:\/\/diaridigital.urv.cat\/wp-content\/uploads\/2022\/11\/088-HONORIS-ESPERANZAMARTINEZ-11112022-1536x1047.jpg 1536w, https:\/\/diaridigital.urv.cat\/wp-content\/uploads\/2022\/11\/088-HONORIS-ESPERANZAMARTINEZ-11112022-2048x1396.jpg 2048w\" sizes=\"auto, (max-width: 300px) 100vw, 300px\" \/><\/a>\n\t\t\t<\/dt><\/dl><dl class='gallery-item'>\n\t\t\t<dt class='gallery-icon landscape'>\n\t\t\t\t<a href='https:\/\/diaridigital.urv.cat\/es\/esperanza-martinez-doctora-honoris-causa-urv\/090-honoris-esperanzamartinez-11112022-2\/'><img loading=\"lazy\" decoding=\"async\" width=\"300\" height=\"205\" src=\"https:\/\/diaridigital.urv.cat\/wp-content\/uploads\/2022\/11\/090-HONORIS-ESPERANZAMARTINEZ-11112022-300x205.jpg\" class=\"attachment-medium size-medium\" alt=\"\" srcset=\"https:\/\/diaridigital.urv.cat\/wp-content\/uploads\/2022\/11\/090-HONORIS-ESPERANZAMARTINEZ-11112022-300x205.jpg 300w, https:\/\/diaridigital.urv.cat\/wp-content\/uploads\/2022\/11\/090-HONORIS-ESPERANZAMARTINEZ-11112022-768x524.jpg 768w, https:\/\/diaridigital.urv.cat\/wp-content\/uploads\/2022\/11\/090-HONORIS-ESPERANZAMARTINEZ-11112022-1024x698.jpg 1024w, https:\/\/diaridigital.urv.cat\/wp-content\/uploads\/2022\/11\/090-HONORIS-ESPERANZAMARTINEZ-11112022-1536x1047.jpg 1536w, https:\/\/diaridigital.urv.cat\/wp-content\/uploads\/2022\/11\/090-HONORIS-ESPERANZAMARTINEZ-11112022-2048x1396.jpg 2048w\" sizes=\"auto, (max-width: 300px) 100vw, 300px\" \/><\/a>\n\t\t\t<\/dt><\/dl><dl class='gallery-item'>\n\t\t\t<dt class='gallery-icon portrait'>\n\t\t\t\t<a href='https:\/\/diaridigital.urv.cat\/es\/esperanza-martinez-doctora-honoris-causa-urv\/094-honoris-esperanzamartinez-11112022-2\/'><img loading=\"lazy\" decoding=\"async\" width=\"205\" height=\"300\" src=\"https:\/\/diaridigital.urv.cat\/wp-content\/uploads\/2022\/11\/094-HONORIS-ESPERANZAMARTINEZ-11112022-205x300.jpg\" class=\"attachment-medium size-medium\" alt=\"\" srcset=\"https:\/\/diaridigital.urv.cat\/wp-content\/uploads\/2022\/11\/094-HONORIS-ESPERANZAMARTINEZ-11112022-205x300.jpg 205w, https:\/\/diaridigital.urv.cat\/wp-content\/uploads\/2022\/11\/094-HONORIS-ESPERANZAMARTINEZ-11112022-768x1126.jpg 768w, https:\/\/diaridigital.urv.cat\/wp-content\/uploads\/2022\/11\/094-HONORIS-ESPERANZAMARTINEZ-11112022-698x1024.jpg 698w, https:\/\/diaridigital.urv.cat\/wp-content\/uploads\/2022\/11\/094-HONORIS-ESPERANZAMARTINEZ-11112022-1047x1536.jpg 1047w, https:\/\/diaridigital.urv.cat\/wp-content\/uploads\/2022\/11\/094-HONORIS-ESPERANZAMARTINEZ-11112022-1396x2048.jpg 1396w, https:\/\/diaridigital.urv.cat\/wp-content\/uploads\/2022\/11\/094-HONORIS-ESPERANZAMARTINEZ-11112022.jpg 1500w\" sizes=\"auto, (max-width: 205px) 100vw, 205px\" \/><\/a>\n\t\t\t<\/dt><\/dl><dl class='gallery-item'>\n\t\t\t<dt class='gallery-icon landscape'>\n\t\t\t\t<a href='https:\/\/diaridigital.urv.cat\/es\/esperanza-martinez-doctora-honoris-causa-urv\/108-honoris-esperanzamartinez-11112022-2\/'><img loading=\"lazy\" decoding=\"async\" width=\"300\" height=\"205\" src=\"https:\/\/diaridigital.urv.cat\/wp-content\/uploads\/2022\/11\/108-HONORIS-ESPERANZAMARTINEZ-11112022-300x205.jpg\" class=\"attachment-medium size-medium\" alt=\"\" srcset=\"https:\/\/diaridigital.urv.cat\/wp-content\/uploads\/2022\/11\/108-HONORIS-ESPERANZAMARTINEZ-11112022-300x205.jpg 300w, https:\/\/diaridigital.urv.cat\/wp-content\/uploads\/2022\/11\/108-HONORIS-ESPERANZAMARTINEZ-11112022-768x524.jpg 768w, https:\/\/diaridigital.urv.cat\/wp-content\/uploads\/2022\/11\/108-HONORIS-ESPERANZAMARTINEZ-11112022-1024x698.jpg 1024w, https:\/\/diaridigital.urv.cat\/wp-content\/uploads\/2022\/11\/108-HONORIS-ESPERANZAMARTINEZ-11112022-1536x1047.jpg 1536w, https:\/\/diaridigital.urv.cat\/wp-content\/uploads\/2022\/11\/108-HONORIS-ESPERANZAMARTINEZ-11112022-2048x1396.jpg 2048w\" sizes=\"auto, (max-width: 300px) 100vw, 300px\" \/><\/a>\n\t\t\t<\/dt><\/dl><dl class='gallery-item'>\n\t\t\t<dt class='gallery-icon landscape'>\n\t\t\t\t<a href='https:\/\/diaridigital.urv.cat\/es\/esperanza-martinez-doctora-honoris-causa-urv\/122-honoris-esperanzamartinez-11112022-2\/'><img loading=\"lazy\" decoding=\"async\" width=\"300\" height=\"205\" src=\"https:\/\/diaridigital.urv.cat\/wp-content\/uploads\/2022\/11\/122-HONORIS-ESPERANZAMARTINEZ-11112022-300x205.jpg\" class=\"attachment-medium size-medium\" alt=\"\" srcset=\"https:\/\/diaridigital.urv.cat\/wp-content\/uploads\/2022\/11\/122-HONORIS-ESPERANZAMARTINEZ-11112022-300x205.jpg 300w, https:\/\/diaridigital.urv.cat\/wp-content\/uploads\/2022\/11\/122-HONORIS-ESPERANZAMARTINEZ-11112022-768x524.jpg 768w, https:\/\/diaridigital.urv.cat\/wp-content\/uploads\/2022\/11\/122-HONORIS-ESPERANZAMARTINEZ-11112022-1024x698.jpg 1024w, https:\/\/diaridigital.urv.cat\/wp-content\/uploads\/2022\/11\/122-HONORIS-ESPERANZAMARTINEZ-11112022-1536x1047.jpg 1536w, https:\/\/diaridigital.urv.cat\/wp-content\/uploads\/2022\/11\/122-HONORIS-ESPERANZAMARTINEZ-11112022-2048x1396.jpg 2048w\" sizes=\"auto, (max-width: 300px) 100vw, 300px\" \/><\/a>\n\t\t\t<\/dt><\/dl><dl class='gallery-item'>\n\t\t\t<dt class='gallery-icon landscape'>\n\t\t\t\t<a href='https:\/\/diaridigital.urv.cat\/es\/esperanza-martinez-doctora-honoris-causa-urv\/150-honoris-esperanzamartinez-11112022-2\/'><img loading=\"lazy\" decoding=\"async\" width=\"300\" height=\"205\" src=\"https:\/\/diaridigital.urv.cat\/wp-content\/uploads\/2022\/11\/150-HONORIS-ESPERANZAMARTINEZ-11112022-300x205.jpg\" class=\"attachment-medium size-medium\" alt=\"\" srcset=\"https:\/\/diaridigital.urv.cat\/wp-content\/uploads\/2022\/11\/150-HONORIS-ESPERANZAMARTINEZ-11112022-300x205.jpg 300w, https:\/\/diaridigital.urv.cat\/wp-content\/uploads\/2022\/11\/150-HONORIS-ESPERANZAMARTINEZ-11112022-768x524.jpg 768w, https:\/\/diaridigital.urv.cat\/wp-content\/uploads\/2022\/11\/150-HONORIS-ESPERANZAMARTINEZ-11112022-1024x698.jpg 1024w, https:\/\/diaridigital.urv.cat\/wp-content\/uploads\/2022\/11\/150-HONORIS-ESPERANZAMARTINEZ-11112022-1536x1047.jpg 1536w, https:\/\/diaridigital.urv.cat\/wp-content\/uploads\/2022\/11\/150-HONORIS-ESPERANZAMARTINEZ-11112022-2048x1396.jpg 2048w\" sizes=\"auto, (max-width: 300px) 100vw, 300px\" \/><\/a>\n\t\t\t<\/dt><\/dl><dl class='gallery-item'>\n\t\t\t<dt class='gallery-icon landscape'>\n\t\t\t\t<a href='https:\/\/diaridigital.urv.cat\/es\/esperanza-martinez-doctora-honoris-causa-urv\/179-honoris-esperanzamartinez-11112022-2\/'><img loading=\"lazy\" decoding=\"async\" width=\"300\" height=\"205\" src=\"https:\/\/diaridigital.urv.cat\/wp-content\/uploads\/2022\/11\/179-HONORIS-ESPERANZAMARTINEZ-11112022-300x205.jpg\" class=\"attachment-medium size-medium\" alt=\"\" srcset=\"https:\/\/diaridigital.urv.cat\/wp-content\/uploads\/2022\/11\/179-HONORIS-ESPERANZAMARTINEZ-11112022-300x205.jpg 300w, https:\/\/diaridigital.urv.cat\/wp-content\/uploads\/2022\/11\/179-HONORIS-ESPERANZAMARTINEZ-11112022-768x524.jpg 768w, https:\/\/diaridigital.urv.cat\/wp-content\/uploads\/2022\/11\/179-HONORIS-ESPERANZAMARTINEZ-11112022-1024x698.jpg 1024w, https:\/\/diaridigital.urv.cat\/wp-content\/uploads\/2022\/11\/179-HONORIS-ESPERANZAMARTINEZ-11112022-1536x1047.jpg 1536w, https:\/\/diaridigital.urv.cat\/wp-content\/uploads\/2022\/11\/179-HONORIS-ESPERANZAMARTINEZ-11112022-2048x1396.jpg 2048w\" sizes=\"auto, (max-width: 300px) 100vw, 300px\" \/><\/a>\n\t\t\t<\/dt><\/dl><dl class='gallery-item'>\n\t\t\t<dt class='gallery-icon landscape'>\n\t\t\t\t<a href='https:\/\/diaridigital.urv.cat\/es\/esperanza-martinez-doctora-honoris-causa-urv\/038-honoris-esperanzamartinez-11112022-2\/'><img loading=\"lazy\" decoding=\"async\" width=\"300\" height=\"205\" src=\"https:\/\/diaridigital.urv.cat\/wp-content\/uploads\/2022\/11\/038-HONORIS-ESPERANZAMARTINEZ-11112022-300x205.jpg\" class=\"attachment-medium size-medium\" alt=\"\" srcset=\"https:\/\/diaridigital.urv.cat\/wp-content\/uploads\/2022\/11\/038-HONORIS-ESPERANZAMARTINEZ-11112022-300x205.jpg 300w, https:\/\/diaridigital.urv.cat\/wp-content\/uploads\/2022\/11\/038-HONORIS-ESPERANZAMARTINEZ-11112022-768x524.jpg 768w, https:\/\/diaridigital.urv.cat\/wp-content\/uploads\/2022\/11\/038-HONORIS-ESPERANZAMARTINEZ-11112022-1024x698.jpg 1024w, https:\/\/diaridigital.urv.cat\/wp-content\/uploads\/2022\/11\/038-HONORIS-ESPERANZAMARTINEZ-11112022-1536x1047.jpg 1536w, https:\/\/diaridigital.urv.cat\/wp-content\/uploads\/2022\/11\/038-HONORIS-ESPERANZAMARTINEZ-11112022-2048x1396.jpg 2048w\" sizes=\"auto, (max-width: 300px) 100vw, 300px\" \/><\/a>\n\t\t\t<\/dt><\/dl><dl class='gallery-item'>\n\t\t\t<dt class='gallery-icon landscape'>\n\t\t\t\t<a href='https:\/\/diaridigital.urv.cat\/es\/esperanza-martinez-doctora-honoris-causa-urv\/187-honoris-esperanzamartinez-11112022-2\/'><img loading=\"lazy\" decoding=\"async\" width=\"300\" height=\"205\" src=\"https:\/\/diaridigital.urv.cat\/wp-content\/uploads\/2022\/11\/187-HONORIS-ESPERANZAMARTINEZ-11112022-300x205.jpg\" class=\"attachment-medium size-medium\" alt=\"\" srcset=\"https:\/\/diaridigital.urv.cat\/wp-content\/uploads\/2022\/11\/187-HONORIS-ESPERANZAMARTINEZ-11112022-300x205.jpg 300w, https:\/\/diaridigital.urv.cat\/wp-content\/uploads\/2022\/11\/187-HONORIS-ESPERANZAMARTINEZ-11112022-768x524.jpg 768w, https:\/\/diaridigital.urv.cat\/wp-content\/uploads\/2022\/11\/187-HONORIS-ESPERANZAMARTINEZ-11112022-1024x698.jpg 1024w, https:\/\/diaridigital.urv.cat\/wp-content\/uploads\/2022\/11\/187-HONORIS-ESPERANZAMARTINEZ-11112022-1536x1047.jpg 1536w, https:\/\/diaridigital.urv.cat\/wp-content\/uploads\/2022\/11\/187-HONORIS-ESPERANZAMARTINEZ-11112022-2048x1396.jpg 2048w\" sizes=\"auto, (max-width: 300px) 100vw, 300px\" \/><\/a>\n\t\t\t<\/dt><\/dl><dl class='gallery-item'>\n\t\t\t<dt class='gallery-icon landscape'>\n\t\t\t\t<a href='https:\/\/diaridigital.urv.cat\/es\/esperanza-martinez-doctora-honoris-causa-urv\/195-honoris-esperanzamartinez-11112022-2\/'><img loading=\"lazy\" decoding=\"async\" width=\"300\" height=\"205\" src=\"https:\/\/diaridigital.urv.cat\/wp-content\/uploads\/2022\/11\/195-HONORIS-ESPERANZAMARTINEZ-11112022-300x205.jpg\" class=\"attachment-medium size-medium\" alt=\"\" srcset=\"https:\/\/diaridigital.urv.cat\/wp-content\/uploads\/2022\/11\/195-HONORIS-ESPERANZAMARTINEZ-11112022-300x205.jpg 300w, https:\/\/diaridigital.urv.cat\/wp-content\/uploads\/2022\/11\/195-HONORIS-ESPERANZAMARTINEZ-11112022-768x524.jpg 768w, https:\/\/diaridigital.urv.cat\/wp-content\/uploads\/2022\/11\/195-HONORIS-ESPERANZAMARTINEZ-11112022-1024x698.jpg 1024w, https:\/\/diaridigital.urv.cat\/wp-content\/uploads\/2022\/11\/195-HONORIS-ESPERANZAMARTINEZ-11112022-1536x1047.jpg 1536w, https:\/\/diaridigital.urv.cat\/wp-content\/uploads\/2022\/11\/195-HONORIS-ESPERANZAMARTINEZ-11112022-2048x1396.jpg 2048w\" sizes=\"auto, (max-width: 300px) 100vw, 300px\" \/><\/a>\n\t\t\t<\/dt><\/dl><dl class='gallery-item'>\n\t\t\t<dt class='gallery-icon landscape'>\n\t\t\t\t<a href='https:\/\/diaridigital.urv.cat\/es\/esperanza-martinez-doctora-honoris-causa-urv\/206-honoris-esperanzamartinez-11112022-2\/'><img loading=\"lazy\" decoding=\"async\" width=\"300\" height=\"205\" src=\"https:\/\/diaridigital.urv.cat\/wp-content\/uploads\/2022\/11\/206-HONORIS-ESPERANZAMARTINEZ-11112022-300x205.jpg\" class=\"attachment-medium size-medium\" alt=\"\" srcset=\"https:\/\/diaridigital.urv.cat\/wp-content\/uploads\/2022\/11\/206-HONORIS-ESPERANZAMARTINEZ-11112022-300x205.jpg 300w, https:\/\/diaridigital.urv.cat\/wp-content\/uploads\/2022\/11\/206-HONORIS-ESPERANZAMARTINEZ-11112022-768x524.jpg 768w, https:\/\/diaridigital.urv.cat\/wp-content\/uploads\/2022\/11\/206-HONORIS-ESPERANZAMARTINEZ-11112022-1024x698.jpg 1024w, https:\/\/diaridigital.urv.cat\/wp-content\/uploads\/2022\/11\/206-HONORIS-ESPERANZAMARTINEZ-11112022-1536x1047.jpg 1536w, https:\/\/diaridigital.urv.cat\/wp-content\/uploads\/2022\/11\/206-HONORIS-ESPERANZAMARTINEZ-11112022-2048x1396.jpg 2048w\" sizes=\"auto, (max-width: 300px) 100vw, 300px\" \/><\/a>\n\t\t\t<\/dt><\/dl><dl class='gallery-item'>\n\t\t\t<dt class='gallery-icon landscape'>\n\t\t\t\t<a href='https:\/\/diaridigital.urv.cat\/es\/esperanza-martinez-doctora-honoris-causa-urv\/212-honoris-esperanzamartinez-11112022-2\/'><img loading=\"lazy\" decoding=\"async\" width=\"300\" height=\"205\" src=\"https:\/\/diaridigital.urv.cat\/wp-content\/uploads\/2022\/11\/212-HONORIS-ESPERANZAMARTINEZ-11112022-300x205.jpg\" class=\"attachment-medium size-medium\" alt=\"\" srcset=\"https:\/\/diaridigital.urv.cat\/wp-content\/uploads\/2022\/11\/212-HONORIS-ESPERANZAMARTINEZ-11112022-300x205.jpg 300w, https:\/\/diaridigital.urv.cat\/wp-content\/uploads\/2022\/11\/212-HONORIS-ESPERANZAMARTINEZ-11112022-768x524.jpg 768w, https:\/\/diaridigital.urv.cat\/wp-content\/uploads\/2022\/11\/212-HONORIS-ESPERANZAMARTINEZ-11112022-1024x698.jpg 1024w, https:\/\/diaridigital.urv.cat\/wp-content\/uploads\/2022\/11\/212-HONORIS-ESPERANZAMARTINEZ-11112022-1536x1047.jpg 1536w, https:\/\/diaridigital.urv.cat\/wp-content\/uploads\/2022\/11\/212-HONORIS-ESPERANZAMARTINEZ-11112022-2048x1396.jpg 2048w\" sizes=\"auto, (max-width: 300px) 100vw, 300px\" \/><\/a>\n\t\t\t<\/dt><\/dl><dl class='gallery-item'>\n\t\t\t<dt class='gallery-icon landscape'>\n\t\t\t\t<a href='https:\/\/diaridigital.urv.cat\/es\/esperanza-martinez-doctora-honoris-causa-urv\/216-honoris-esperanzamartinez-11112022-2\/'><img loading=\"lazy\" decoding=\"async\" width=\"300\" height=\"205\" src=\"https:\/\/diaridigital.urv.cat\/wp-content\/uploads\/2022\/11\/216-HONORIS-ESPERANZAMARTINEZ-11112022-300x205.jpg\" class=\"attachment-medium size-medium\" alt=\"\" srcset=\"https:\/\/diaridigital.urv.cat\/wp-content\/uploads\/2022\/11\/216-HONORIS-ESPERANZAMARTINEZ-11112022-300x205.jpg 300w, https:\/\/diaridigital.urv.cat\/wp-content\/uploads\/2022\/11\/216-HONORIS-ESPERANZAMARTINEZ-11112022-768x524.jpg 768w, https:\/\/diaridigital.urv.cat\/wp-content\/uploads\/2022\/11\/216-HONORIS-ESPERANZAMARTINEZ-11112022-1024x698.jpg 1024w, https:\/\/diaridigital.urv.cat\/wp-content\/uploads\/2022\/11\/216-HONORIS-ESPERANZAMARTINEZ-11112022-1536x1047.jpg 1536w, https:\/\/diaridigital.urv.cat\/wp-content\/uploads\/2022\/11\/216-HONORIS-ESPERANZAMARTINEZ-11112022-2048x1396.jpg 2048w\" sizes=\"auto, (max-width: 300px) 100vw, 300px\" \/><\/a>\n\t\t\t<\/dt><\/dl><dl class='gallery-item'>\n\t\t\t<dt class='gallery-icon landscape'>\n\t\t\t\t<a href='https:\/\/diaridigital.urv.cat\/es\/esperanza-martinez-doctora-honoris-causa-urv\/220-honoris-esperanzamartinez-11112022-2\/'><img loading=\"lazy\" decoding=\"async\" width=\"300\" height=\"205\" src=\"https:\/\/diaridigital.urv.cat\/wp-content\/uploads\/2022\/11\/220-HONORIS-ESPERANZAMARTINEZ-11112022-300x205.jpg\" class=\"attachment-medium size-medium\" alt=\"\" srcset=\"https:\/\/diaridigital.urv.cat\/wp-content\/uploads\/2022\/11\/220-HONORIS-ESPERANZAMARTINEZ-11112022-300x205.jpg 300w, https:\/\/diaridigital.urv.cat\/wp-content\/uploads\/2022\/11\/220-HONORIS-ESPERANZAMARTINEZ-11112022-768x524.jpg 768w, https:\/\/diaridigital.urv.cat\/wp-content\/uploads\/2022\/11\/220-HONORIS-ESPERANZAMARTINEZ-11112022-1024x698.jpg 1024w, https:\/\/diaridigital.urv.cat\/wp-content\/uploads\/2022\/11\/220-HONORIS-ESPERANZAMARTINEZ-11112022-1536x1047.jpg 1536w, https:\/\/diaridigital.urv.cat\/wp-content\/uploads\/2022\/11\/220-HONORIS-ESPERANZAMARTINEZ-11112022-2048x1396.jpg 2048w\" sizes=\"auto, (max-width: 300px) 100vw, 300px\" \/><\/a>\n\t\t\t<\/dt><\/dl><dl class='gallery-item'>\n\t\t\t<dt class='gallery-icon landscape'>\n\t\t\t\t<a href='https:\/\/diaridigital.urv.cat\/es\/esperanza-martinez-doctora-honoris-causa-urv\/221-honoris-esperanzamartinez-11112022-2\/'><img loading=\"lazy\" decoding=\"async\" width=\"300\" height=\"205\" src=\"https:\/\/diaridigital.urv.cat\/wp-content\/uploads\/2022\/11\/221-HONORIS-ESPERANZAMARTINEZ-11112022-300x205.jpg\" class=\"attachment-medium size-medium\" alt=\"\" srcset=\"https:\/\/diaridigital.urv.cat\/wp-content\/uploads\/2022\/11\/221-HONORIS-ESPERANZAMARTINEZ-11112022-300x205.jpg 300w, https:\/\/diaridigital.urv.cat\/wp-content\/uploads\/2022\/11\/221-HONORIS-ESPERANZAMARTINEZ-11112022-768x524.jpg 768w, https:\/\/diaridigital.urv.cat\/wp-content\/uploads\/2022\/11\/221-HONORIS-ESPERANZAMARTINEZ-11112022-1024x698.jpg 1024w, https:\/\/diaridigital.urv.cat\/wp-content\/uploads\/2022\/11\/221-HONORIS-ESPERANZAMARTINEZ-11112022-1536x1047.jpg 1536w, https:\/\/diaridigital.urv.cat\/wp-content\/uploads\/2022\/11\/221-HONORIS-ESPERANZAMARTINEZ-11112022-2048x1396.jpg 2048w\" sizes=\"auto, (max-width: 300px) 100vw, 300px\" \/><\/a>\n\t\t\t<\/dt><\/dl><dl class='gallery-item'>\n\t\t\t<dt class='gallery-icon landscape'>\n\t\t\t\t<a href='https:\/\/diaridigital.urv.cat\/es\/esperanza-martinez-doctora-honoris-causa-urv\/239-honoris-esperanzamartinez-11112022-2\/'><img loading=\"lazy\" decoding=\"async\" width=\"300\" height=\"205\" src=\"https:\/\/diaridigital.urv.cat\/wp-content\/uploads\/2022\/11\/239-HONORIS-ESPERANZAMARTINEZ-11112022-300x205.jpg\" class=\"attachment-medium size-medium\" alt=\"\" srcset=\"https:\/\/diaridigital.urv.cat\/wp-content\/uploads\/2022\/11\/239-HONORIS-ESPERANZAMARTINEZ-11112022-300x205.jpg 300w, https:\/\/diaridigital.urv.cat\/wp-content\/uploads\/2022\/11\/239-HONORIS-ESPERANZAMARTINEZ-11112022-768x524.jpg 768w, https:\/\/diaridigital.urv.cat\/wp-content\/uploads\/2022\/11\/239-HONORIS-ESPERANZAMARTINEZ-11112022-1024x698.jpg 1024w, https:\/\/diaridigital.urv.cat\/wp-content\/uploads\/2022\/11\/239-HONORIS-ESPERANZAMARTINEZ-11112022-1536x1047.jpg 1536w, https:\/\/diaridigital.urv.cat\/wp-content\/uploads\/2022\/11\/239-HONORIS-ESPERANZAMARTINEZ-11112022-2048x1396.jpg 2048w\" sizes=\"auto, (max-width: 300px) 100vw, 300px\" \/><\/a>\n\t\t\t<\/dt><\/dl><dl class='gallery-item'>\n\t\t\t<dt class='gallery-icon landscape'>\n\t\t\t\t<a href='https:\/\/diaridigital.urv.cat\/es\/esperanza-martinez-doctora-honoris-causa-urv\/250-honoris-esperanzamartinez-11112022-2\/'><img loading=\"lazy\" decoding=\"async\" width=\"300\" height=\"205\" src=\"https:\/\/diaridigital.urv.cat\/wp-content\/uploads\/2022\/11\/250-HONORIS-ESPERANZAMARTINEZ-11112022-300x205.jpg\" class=\"attachment-medium size-medium\" alt=\"\" srcset=\"https:\/\/diaridigital.urv.cat\/wp-content\/uploads\/2022\/11\/250-HONORIS-ESPERANZAMARTINEZ-11112022-300x205.jpg 300w, https:\/\/diaridigital.urv.cat\/wp-content\/uploads\/2022\/11\/250-HONORIS-ESPERANZAMARTINEZ-11112022-768x524.jpg 768w, https:\/\/diaridigital.urv.cat\/wp-content\/uploads\/2022\/11\/250-HONORIS-ESPERANZAMARTINEZ-11112022-1024x698.jpg 1024w, https:\/\/diaridigital.urv.cat\/wp-content\/uploads\/2022\/11\/250-HONORIS-ESPERANZAMARTINEZ-11112022-1536x1047.jpg 1536w, https:\/\/diaridigital.urv.cat\/wp-content\/uploads\/2022\/11\/250-HONORIS-ESPERANZAMARTINEZ-11112022-2048x1396.jpg 2048w\" sizes=\"auto, (max-width: 300px) 100vw, 300px\" \/><\/a>\n\t\t\t<\/dt><\/dl><dl class='gallery-item'>\n\t\t\t<dt class='gallery-icon landscape'>\n\t\t\t\t<a href='https:\/\/diaridigital.urv.cat\/es\/esperanza-martinez-doctora-honoris-causa-urv\/258-honoris-esperanzamartinez-11112022-2\/'><img loading=\"lazy\" decoding=\"async\" width=\"300\" height=\"205\" src=\"https:\/\/diaridigital.urv.cat\/wp-content\/uploads\/2022\/11\/258-HONORIS-ESPERANZAMARTINEZ-11112022-300x205.jpg\" class=\"attachment-medium size-medium\" alt=\"\" srcset=\"https:\/\/diaridigital.urv.cat\/wp-content\/uploads\/2022\/11\/258-HONORIS-ESPERANZAMARTINEZ-11112022-300x205.jpg 300w, https:\/\/diaridigital.urv.cat\/wp-content\/uploads\/2022\/11\/258-HONORIS-ESPERANZAMARTINEZ-11112022-768x524.jpg 768w, https:\/\/diaridigital.urv.cat\/wp-content\/uploads\/2022\/11\/258-HONORIS-ESPERANZAMARTINEZ-11112022-1024x698.jpg 1024w, https:\/\/diaridigital.urv.cat\/wp-content\/uploads\/2022\/11\/258-HONORIS-ESPERANZAMARTINEZ-11112022-1536x1047.jpg 1536w, https:\/\/diaridigital.urv.cat\/wp-content\/uploads\/2022\/11\/258-HONORIS-ESPERANZAMARTINEZ-11112022-2048x1396.jpg 2048w\" sizes=\"auto, (max-width: 300px) 100vw, 300px\" \/><\/a>\n\t\t\t<\/dt><\/dl><dl class='gallery-item'>\n\t\t\t<dt class='gallery-icon landscape'>\n\t\t\t\t<a href='https:\/\/diaridigital.urv.cat\/es\/esperanza-martinez-doctora-honoris-causa-urv\/259-honoris-esperanzamartinez-11112022-2\/'><img loading=\"lazy\" decoding=\"async\" width=\"300\" height=\"205\" src=\"https:\/\/diaridigital.urv.cat\/wp-content\/uploads\/2022\/11\/259-HONORIS-ESPERANZAMARTINEZ-11112022-300x205.jpg\" class=\"attachment-medium size-medium\" alt=\"\" srcset=\"https:\/\/diaridigital.urv.cat\/wp-content\/uploads\/2022\/11\/259-HONORIS-ESPERANZAMARTINEZ-11112022-300x205.jpg 300w, https:\/\/diaridigital.urv.cat\/wp-content\/uploads\/2022\/11\/259-HONORIS-ESPERANZAMARTINEZ-11112022-768x524.jpg 768w, https:\/\/diaridigital.urv.cat\/wp-content\/uploads\/2022\/11\/259-HONORIS-ESPERANZAMARTINEZ-11112022-1024x698.jpg 1024w, https:\/\/diaridigital.urv.cat\/wp-content\/uploads\/2022\/11\/259-HONORIS-ESPERANZAMARTINEZ-11112022-1536x1047.jpg 1536w, https:\/\/diaridigital.urv.cat\/wp-content\/uploads\/2022\/11\/259-HONORIS-ESPERANZAMARTINEZ-11112022-2048x1396.jpg 2048w\" sizes=\"auto, (max-width: 300px) 100vw, 300px\" \/><\/a>\n\t\t\t<\/dt><\/dl><dl class='gallery-item'>\n\t\t\t<dt class='gallery-icon landscape'>\n\t\t\t\t<a href='https:\/\/diaridigital.urv.cat\/es\/esperanza-martinez-doctora-honoris-causa-urv\/275-honoris-esperanzamartinez-11112022-2\/'><img loading=\"lazy\" decoding=\"async\" width=\"300\" height=\"205\" src=\"https:\/\/diaridigital.urv.cat\/wp-content\/uploads\/2022\/11\/275-HONORIS-ESPERANZAMARTINEZ-11112022-300x205.jpg\" class=\"attachment-medium size-medium\" alt=\"\" srcset=\"https:\/\/diaridigital.urv.cat\/wp-content\/uploads\/2022\/11\/275-HONORIS-ESPERANZAMARTINEZ-11112022-300x205.jpg 300w, https:\/\/diaridigital.urv.cat\/wp-content\/uploads\/2022\/11\/275-HONORIS-ESPERANZAMARTINEZ-11112022-768x524.jpg 768w, https:\/\/diaridigital.urv.cat\/wp-content\/uploads\/2022\/11\/275-HONORIS-ESPERANZAMARTINEZ-11112022-1024x698.jpg 1024w, https:\/\/diaridigital.urv.cat\/wp-content\/uploads\/2022\/11\/275-HONORIS-ESPERANZAMARTINEZ-11112022-1536x1047.jpg 1536w, https:\/\/diaridigital.urv.cat\/wp-content\/uploads\/2022\/11\/275-HONORIS-ESPERANZAMARTINEZ-11112022-2048x1396.jpg 2048w\" sizes=\"auto, (max-width: 300px) 100vw, 300px\" \/><\/a>\n\t\t\t<\/dt><\/dl><dl class='gallery-item'>\n\t\t\t<dt class='gallery-icon landscape'>\n\t\t\t\t<a href='https:\/\/diaridigital.urv.cat\/es\/esperanza-martinez-doctora-honoris-causa-urv\/294-honoris-esperanzamartinez-11112022-2\/'><img loading=\"lazy\" decoding=\"async\" width=\"300\" height=\"205\" src=\"https:\/\/diaridigital.urv.cat\/wp-content\/uploads\/2022\/11\/294-HONORIS-ESPERANZAMARTINEZ-11112022-300x205.jpg\" class=\"attachment-medium size-medium\" alt=\"\" srcset=\"https:\/\/diaridigital.urv.cat\/wp-content\/uploads\/2022\/11\/294-HONORIS-ESPERANZAMARTINEZ-11112022-300x205.jpg 300w, https:\/\/diaridigital.urv.cat\/wp-content\/uploads\/2022\/11\/294-HONORIS-ESPERANZAMARTINEZ-11112022-768x524.jpg 768w, https:\/\/diaridigital.urv.cat\/wp-content\/uploads\/2022\/11\/294-HONORIS-ESPERANZAMARTINEZ-11112022-1024x698.jpg 1024w, https:\/\/diaridigital.urv.cat\/wp-content\/uploads\/2022\/11\/294-HONORIS-ESPERANZAMARTINEZ-11112022-1536x1047.jpg 1536w, https:\/\/diaridigital.urv.cat\/wp-content\/uploads\/2022\/11\/294-HONORIS-ESPERANZAMARTINEZ-11112022-2048x1396.jpg 2048w\" sizes=\"auto, (max-width: 300px) 100vw, 300px\" \/><\/a>\n\t\t\t<\/dt><\/dl><dl class='gallery-item'>\n\t\t\t<dt class='gallery-icon landscape'>\n\t\t\t\t<a href='https:\/\/diaridigital.urv.cat\/es\/esperanza-martinez-doctora-honoris-causa-urv\/331-honoris-esperanzamartinez-11112022-2\/'><img loading=\"lazy\" decoding=\"async\" width=\"300\" height=\"205\" src=\"https:\/\/diaridigital.urv.cat\/wp-content\/uploads\/2022\/11\/331-HONORIS-ESPERANZAMARTINEZ-11112022-300x205.jpg\" class=\"attachment-medium size-medium\" alt=\"\" srcset=\"https:\/\/diaridigital.urv.cat\/wp-content\/uploads\/2022\/11\/331-HONORIS-ESPERANZAMARTINEZ-11112022-300x205.jpg 300w, https:\/\/diaridigital.urv.cat\/wp-content\/uploads\/2022\/11\/331-HONORIS-ESPERANZAMARTINEZ-11112022-768x524.jpg 768w, https:\/\/diaridigital.urv.cat\/wp-content\/uploads\/2022\/11\/331-HONORIS-ESPERANZAMARTINEZ-11112022-1024x698.jpg 1024w, https:\/\/diaridigital.urv.cat\/wp-content\/uploads\/2022\/11\/331-HONORIS-ESPERANZAMARTINEZ-11112022-1536x1047.jpg 1536w, https:\/\/diaridigital.urv.cat\/wp-content\/uploads\/2022\/11\/331-HONORIS-ESPERANZAMARTINEZ-11112022-2048x1396.jpg 2048w\" sizes=\"auto, (max-width: 300px) 100vw, 300px\" \/><\/a>\n\t\t\t<\/dt><\/dl><dl class='gallery-item'>\n\t\t\t<dt class='gallery-icon landscape'>\n\t\t\t\t<a href='https:\/\/diaridigital.urv.cat\/es\/esperanza-martinez-doctora-honoris-causa-urv\/351-honoris-esperanzamartinez-11112022-2\/'><img loading=\"lazy\" decoding=\"async\" width=\"300\" height=\"205\" src=\"https:\/\/diaridigital.urv.cat\/wp-content\/uploads\/2022\/11\/351-HONORIS-ESPERANZAMARTINEZ-11112022-300x205.jpg\" class=\"attachment-medium size-medium\" alt=\"\" srcset=\"https:\/\/diaridigital.urv.cat\/wp-content\/uploads\/2022\/11\/351-HONORIS-ESPERANZAMARTINEZ-11112022-300x205.jpg 300w, https:\/\/diaridigital.urv.cat\/wp-content\/uploads\/2022\/11\/351-HONORIS-ESPERANZAMARTINEZ-11112022-768x524.jpg 768w, https:\/\/diaridigital.urv.cat\/wp-content\/uploads\/2022\/11\/351-HONORIS-ESPERANZAMARTINEZ-11112022-1024x698.jpg 1024w, https:\/\/diaridigital.urv.cat\/wp-content\/uploads\/2022\/11\/351-HONORIS-ESPERANZAMARTINEZ-11112022-1536x1047.jpg 1536w, https:\/\/diaridigital.urv.cat\/wp-content\/uploads\/2022\/11\/351-HONORIS-ESPERANZAMARTINEZ-11112022-2048x1396.jpg 2048w\" sizes=\"auto, (max-width: 300px) 100vw, 300px\" \/><\/a>\n\t\t\t<\/dt><\/dl><dl class='gallery-item'>\n\t\t\t<dt class='gallery-icon landscape'>\n\t\t\t\t<a href='https:\/\/diaridigital.urv.cat\/es\/esperanza-martinez-doctora-honoris-causa-urv\/361-honoris-esperanzamartinez-11112022-2\/'><img loading=\"lazy\" decoding=\"async\" width=\"300\" height=\"205\" src=\"https:\/\/diaridigital.urv.cat\/wp-content\/uploads\/2022\/11\/361-HONORIS-ESPERANZAMARTINEZ-11112022-300x205.jpg\" class=\"attachment-medium size-medium\" alt=\"\" srcset=\"https:\/\/diaridigital.urv.cat\/wp-content\/uploads\/2022\/11\/361-HONORIS-ESPERANZAMARTINEZ-11112022-300x205.jpg 300w, https:\/\/diaridigital.urv.cat\/wp-content\/uploads\/2022\/11\/361-HONORIS-ESPERANZAMARTINEZ-11112022-768x524.jpg 768w, https:\/\/diaridigital.urv.cat\/wp-content\/uploads\/2022\/11\/361-HONORIS-ESPERANZAMARTINEZ-11112022-1024x698.jpg 1024w, https:\/\/diaridigital.urv.cat\/wp-content\/uploads\/2022\/11\/361-HONORIS-ESPERANZAMARTINEZ-11112022-1536x1047.jpg 1536w, https:\/\/diaridigital.urv.cat\/wp-content\/uploads\/2022\/11\/361-HONORIS-ESPERANZAMARTINEZ-11112022-2048x1396.jpg 2048w\" sizes=\"auto, (max-width: 300px) 100vw, 300px\" \/><\/a>\n\t\t\t<\/dt><\/dl><dl class='gallery-item'>\n\t\t\t<dt class='gallery-icon landscape'>\n\t\t\t\t<a href='https:\/\/diaridigital.urv.cat\/es\/esperanza-martinez-doctora-honoris-causa-urv\/372-honoris-esperanzamartinez-11112022-2\/'><img loading=\"lazy\" decoding=\"async\" width=\"300\" height=\"205\" src=\"https:\/\/diaridigital.urv.cat\/wp-content\/uploads\/2022\/11\/372-HONORIS-ESPERANZAMARTINEZ-11112022-300x205.jpg\" class=\"attachment-medium size-medium\" alt=\"\" srcset=\"https:\/\/diaridigital.urv.cat\/wp-content\/uploads\/2022\/11\/372-HONORIS-ESPERANZAMARTINEZ-11112022-300x205.jpg 300w, https:\/\/diaridigital.urv.cat\/wp-content\/uploads\/2022\/11\/372-HONORIS-ESPERANZAMARTINEZ-11112022-768x524.jpg 768w, https:\/\/diaridigital.urv.cat\/wp-content\/uploads\/2022\/11\/372-HONORIS-ESPERANZAMARTINEZ-11112022-1024x698.jpg 1024w, https:\/\/diaridigital.urv.cat\/wp-content\/uploads\/2022\/11\/372-HONORIS-ESPERANZAMARTINEZ-11112022-1536x1047.jpg 1536w, https:\/\/diaridigital.urv.cat\/wp-content\/uploads\/2022\/11\/372-HONORIS-ESPERANZAMARTINEZ-11112022-2048x1396.jpg 2048w\" sizes=\"auto, (max-width: 300px) 100vw, 300px\" \/><\/a>\n\t\t\t<\/dt><\/dl><dl class='gallery-item'>\n\t\t\t<dt class='gallery-icon landscape'>\n\t\t\t\t<a href='https:\/\/diaridigital.urv.cat\/es\/esperanza-martinez-doctora-honoris-causa-urv\/377-honoris-esperanzamartinez-11112022-2\/'><img loading=\"lazy\" decoding=\"async\" width=\"300\" height=\"205\" src=\"https:\/\/diaridigital.urv.cat\/wp-content\/uploads\/2022\/11\/377-HONORIS-ESPERANZAMARTINEZ-11112022-300x205.jpg\" class=\"attachment-medium size-medium\" alt=\"\" srcset=\"https:\/\/diaridigital.urv.cat\/wp-content\/uploads\/2022\/11\/377-HONORIS-ESPERANZAMARTINEZ-11112022-300x205.jpg 300w, https:\/\/diaridigital.urv.cat\/wp-content\/uploads\/2022\/11\/377-HONORIS-ESPERANZAMARTINEZ-11112022-768x524.jpg 768w, https:\/\/diaridigital.urv.cat\/wp-content\/uploads\/2022\/11\/377-HONORIS-ESPERANZAMARTINEZ-11112022-1024x698.jpg 1024w, https:\/\/diaridigital.urv.cat\/wp-content\/uploads\/2022\/11\/377-HONORIS-ESPERANZAMARTINEZ-11112022-1536x1047.jpg 1536w, https:\/\/diaridigital.urv.cat\/wp-content\/uploads\/2022\/11\/377-HONORIS-ESPERANZAMARTINEZ-11112022-2048x1396.jpg 2048w\" sizes=\"auto, (max-width: 300px) 100vw, 300px\" \/><\/a>\n\t\t\t<\/dt><\/dl><dl class='gallery-item'>\n\t\t\t<dt class='gallery-icon portrait'>\n\t\t\t\t<a href='https:\/\/diaridigital.urv.cat\/es\/esperanza-martinez-doctora-honoris-causa-urv\/384-honoris-esperanzamartinez-11112022-2\/'><img loading=\"lazy\" decoding=\"async\" width=\"205\" height=\"300\" src=\"https:\/\/diaridigital.urv.cat\/wp-content\/uploads\/2022\/11\/384-HONORIS-ESPERANZAMARTINEZ-11112022-205x300.jpg\" class=\"attachment-medium size-medium\" alt=\"\" srcset=\"https:\/\/diaridigital.urv.cat\/wp-content\/uploads\/2022\/11\/384-HONORIS-ESPERANZAMARTINEZ-11112022-205x300.jpg 205w, https:\/\/diaridigital.urv.cat\/wp-content\/uploads\/2022\/11\/384-HONORIS-ESPERANZAMARTINEZ-11112022-768x1126.jpg 768w, https:\/\/diaridigital.urv.cat\/wp-content\/uploads\/2022\/11\/384-HONORIS-ESPERANZAMARTINEZ-11112022-698x1024.jpg 698w, https:\/\/diaridigital.urv.cat\/wp-content\/uploads\/2022\/11\/384-HONORIS-ESPERANZAMARTINEZ-11112022-1047x1536.jpg 1047w, https:\/\/diaridigital.urv.cat\/wp-content\/uploads\/2022\/11\/384-HONORIS-ESPERANZAMARTINEZ-11112022-1396x2048.jpg 1396w, https:\/\/diaridigital.urv.cat\/wp-content\/uploads\/2022\/11\/384-HONORIS-ESPERANZAMARTINEZ-11112022.jpg 1500w\" sizes=\"auto, (max-width: 205px) 100vw, 205px\" \/><\/a>\n\t\t\t<\/dt><\/dl><dl class='gallery-item'>\n\t\t\t<dt class='gallery-icon portrait'>\n\t\t\t\t<a href='https:\/\/diaridigital.urv.cat\/es\/esperanza-martinez-doctora-honoris-causa-urv\/391-honoris-esperanzamartinez-11112022-2\/'><img loading=\"lazy\" decoding=\"async\" width=\"205\" height=\"300\" src=\"https:\/\/diaridigital.urv.cat\/wp-content\/uploads\/2022\/11\/391-HONORIS-ESPERANZAMARTINEZ-11112022-205x300.jpg\" class=\"attachment-medium size-medium\" alt=\"\" srcset=\"https:\/\/diaridigital.urv.cat\/wp-content\/uploads\/2022\/11\/391-HONORIS-ESPERANZAMARTINEZ-11112022-205x300.jpg 205w, https:\/\/diaridigital.urv.cat\/wp-content\/uploads\/2022\/11\/391-HONORIS-ESPERANZAMARTINEZ-11112022-768x1126.jpg 768w, https:\/\/diaridigital.urv.cat\/wp-content\/uploads\/2022\/11\/391-HONORIS-ESPERANZAMARTINEZ-11112022-698x1024.jpg 698w, https:\/\/diaridigital.urv.cat\/wp-content\/uploads\/2022\/11\/391-HONORIS-ESPERANZAMARTINEZ-11112022-1047x1536.jpg 1047w, https:\/\/diaridigital.urv.cat\/wp-content\/uploads\/2022\/11\/391-HONORIS-ESPERANZAMARTINEZ-11112022-1396x2048.jpg 1396w, https:\/\/diaridigital.urv.cat\/wp-content\/uploads\/2022\/11\/391-HONORIS-ESPERANZAMARTINEZ-11112022.jpg 1500w\" sizes=\"auto, (max-width: 205px) 100vw, 205px\" \/><\/a>\n\t\t\t<\/dt><\/dl>\n\t\t\t\n\t\t<\/div>\n\n<h5>Acto completo<\/h5>\n<p>https:\/\/www.youtube.com\/watch?v=Sy-00ikrkbw<\/p>\n","protected":false},"excerpt":{"rendered":"<p>La acad\u00e9mica y activista ha acu\u00f1ado el concepto de derecho de la naturaleza, una idea clave para la reformulaci\u00f3n del derecho porque reconoce a la naturaleza como sujeto y aparta la perspectiva sobre la naturaleza como recurso a disposici\u00f3n de los humanos<\/p>\n","protected":false},"author":54,"featured_media":101094,"comment_status":"open","ping_status":"open","sticky":false,"template":"","format":"standard","meta":{"_acf_changed":false,"footnotes":""},"categories":[3483,252,83,94,123],"tags":[932],"class_list":["post-101464","post","type-post","status-publish","format-standard","has-post-thumbnail","hentry","category-derecho-publico","category-facultad-ciencias-juridicas","category-general-es","category-institucion","category-notas-prensa","tag-honoris-causa-es"],"acf":[],"_links":{"self":[{"href":"https:\/\/diaridigital.urv.cat\/es\/wp-json\/wp\/v2\/posts\/101464","targetHints":{"allow":["GET"]}}],"collection":[{"href":"https:\/\/diaridigital.urv.cat\/es\/wp-json\/wp\/v2\/posts"}],"about":[{"href":"https:\/\/diaridigital.urv.cat\/es\/wp-json\/wp\/v2\/types\/post"}],"author":[{"embeddable":true,"href":"https:\/\/diaridigital.urv.cat\/es\/wp-json\/wp\/v2\/users\/54"}],"replies":[{"embeddable":true,"href":"https:\/\/diaridigital.urv.cat\/es\/wp-json\/wp\/v2\/comments?post=101464"}],"version-history":[{"count":0,"href":"https:\/\/diaridigital.urv.cat\/es\/wp-json\/wp\/v2\/posts\/101464\/revisions"}],"wp:featuredmedia":[{"embeddable":true,"href":"https:\/\/diaridigital.urv.cat\/es\/wp-json\/wp\/v2\/media\/101094"}],"wp:attachment":[{"href":"https:\/\/diaridigital.urv.cat\/es\/wp-json\/wp\/v2\/media?parent=101464"}],"wp:term":[{"taxonomy":"category","embeddable":true,"href":"https:\/\/diaridigital.urv.cat\/es\/wp-json\/wp\/v2\/categories?post=101464"},{"taxonomy":"post_tag","embeddable":true,"href":"https:\/\/diaridigital.urv.cat\/es\/wp-json\/wp\/v2\/tags?post=101464"}],"curies":[{"name":"wp","href":"https:\/\/api.w.org\/{rel}","templated":true}]}}