{"id":10996,"date":"2014-04-02T10:51:32","date_gmt":"2014-04-02T08:51:32","guid":{"rendered":"http:\/\/diaridigital.urv.cat\/?p=10996"},"modified":"2018-05-30T11:04:25","modified_gmt":"2018-05-30T09:04:25","slug":"una-investigacion-del-centro-para-el-cambio-climatico-c3-preve-un-aumento-de-las-temperaturas-extremas-en-la-espana-peninsular","status":"publish","type":"post","link":"https:\/\/diaridigital.urv.cat\/es\/una-investigacion-del-centro-para-el-cambio-climatico-c3-preve-un-aumento-de-las-temperaturas-extremas-en-la-espana-peninsular\/","title":{"rendered":"Una investigaci\u00f3n del centro para el cambio clim\u00e1tico (C3) prev\u00e9 un aumento de las temperaturas extremas en la Espa\u00f1a peninsular"},"content":{"rendered":"<p>Una investigadora del Centro de Cambio Clim\u00e1tico (C3) del campus Terres de l&#8217;Ebre\u00a0de la URV, Merc\u00e8 Castell\u00e0, de Sant Carles de la R\u00e0pita, ha obtenido el t\u00edtulo de doctora con calificaci\u00f3n Excelente Cum Laude por su tesis, en la que modela y analiza los casos de calor extremo en los d\u00edas y las noches de verano en la Espa\u00f1a peninsular. Los acontecimientos de temperatura extrema son de gran importancia debido a su fuerte impacto sobre el medio ambiente, la econom\u00eda y la sociedad. En la lectura de la tesis, el pasado mes de marzo, presidi\u00f3 el tribunal el doctor Xavier Redondo, investigador de la Instituci\u00f3n Catalana de Investigaci\u00f3n y Estudios Avanzados, junto con la doctora Constanza Boroneant, investigadora de la Universitat Rovira i Virgili como secretar\u00eda, y el doctor Philip Douglas Jones, investigador del Climate Research Unido (CRU) como vocal.<\/p>\n<p>El trabajo, titulado Modelizaci\u00f3n y an\u00e1lisis de acontecimientos muy c\u00e1lidos de verano en la Espa\u00f1a peninsular y dirigido por la doctora Manola Brunet, directora del C3, utiliza la metodolog\u00eda Point Process Approach (PPA), basada en la Teor\u00eda de los Valores Extremos. Se trata de una t\u00e9cnica que ha sido poco aplicada en el estudio de extremos c\u00e1lidos al Estado espa\u00f1ol y que por primera vez es utilizada para identificar patrones de gran escalera, esto hace que la tesis tenga un valor metodol\u00f3gico relevante.<\/p>\n<p>Con esta metodolog\u00eda, el estudio investiga si las anomal\u00edas de la presi\u00f3n a nivel del mar, la temperatura superficial del mar y la humedad del suelo est\u00e1n relacionadas con la ocurrencia y la intensidad de estos acontecimientos excepcionales. En este sentido, a partir de los resultados obtenidos se demuestra que hay una relaci\u00f3n entre las anomal\u00edas analizadas de gran escalera y cuando ocurren estos d\u00edas y noches c\u00e1lidas as\u00ed como su intensidad.<\/p>\n<figure id=\"attachment_10994\" aria-labelledby=\"figcaption_attachment_10994\" class=\"wp-caption alignnone\" style=\"width: 700px\"><a href=\"https:\/\/diaridigital.urv.cat\/wp-content\/uploads\/2015\/07\/mercecastella.jpg\"><img loading=\"lazy\" decoding=\"async\" class=\"size-full wp-image-10994\" src=\"https:\/\/diaridigital.urv.cat\/wp-content\/uploads\/2015\/07\/mercecastella.jpg\" alt=\"Merc\u00e8 Castell\u00e0, defendiendo la tesis.\" width=\"700\" height=\"524\" srcset=\"https:\/\/diaridigital.urv.cat\/wp-content\/uploads\/2015\/07\/mercecastella.jpg 700w, https:\/\/diaridigital.urv.cat\/wp-content\/uploads\/2015\/07\/mercecastella-300x225.jpg 300w\" sizes=\"auto, (max-width: 700px) 100vw, 700px\" \/><\/a><figcaption id=\"figcaption_attachment_10994\" class=\"wp-caption-text\">Merc\u00e8 Castell\u00e0, defendiendo la tesis.<\/figcaption><\/figure>\n<p>Adem\u00e1s, en el trabajo tambi\u00e9n se analizan los cambios y las tendencias observadas en la distribuci\u00f3n de extremos de temperaturas m\u00e1ximas y m\u00ednimas para dos periodos diferentes (uno de 1940 a 1972 y el otro de 1973 a 2010). En este caso, se observan cambios generalizados en las temperaturas extremas, pero no homog\u00e9neos en el espacio y el tiempo. Mientras los resultados durante el periodo 1940-1972 indican una disminuci\u00f3n de los d\u00edas y las noches muy c\u00e1lidas, durante el periodo 1973-2010 se observa un aumento de d\u00edas muy c\u00e1lidos y todav\u00eda m\u00e1s de noches muy c\u00e1lidas.<\/p>\n<p>De acuerdo con esto, en los pr\u00f3ximos a\u00f1os se estima un incremento de las temperaturas extremas en todas las ciudades analizadas, aunque los mayores incrementos en las temperaturas m\u00e1ximas extremas se pronostican en la cuesta norte de Espa\u00f1a y en las temperaturas m\u00ednimas norte\u00f1as-este de la pen\u00ednsula.<\/p>\n<p>En esta tesis se han utilizado series de temperatura m\u00e1xima y m\u00ednima diaria de alta calidad, fiables y homogeneizadas, adquiridas de la base de datos &#8216;Spanish Daily Adjusted Temperature Series&#8217; (SDATS) desarrollada por Brunet et. al. (2006, 2008).<\/p>\n<p>Esta tesis contribuye a mejorar el conocimiento en las caracter\u00edsticas del extremos c\u00e1lidos de verano y de sus factores de for\u00e7ament en la Espa\u00f1a peninsular.<\/p>\n","protected":false},"excerpt":{"rendered":"<p>Una tesis doctoral de una investigadora analiza los casos de calor extremo en verano<\/p>\n","protected":false},"author":122,"featured_media":10991,"comment_status":"open","ping_status":"open","sticky":false,"template":"","format":"standard","meta":{"_acf_changed":false,"footnotes":""},"categories":[4148,117,102],"tags":[449,446,3965],"class_list":["post-10996","post","type-post","status-publish","format-standard","has-post-thumbnail","hentry","category-terres-ebre-es","category-ciencia-y-tecnologia","category-comunicacion-ciencia","tag-cambio-climatico-es","tag-canvi-climatic-es","tag-centro-cambio-climatico-c3"],"acf":[],"_links":{"self":[{"href":"https:\/\/diaridigital.urv.cat\/es\/wp-json\/wp\/v2\/posts\/10996","targetHints":{"allow":["GET"]}}],"collection":[{"href":"https:\/\/diaridigital.urv.cat\/es\/wp-json\/wp\/v2\/posts"}],"about":[{"href":"https:\/\/diaridigital.urv.cat\/es\/wp-json\/wp\/v2\/types\/post"}],"author":[{"embeddable":true,"href":"https:\/\/diaridigital.urv.cat\/es\/wp-json\/wp\/v2\/users\/122"}],"replies":[{"embeddable":true,"href":"https:\/\/diaridigital.urv.cat\/es\/wp-json\/wp\/v2\/comments?post=10996"}],"version-history":[{"count":0,"href":"https:\/\/diaridigital.urv.cat\/es\/wp-json\/wp\/v2\/posts\/10996\/revisions"}],"wp:featuredmedia":[{"embeddable":true,"href":"https:\/\/diaridigital.urv.cat\/es\/wp-json\/wp\/v2\/media\/10991"}],"wp:attachment":[{"href":"https:\/\/diaridigital.urv.cat\/es\/wp-json\/wp\/v2\/media?parent=10996"}],"wp:term":[{"taxonomy":"category","embeddable":true,"href":"https:\/\/diaridigital.urv.cat\/es\/wp-json\/wp\/v2\/categories?post=10996"},{"taxonomy":"post_tag","embeddable":true,"href":"https:\/\/diaridigital.urv.cat\/es\/wp-json\/wp\/v2\/tags?post=10996"}],"curies":[{"name":"wp","href":"https:\/\/api.w.org\/{rel}","templated":true}]}}