{"id":110593,"date":"2023-06-20T08:42:32","date_gmt":"2023-06-20T06:42:32","guid":{"rendered":"https:\/\/diaridigital.urv.cat\/?p=110593"},"modified":"2023-07-10T08:56:34","modified_gmt":"2023-07-10T06:56:34","slug":"un-libro-aborda-la-investigacion-sobre-los-parques-tematicos-des-de-una-perspectiva-multidisclipinar","status":"publish","type":"post","link":"https:\/\/diaridigital.urv.cat\/es\/un-libro-aborda-la-investigacion-sobre-los-parques-tematicos-des-de-una-perspectiva-multidisclipinar\/","title":{"rendered":"Un libro aborda la investigaci\u00f3n sobre los parques tem\u00e1ticos des de una perspectiva multidisclipinar"},"content":{"rendered":"<p>Abordar el fen\u00f3meno complejo de los parques tem\u00e1ticos desde una perspectiva multidisciplinar en el marco de las ciencias sociales. Este es el objetivo del nuevo libro<em> Key Concepts in Theme Park Studies<\/em>, del cual el profesor de la URV Salvador Anton Clav\u00e9 es uno de los coordinadores.<\/p>\n<p>Se trata de una obra que ha contado con la participaci\u00f3n de trece autores de universidades de diferentes pa\u00edses y que analiza los parques tem\u00e1ticos desde perspectivas diversas como los estudios geogr\u00e1ficos, culturales, antropol\u00f3gicos, muse\u00edsticos, tur\u00edsticos o hist\u00f3ricos. El libro se estructura en 17 cap\u00edtulos que exponen las diferentes dimensiones del fen\u00f3meno: desde la hist\u00f3rica, social y cultural a la empresarial, pasando por el an\u00e1lisis de su estrategia econ\u00f3mica, las caracter\u00edsticas de la industria as\u00ed como la planificaci\u00f3n del espacio y del tiempo, la \u00e9tica, las visiones del mundo que se representan en los parques o las m\u00faltiples metodolog\u00edas que se aplican en su investigaci\u00f3n.<\/p>\n<p>Salvador Anton Clav\u00e9 remarca que los parques tem\u00e1ticos \u00abson un tipo de espacios que generan muchas visitas anuales a nivel mundial y, por tanto, que adquieren una gran importancia a nivel social y cultural\u00bb. Apunta que antes de la pandemia generaban m\u00e1s de 1.100 millones de visitas anuales en todo el mundo. \u00abLas dimensiones y caracter\u00edsticas de la industria son complejas y responden a din\u00e1micas diversas, des de las corporativas a las personales\u00bb, concluye el investigador.<\/p>\n<p>Respecto a la metodolog\u00eda que se aplica para hacer investigaci\u00f3n sobre parques tem\u00e1ticos, el cap\u00edtulo dedicado a esta cuesti\u00f3n se centra en diferentes aspectos. La consulta de archivos, la observaci\u00f3n participante, el an\u00e1lisis del paisaje, el estudio del comportamiento de las personas o el uso de series estad\u00edsticas son algunas de las t\u00e9cnicas utilizadas. \u00abAdem\u00e1s, con el an\u00e1lisis de los cambios de los parques tem\u00e1ticos se pueden comprender tambi\u00e9n transformaciones tecnol\u00f3gicas y culturales de la sociedad a escala global y local\u00bb, ejemplifica. De manera complementaria al estudio de los propios parques, tambi\u00e9n puede plantearse el estudio de su impacto econ\u00f3mico, social, cultural y ambiental sobre el entorno.<\/p>\n<p>Salvador Anton Clav\u00e9 es catedr\u00e1tico de An\u00e1lisis Geogr\u00e1fica Regional, profesor distinguido del Departamento de Geograf\u00eda, director del Grupo de Investigaci\u00f3n en An\u00e1lisis Territorial y Estudios Tur\u00edsticos de la URV y director de investigaci\u00f3n tur\u00edstica de Eurecat-Centro Tecnol\u00f3gico de Catalu\u00f1a. Su investigaci\u00f3n se ha basado en el an\u00e1lisis de la actividad tur\u00edstica y del entretenimiento y de sus efectos en el territorio. Entre sus trabajos relacionados con la tem\u00e1tica hay el libro <em>The Global Theme Park Industry<\/em> (CABI, 2007).<\/p>\n<p>\u00c9l es uno de los coordinadores del libro, junto con los investigadores Florian Freitag, de la Universidad de Duisburg-Essen (Alemania), y Filippo Carl\u00e0-Uhink, de la Universidad de Potsdam (Alemania). El proyecto ha contado con la financaci\u00f3n de la Fundaci\u00f3n Alemana para la Investigaci\u00f3n. El libro ha sido publicado por la editorial acad\u00e9mica <em>Springer<\/em> y presentado recientemente en Catalu\u00f1a en un acto organizado por el Colegio de Ingenieros Industriales el mes de mayo.<\/p>\n<figure id=\"attachment_110544\" aria-labelledby=\"figcaption_attachment_110544\" class=\"wp-caption alignnone\" style=\"width: 1024px\"><a href=\"https:\/\/diaridigital.urv.cat\/wp-content\/uploads\/2023\/06\/4-1.png\"><img loading=\"lazy\" decoding=\"async\" class=\"size-full wp-image-110544\" src=\"https:\/\/diaridigital.urv.cat\/wp-content\/uploads\/2023\/06\/4-1.png\" alt=\"\" width=\"1024\" height=\"768\" srcset=\"https:\/\/diaridigital.urv.cat\/wp-content\/uploads\/2023\/06\/4-1.png 1024w, https:\/\/diaridigital.urv.cat\/wp-content\/uploads\/2023\/06\/4-1-300x225.png 300w, https:\/\/diaridigital.urv.cat\/wp-content\/uploads\/2023\/06\/4-1-768x576.png 768w, https:\/\/diaridigital.urv.cat\/wp-content\/uploads\/2023\/06\/4-1-384x287.png 384w, https:\/\/diaridigital.urv.cat\/wp-content\/uploads\/2023\/06\/4-1-800x600.png 800w\" sizes=\"auto, (max-width: 1024px) 100vw, 1024px\" \/><\/a><figcaption id=\"figcaption_attachment_110544\" class=\"wp-caption-text\">La presentaci\u00f3n del libro se celebr\u00f3 en la sede de los Ingenieros Industriales en Tarragona<\/figcaption><\/figure>\n<h5><strong>En marcha el dise\u00f1o de un nuevo m\u00e1ster internacional<\/strong><\/h5>\n<p>La URV prepara un programa de m\u00e1ster internacional Erasmus Mundus conjunto con la Universidad de Ciencias Aplicadas de Breda (Pa\u00edses Bajos) y la Universidad de la Costa Azul (Francia) en el \u00e1mbito de los parques tem\u00e1ticos y de las atracciones desde la perspectiva de la sostenibilidad. El proyecto cuenta de momento con financiaci\u00f3n del programa Erasmus+ para dise\u00f1ar el programa. Se prev\u00e9 que en el mes de febrero de 2024 se presente a la nueva convocatoria Erasmus+ con el objetivo de obtener apoyo para su implementaci\u00f3n y, si es seleccionado, se pueda cursar a partir del curso 2025-2026. Un master que \u00abquiere ayudar a avanzar hacia un entorno y una sociedad sostenibles\u00bb, explica Anton Clav\u00e9.<\/p>\n<p><strong style=\"font-size: 1rem;\">Referencia bibliogr\u00e1fica: <\/strong><span style=\"font-size: 1rem;\"><em>Key Concepts in Theme Park Studies<\/em>. Florian Freitag, Filippo Carl\u00e0-Uhink y Salvador Anton Clav\u00e9. Springer Cham. 4 Mar 2023. DOI: <\/span><a style=\"font-size: 1rem;\" href=\"https:\/\/doi.org\/10.1007\/978-3-031-11132-7\">https:\/\/doi.org\/10.1007\/978-3-031-11132-7<\/a><\/p>\n","protected":false},"excerpt":{"rendered":"<p>El investigador y director del Grupo de Investigaci\u00f3n de An\u00e1lisis Territorial y Estudios Tur\u00edsticos (GRATET) de la URV, Salvador Anton Clav\u00e9, es uno de los coordinadores de la obra <em>Key Concepts in Theme Park Studies<\/em><\/p>\n","protected":false},"author":141,"featured_media":110543,"comment_status":"open","ping_status":"open","sticky":false,"template":"","format":"standard","meta":{"_acf_changed":false,"footnotes":""},"categories":[3489,256,83,100,123],"tags":[],"class_list":["post-110593","post","type-post","status-publish","format-standard","has-post-thumbnail","hentry","category-geografia-es","category-facultad-turismo-geografia","category-general-es","category-investigacion","category-notas-prensa"],"acf":[],"_links":{"self":[{"href":"https:\/\/diaridigital.urv.cat\/es\/wp-json\/wp\/v2\/posts\/110593","targetHints":{"allow":["GET"]}}],"collection":[{"href":"https:\/\/diaridigital.urv.cat\/es\/wp-json\/wp\/v2\/posts"}],"about":[{"href":"https:\/\/diaridigital.urv.cat\/es\/wp-json\/wp\/v2\/types\/post"}],"author":[{"embeddable":true,"href":"https:\/\/diaridigital.urv.cat\/es\/wp-json\/wp\/v2\/users\/141"}],"replies":[{"embeddable":true,"href":"https:\/\/diaridigital.urv.cat\/es\/wp-json\/wp\/v2\/comments?post=110593"}],"version-history":[{"count":0,"href":"https:\/\/diaridigital.urv.cat\/es\/wp-json\/wp\/v2\/posts\/110593\/revisions"}],"wp:featuredmedia":[{"embeddable":true,"href":"https:\/\/diaridigital.urv.cat\/es\/wp-json\/wp\/v2\/media\/110543"}],"wp:attachment":[{"href":"https:\/\/diaridigital.urv.cat\/es\/wp-json\/wp\/v2\/media?parent=110593"}],"wp:term":[{"taxonomy":"category","embeddable":true,"href":"https:\/\/diaridigital.urv.cat\/es\/wp-json\/wp\/v2\/categories?post=110593"},{"taxonomy":"post_tag","embeddable":true,"href":"https:\/\/diaridigital.urv.cat\/es\/wp-json\/wp\/v2\/tags?post=110593"}],"curies":[{"name":"wp","href":"https:\/\/api.w.org\/{rel}","templated":true}]}}