{"id":113888,"date":"2023-09-16T10:30:52","date_gmt":"2023-09-16T08:30:52","guid":{"rendered":"https:\/\/diaridigital.urv.cat\/?p=113888"},"modified":"2023-09-16T11:26:59","modified_gmt":"2023-09-16T09:26:59","slug":"el-turismo-perjudica-la-cohesion-social-de-las-ciudades-aumenta-las-desigualdades-y-precariza-los-puestos-de-trabajo","status":"publish","type":"post","link":"https:\/\/diaridigital.urv.cat\/es\/el-turismo-perjudica-la-cohesion-social-de-las-ciudades-aumenta-las-desigualdades-y-precariza-los-puestos-de-trabajo\/","title":{"rendered":"El turismo masivo perjudica la cohesi\u00f3n social de las ciudades, aumenta las desigualdades y precariza los puestos de trabajo"},"content":{"rendered":"<p><span data-contrast=\"auto\">Un amplio estudio internacional coordinado por la Universitat Rovira i Virgili ha concluido que la transformaci\u00f3n tur\u00edstica de las ciudades aumenta los riesgos de exclusi\u00f3n social. El proyecto SMARTDEST, impulsado desde el Grupo de Investigaci\u00f3n de An\u00e1lisis Territorial y Estudio Tur\u00edsticos del Departamento de Geograf\u00eda de la URV y con la participaci\u00f3n de doce instituciones de siete pa\u00edses europeos, ha detectado que el turismo agudiza las desigualdades, aumenta la polarizaci\u00f3n y la exclusi\u00f3n residencial, lleva a una movilidad ineficiente y, en definitiva, perjudica la cohesi\u00f3n social y la integraci\u00f3n.\u202f\u00a0\u00a0<\/span><span data-ccp-props=\"{&quot;134233117&quot;:false,&quot;134233118&quot;:false,&quot;201341983&quot;:0,&quot;335551550&quot;:1,&quot;335551620&quot;:1,&quot;335559685&quot;:0,&quot;335559737&quot;:0,&quot;335559738&quot;:0,&quot;335559739&quot;:160,&quot;335559740&quot;:259}\">\u00a0<\/span><\/p>\n<p><span data-contrast=\"auto\">El estudio se ha llevado a cabo durante cuatro a\u00f1os en las ciudades de Barcelona, \u00c1msterdam, Venecia, Lisboa, Jerusal\u00e9n, Tur\u00edn, Edimburgo y Liubliana. El trabajo se ha centrado en el an\u00e1lisis de las formas de exclusi\u00f3n social vinculadas a la transformaci\u00f3n tur\u00edstica de estas ocho ciudades europeas. Se han buscado los causantes, los mecanismos, los sujetos y las consecuencias de problemas como por ejemplo el crecimiento de la precariedad residencial y laboral en la ciudad tur\u00edstica; la transformaci\u00f3n de los entornos de vida, comercios y servicios p\u00fablicos; los conflictos entorno al uso del espacio p\u00fablico y la movilidad urbana; el crecimiento de las infraestructuras de accesibilidad a gran escala y los sistemas de gobernanza y representaci\u00f3n de la ciudadan\u00eda en la toma de decisiones sobre el crecimiento del turismo.\u202f\u00a0<\/span><span data-ccp-props=\"{&quot;201341983&quot;:0,&quot;335559739&quot;:160,&quot;335559740&quot;:259}\">\u00a0<\/span><\/p>\n<figure id=\"attachment_113904\" aria-labelledby=\"figcaption_attachment_113904\" class=\"wp-caption alignnone\" style=\"width: 1024px\"><a href=\"https:\/\/diaridigital.urv.cat\/wp-content\/uploads\/2023\/09\/WhatsApp-Image-2023-09-16-at-10.28.03-1024x768.jpeg\"><img loading=\"lazy\" decoding=\"async\" class=\"wp-image-113904 size-large\" src=\"https:\/\/diaridigital.urv.cat\/wp-content\/uploads\/2023\/09\/WhatsApp-Image-2023-09-16-at-10.28.03-1024x768.jpeg\" alt=\"\" width=\"1024\" height=\"768\" srcset=\"https:\/\/diaridigital.urv.cat\/wp-content\/uploads\/2023\/09\/WhatsApp-Image-2023-09-16-at-10.28.03-1024x768.jpeg 1024w, https:\/\/diaridigital.urv.cat\/wp-content\/uploads\/2023\/09\/WhatsApp-Image-2023-09-16-at-10.28.03-300x225.jpeg 300w, https:\/\/diaridigital.urv.cat\/wp-content\/uploads\/2023\/09\/WhatsApp-Image-2023-09-16-at-10.28.03-768x576.jpeg 768w, https:\/\/diaridigital.urv.cat\/wp-content\/uploads\/2023\/09\/WhatsApp-Image-2023-09-16-at-10.28.03-1536x1152.jpeg 1536w, https:\/\/diaridigital.urv.cat\/wp-content\/uploads\/2023\/09\/WhatsApp-Image-2023-09-16-at-10.28.03-384x287.jpeg 384w, https:\/\/diaridigital.urv.cat\/wp-content\/uploads\/2023\/09\/WhatsApp-Image-2023-09-16-at-10.28.03-800x600.jpeg 800w, https:\/\/diaridigital.urv.cat\/wp-content\/uploads\/2023\/09\/WhatsApp-Image-2023-09-16-at-10.28.03.jpeg 2048w\" sizes=\"auto, (max-width: 1024px) 100vw, 1024px\" \/><\/a><figcaption id=\"figcaption_attachment_113904\" class=\"wp-caption-text\">El coordinador del proyecto, Antonio Paolo Russo, durante la presentaci\u00f3n de los resultados en el <span data-contrast=\"auto\">Centre C\u00edvic Cotxeres de Sants<\/span>.<\/figcaption><\/figure>\n<p><span data-contrast=\"auto\">Adem\u00e1s, teniendo en cuenta que el proyecto empez\u00f3 justo antes de la pandemia, el equipo investigador del estudio ha comprobado como la \u201cinmovilizaci\u00f3n tur\u00edstica de las ciudades ha revelado patrones de\u202fvulnerabilidad frente a la extrema dependencia del turismo\u201d. En este sentido, se abrieron nuevas brechas sociales, sum\u00e1ndose a las que ya exist\u00edan y amplific\u00e1ndose en la fase de vuelta a la normalidad.\u202f\u00a0\u00a0<\/span><span data-ccp-props=\"{&quot;201341983&quot;:0,&quot;335559739&quot;:160,&quot;335559740&quot;:259}\">\u00a0<\/span><\/p>\n<p><span data-contrast=\"auto\">\u201cReconociendo las oportunidades de desarrollo y prosperidad disfrutadas por los destinos, la econom\u00eda tur\u00edstica puede llegar a ser un motor de redistribuci\u00f3n y desigualdad, con impactos sustanciales en la misma composici\u00f3n social de los lugares\u201d, asegura Antonio Paolo Russo, catedr\u00e1tico de la URV y coordinador del proyecto SMARDEST.\u00a0<\/span><span data-ccp-props=\"{&quot;201341983&quot;:0,&quot;335559739&quot;:160,&quot;335559740&quot;:259}\">\u00a0<\/span><\/p>\n<p><span data-contrast=\"auto\">Por ejemplo, el crecimiento de los alquileres tur\u00edsticos de corta duraci\u00f3n se est\u00e1 mostrando como un motor de polarizaci\u00f3n social y exclusi\u00f3n e inestabilidad residencial en todas las \u00e1reas urbanas europeas. En el caso Barcelona, se ha contrastado como la intensificaci\u00f3n de la oferta de viviendas de uso tur\u00edstico produce un alto riesgo para las condiciones residenciales de los colectivos m\u00e1s vulnerables, sobre todo j\u00f3venes, inmigrantes y mujeres con ni\u00f1os.\u202f\u00a0\u00a0<\/span><span data-ccp-props=\"{&quot;201341983&quot;:0,&quot;335559739&quot;:160,&quot;335559740&quot;:259}\">\u00a0<\/span><\/p>\n<figure id=\"attachment_113901\" aria-labelledby=\"figcaption_attachment_113901\" class=\"wp-caption alignnone\" style=\"width: 1024px\"><a href=\"https:\/\/diaridigital.urv.cat\/wp-content\/uploads\/2023\/09\/WhatsApp-Image-2023-09-16-at-10.56.51-1024x768.jpeg\"><img loading=\"lazy\" decoding=\"async\" class=\"wp-image-113901 size-large\" src=\"https:\/\/diaridigital.urv.cat\/wp-content\/uploads\/2023\/09\/WhatsApp-Image-2023-09-16-at-10.56.51-1024x768.jpeg\" alt=\"\" width=\"1024\" height=\"768\" srcset=\"https:\/\/diaridigital.urv.cat\/wp-content\/uploads\/2023\/09\/WhatsApp-Image-2023-09-16-at-10.56.51-1024x768.jpeg 1024w, https:\/\/diaridigital.urv.cat\/wp-content\/uploads\/2023\/09\/WhatsApp-Image-2023-09-16-at-10.56.51-300x225.jpeg 300w, https:\/\/diaridigital.urv.cat\/wp-content\/uploads\/2023\/09\/WhatsApp-Image-2023-09-16-at-10.56.51-768x576.jpeg 768w, https:\/\/diaridigital.urv.cat\/wp-content\/uploads\/2023\/09\/WhatsApp-Image-2023-09-16-at-10.56.51-1536x1152.jpeg 1536w, https:\/\/diaridigital.urv.cat\/wp-content\/uploads\/2023\/09\/WhatsApp-Image-2023-09-16-at-10.56.51-384x287.jpeg 384w, https:\/\/diaridigital.urv.cat\/wp-content\/uploads\/2023\/09\/WhatsApp-Image-2023-09-16-at-10.56.51-800x600.jpeg 800w, https:\/\/diaridigital.urv.cat\/wp-content\/uploads\/2023\/09\/WhatsApp-Image-2023-09-16-at-10.56.51.jpeg 2048w\" sizes=\"auto, (max-width: 1024px) 100vw, 1024px\" \/><\/a><figcaption id=\"figcaption_attachment_113901\" class=\"wp-caption-text\">Imagen de la mesa redonda posterior a la presentaci\u00f3n de los resultados con expertos de diferentes \u00e1mbitos.<\/figcaption><\/figure>\n<p><span data-contrast=\"auto\">Por otro lado, la ocupaci\u00f3n en el sector tur\u00edstico es m\u00e1s precaria que en cualquier otro sector de la econom\u00eda, y sus trabajadores\u202fson los que peor lo tienen para mejorar\u202flas condiciones de vida en la ciudad. \u201cEn Barcelona, los que se han quedado en este sector despu\u00e9s de la crisis de 2008-2014 son el que m\u00e1s probablemente han tenido que mover su residencia fuera de la ciudad, repercutiendo sobre sus vidas, como por ejemplo en cuanto a la conciliaci\u00f3n familiar, la salud, las relaciones sociales&#8230;\u201d, explican los responsables del estudio. En Edimburgo, los trabajadores del mayor festival europeo, con contratos fuertemente temporales, viven una situaci\u00f3n parecida.\u202f\u00a0\u00a0<\/span><\/p>\n<h5><span data-ccp-props=\"{&quot;201341983&quot;:0,&quot;335559739&quot;:160,&quot;335559740&quot;:259}\">Movilidad ineficiente\u00a0<\/span><\/h5>\n<p><span data-contrast=\"auto\">Adem\u00e1s, la gran especializaci\u00f3n tur\u00edstica de los centros hist\u00f3ricos est\u00e1 generando patrones de movilidad ineficiente y socialmente excluyente. En el caso de Venecia, mientras los trabajadores de la econom\u00eda tur\u00edstica de bajo coste tienen que hacer largos desplazamientos desde la periferia, donde tienen que vivir, los residentes que pueden permitirse de mantener su vivienda en el centro de la ciudad son obligados a desplazamientos inversos, puesto que los trabajos de alto valor a\u00f1adido han salido casi del todo de la ciudad hist\u00f3rica. Patrones similares se empiezan a observar en otras muchas ciudades europeas.\u202f\u00a0\u00a0<\/span><span data-ccp-props=\"{&quot;201341983&quot;:0,&quot;335559739&quot;:160,&quot;335559740&quot;:259}\">\u00a0<\/span><\/p>\n<p><span data-contrast=\"auto\">En los barrios de alta presi\u00f3n tur\u00edstica, la transformaci\u00f3n comercial y de los ritmos diarios de consumo que caracterizan la demanda de los turistas y las poblaciones cosmopolitas que suelen alojarse en estos barrios son, tambi\u00e9n, factores de marginalizaci\u00f3n y eventualmente de desplazamiento residencial de las poblaciones aut\u00f3ctonas. En Ciutat Vella (Barcelona), Mis\u00e9ricordia (Lisboa) y los centros hist\u00f3ricos de \u00c1msterdam y Venecia los antiguos residentes pierden acceso a bienes de consumo asequibles, a servicios esenciales, en redes sociales de solidaridad y en espacio p\u00fablico de calidad.\u202f\u202f\u00a0\u00a0<\/span><span data-ccp-props=\"{&quot;201341983&quot;:0,&quot;335559739&quot;:160,&quot;335559740&quot;:259}\">\u00a0<\/span><\/p>\n<p><span data-contrast=\"auto\">El estudio tambi\u00e9n se centra en las poblaciones de estudiantes, que viven estos procesos de transformaci\u00f3n como agentes, puesto que son un colectivo social cosmopolita, m\u00f3vil y con predisposici\u00f3n a animar la vida nocturna de las ciudades universitarias, generando conflictos para el uso del espacio p\u00fablico, y a la vez como sujetos vulnerables frente a la turistificaci\u00f3 de la vivienda y el crecimiento del coste de la vida. En Tur\u00edn, por ejemplo, los intentos de reorganizar la vida estudiantil en unos campus en la periferia urbana han chocado con la composici\u00f3n social de clase trabajadora de estos barrios, produciendo nuevos conflictos de convivencia.\u202f\u202f\u00a0\u00a0<\/span><span data-ccp-props=\"{&quot;201341983&quot;:0,&quot;335559739&quot;:160,&quot;335559740&quot;:259}\">\u00a0<\/span><\/p>\n<p><span data-contrast=\"auto\">En definitiva, seg\u00fan los autores del estudio, el desarrollo tur\u00edstico homog\u00e9neo, estandarizado y centrado en zonas hist\u00f3ricas de las ciudades no favorece la integraci\u00f3n social, sea de peque\u00f1os emprendedores de la econom\u00eda creativa como Liubliana, de j\u00f3venes inmigrantes de las periferias de \u00c1msterdam, o de grupos culturalmente segregados en Jerusal\u00e9n.\u00a0<\/span><span data-ccp-props=\"{&quot;201341983&quot;:0,&quot;335559739&quot;:160,&quot;335559740&quot;:259}\">\u00a0<\/span><\/p>\n<p><span data-contrast=\"auto\">El estudio ha recibido la financiaci\u00f3n del programa H2020, el instrumento marco de investigaci\u00f3n e innovaci\u00f3n de la Uni\u00f3n Europea. Despu\u00e9s de cuatro a\u00f1os de an\u00e1lisis, los resultados del proyecto se han presentado este viernes y este s\u00e1bado en un doble acto en Barcelona: el primero, un seminario acad\u00e9mico titulado \u201cEx\/Inclusi\u00f3n social en la era de las movilidades: cohesi\u00f3n urbana en peligro\u201d y el segundo,\u202fun acontecimiento p\u00fablico (\u201cComunidades locales y pol\u00edtica urbana bajo la presi\u00f3n excluyente de las transformaciones tur\u00edsticas\u201d) en el Centre C\u00edvic Cotxeres de Sants, que ha servido para transferir las ideas del proyecto a las comunidades afectadas, exponer los resultados y abrir v\u00edas de di\u00e1logo y de compromiso con entidades sociales y pol\u00edticas desde el \u00e1mbito europeo hasta el local.<\/span><span data-ccp-props=\"{&quot;201341983&quot;:0,&quot;335559739&quot;:160,&quot;335559740&quot;:259}\">\u00a0<\/span><\/p>\n<p>&nbsp;<\/p>\n<div class=\"video-container\"><iframe loading=\"lazy\" title=\"Paolo Russo (ES)\" width=\"500\" height=\"281\" src=\"https:\/\/www.youtube.com\/embed\/krToARLehME?feature=oembed\" frameborder=\"0\" allow=\"accelerometer; autoplay; clipboard-write; encrypted-media; gyroscope; picture-in-picture; web-share\" referrerpolicy=\"strict-origin-when-cross-origin\" allowfullscreen><\/iframe><\/div>\n","protected":false},"excerpt":{"rendered":"<p>Un estudio coordinado por la URV pone de manifiesto la exclusi\u00f3n social vinculada a la transformaci\u00f3n tur\u00edstica en ocho ciudades europeas, entre las cuales Barcelona\u202f  <\/p>\n","protected":false},"author":145,"featured_media":113884,"comment_status":"open","ping_status":"open","sticky":false,"template":"","format":"standard","meta":{"_acf_changed":false,"footnotes":""},"categories":[102,3489,256,83,4243,123],"tags":[],"class_list":["post-113888","post","type-post","status-publish","format-standard","has-post-thumbnail","hentry","category-comunicacion-ciencia","category-geografia-es","category-facultad-turismo-geografia","category-general-es","category-grupos","category-notas-prensa"],"acf":[],"_links":{"self":[{"href":"https:\/\/diaridigital.urv.cat\/es\/wp-json\/wp\/v2\/posts\/113888","targetHints":{"allow":["GET"]}}],"collection":[{"href":"https:\/\/diaridigital.urv.cat\/es\/wp-json\/wp\/v2\/posts"}],"about":[{"href":"https:\/\/diaridigital.urv.cat\/es\/wp-json\/wp\/v2\/types\/post"}],"author":[{"embeddable":true,"href":"https:\/\/diaridigital.urv.cat\/es\/wp-json\/wp\/v2\/users\/145"}],"replies":[{"embeddable":true,"href":"https:\/\/diaridigital.urv.cat\/es\/wp-json\/wp\/v2\/comments?post=113888"}],"version-history":[{"count":0,"href":"https:\/\/diaridigital.urv.cat\/es\/wp-json\/wp\/v2\/posts\/113888\/revisions"}],"wp:featuredmedia":[{"embeddable":true,"href":"https:\/\/diaridigital.urv.cat\/es\/wp-json\/wp\/v2\/media\/113884"}],"wp:attachment":[{"href":"https:\/\/diaridigital.urv.cat\/es\/wp-json\/wp\/v2\/media?parent=113888"}],"wp:term":[{"taxonomy":"category","embeddable":true,"href":"https:\/\/diaridigital.urv.cat\/es\/wp-json\/wp\/v2\/categories?post=113888"},{"taxonomy":"post_tag","embeddable":true,"href":"https:\/\/diaridigital.urv.cat\/es\/wp-json\/wp\/v2\/tags?post=113888"}],"curies":[{"name":"wp","href":"https:\/\/api.w.org\/{rel}","templated":true}]}}