{"id":114732,"date":"2023-10-02T12:56:53","date_gmt":"2023-10-02T10:56:53","guid":{"rendered":"https:\/\/diaridigital.urv.cat\/?p=114732"},"modified":"2023-10-03T12:57:45","modified_gmt":"2023-10-03T10:57:45","slug":"la-campana-formate-acreditate-empoderate-lleva-el-ano-europeo-de-las-competencias-a-la-urv","status":"publish","type":"post","link":"https:\/\/diaridigital.urv.cat\/es\/la-campana-formate-acreditate-empoderate-lleva-el-ano-europeo-de-las-competencias-a-la-urv\/","title":{"rendered":"La campa\u00f1a \u00abF\u00f3rmate, Acred\u00edtate, Empod\u00e9rate\u00bb lleva el A\u00f1o Europeo de las Competencias a la URV"},"content":{"rendered":"<p>En el marco del A\u00f1o Europeo de las Competencias, el <a href=\"https:\/\/www.crai.urv.cat\/es\/conocer\/crai\/18\/urv-centre-de-documentacio-europea-cde\">Centro de Documentaci\u00f3n Europea de la URV<\/a> junto con <a href=\"https:\/\/europedirect.tarragona.cat\/\">Europe Direct Tarragona<\/a> ponen en marcha la campa\u00f1a \u00abF\u00f3rmate, Acred\u00edtate, Empod\u00e9rate\u00bb que consiste en la distribuci\u00f3n de manteles por las cafeter\u00edas del campus Catalunya, Sescelades y Bellissens. El objetivo es mostrar la necesidad de adquirir nuevas competencias que se ajusten a las demandas del mercado laboral.<\/p>\n<p>En esta campa\u00f1a se quiere poner de relevancia todos los recursos que, desde la Uni\u00f3n Europea, se ofrecen a sus ciudadanos para desarrollar nuevas habilidades, como por ejemplo:<\/p>\n<ul>\n<li><a href=\"https:\/\/year-of-skills.europa.eu\/about\/what-eu-doing-you_es\">What the EU es doing for you<\/a><\/li>\n<li><a href=\"https:\/\/europa.eu\/europass\/es\">Europass<\/a><\/li>\n<li><a href=\"https:\/\/youth.europa.eu\/euaidvolunteers_es\">Voluntarios de Ayuda de la UE<\/a><\/li>\n<li>Trabajar en instituciones europeas:\n<ul>\n<li><a href=\"https:\/\/traineeships.ec.europa.eu\/\">Pr\u00e1cticas en la Comisi\u00f3n Europea<\/a><\/li>\n<li><a href=\"https:\/\/ep-stages.gestmax.eu\/website\/homepage\">Pr\u00e1cticas en el Parlamento Europeo<\/a><\/li>\n<li><a href=\"https:\/\/eu-careers.europa.eu\/es\/job-opportunities\/traineeships\">M\u00e1s pr\u00e1cticas en la UE<\/a><\/li>\n<\/ul>\n<\/li>\n<li><a href=\"https:\/\/erasmus-plus.ec.europa.eu\/\">Erasmus +<\/a><\/li>\n<\/ul>\n<p>El a\u00f1o Europeo de las Competencias es una iniciativa de la Uni\u00f3n Europea que quiere poner de relieve la necesidad de fomentar el aprendizaje continuo y la capacitaci\u00f3n de las personas y las empresas para adaptarse a la transformaci\u00f3n ecol\u00f3gica y digital del mundo.<\/p>\n<p>M\u00e1s informaci\u00f3n sobre la iniciativa en la <a href=\"https:\/\/year-of-skills.europa.eu\/index_es\">p\u00e1gina web de la Uni\u00f3n Europea<\/a>.<\/p>\n","protected":false},"excerpt":{"rendered":"<p>El aprendizaje a lo largo de la vida es esencial para adquirir nuevas habilidades y adaptarse a las nuevas necesidades<\/p>\n","protected":false},"author":92,"featured_media":114702,"comment_status":"open","ping_status":"open","sticky":false,"template":"","format":"standard","meta":{"_acf_changed":false,"footnotes":""},"categories":[90],"tags":[],"class_list":["post-114732","post","type-post","status-publish","format-standard","has-post-thumbnail","hentry","category-crai-es"],"acf":[],"_links":{"self":[{"href":"https:\/\/diaridigital.urv.cat\/es\/wp-json\/wp\/v2\/posts\/114732","targetHints":{"allow":["GET"]}}],"collection":[{"href":"https:\/\/diaridigital.urv.cat\/es\/wp-json\/wp\/v2\/posts"}],"about":[{"href":"https:\/\/diaridigital.urv.cat\/es\/wp-json\/wp\/v2\/types\/post"}],"author":[{"embeddable":true,"href":"https:\/\/diaridigital.urv.cat\/es\/wp-json\/wp\/v2\/users\/92"}],"replies":[{"embeddable":true,"href":"https:\/\/diaridigital.urv.cat\/es\/wp-json\/wp\/v2\/comments?post=114732"}],"version-history":[{"count":0,"href":"https:\/\/diaridigital.urv.cat\/es\/wp-json\/wp\/v2\/posts\/114732\/revisions"}],"wp:featuredmedia":[{"embeddable":true,"href":"https:\/\/diaridigital.urv.cat\/es\/wp-json\/wp\/v2\/media\/114702"}],"wp:attachment":[{"href":"https:\/\/diaridigital.urv.cat\/es\/wp-json\/wp\/v2\/media?parent=114732"}],"wp:term":[{"taxonomy":"category","embeddable":true,"href":"https:\/\/diaridigital.urv.cat\/es\/wp-json\/wp\/v2\/categories?post=114732"},{"taxonomy":"post_tag","embeddable":true,"href":"https:\/\/diaridigital.urv.cat\/es\/wp-json\/wp\/v2\/tags?post=114732"}],"curies":[{"name":"wp","href":"https:\/\/api.w.org\/{rel}","templated":true}]}}