{"id":123881,"date":"2024-05-06T12:44:59","date_gmt":"2024-05-06T10:44:59","guid":{"rendered":"https:\/\/diaridigital.urv.cat\/?p=123881"},"modified":"2024-05-06T12:44:59","modified_gmt":"2024-05-06T10:44:59","slug":"la-violencia-contra-las-mujeres-desde-las-ciencias-de-la-salud-una-obra-que-visibiliza-la-violencia-machista-en-el-ambito-sanitario","status":"publish","type":"post","link":"https:\/\/diaridigital.urv.cat\/es\/la-violencia-contra-las-mujeres-desde-las-ciencias-de-la-salud-una-obra-que-visibiliza-la-violencia-machista-en-el-ambito-sanitario\/","title":{"rendered":"\u00abLa violencia contra las mujeres desde las ciencias de la salud\u00bb, una obra que visibiliza la violencia machista en el \u00e1mbito sanitario"},"content":{"rendered":"<p><em>La violencia contra las mujeres desde las ciencias de la salud<\/em> es un libro coordinado por Elisabet Torrubia P\u00e9rez y Francesc Valls Fonayet, profesorado del Departament de Infermeria de la URV, que tiene como objetivo plasmar el abordaje de la violencia de g\u00e9nero desde las ciencias de la salud. Publicado por la Editorial Tirant Lo Blanch en la colecci\u00f3n Plural, la obra es una iniciativa de la Unitat d\u2019Igualtat de la universidad en el marco del Pacto de Estado contra la Violencia de G\u00e9nero.<\/p>\n<p>Se trata de una obra colectiva construida a partir de los textos de veintid\u00f3s profesionales con amplia experiencia en m\u00faltiples campos (Medicina, Enfermer\u00eda, Salud P\u00fablica, Psicolog\u00eda, Sociolog\u00eda y Antropolog\u00eda) y de todo el Estado espa\u00f1ol. Hecho que ha permitido obtener una cuidada selecci\u00f3n de tem\u00e1ticas que recogen situaciones de violencias espec\u00edficas como la obst\u00e9trica, la mutilaci\u00f3n genital, la violencia contra mujeres adolescentes o con discapacidad, o el impacto de la violencia en la salud mental, entre otros. Tambi\u00e9n se incide en el tratamiento de esta violencia en las ense\u00f1anzas sanitarias, la violencia contra las profesionales de la salud y los retos de la atenci\u00f3n primaria a las v\u00edctimas.<\/p>\n<p>Seg\u00fan la coordinadora de la publicaci\u00f3n Elisabet Torrubia, que es profesora de Enfermer\u00eda en el Campus Terres de l&#8217;Ebre, el libro \u201cquiere ofrecer a la lectora o lector la posibilidad de consultar en una misma obra la variabilidad de presentaciones, factores y abordajes que hay en relaci\u00f3n con la violencia contra las mujeres en nuestro \u00e1mbito\u201d y a\u00f1ade que pretende \u201ccontribuir a la ruptura del imaginario que perpet\u00faa la violencia machista, dotar a los y las sanitarias de una herramienta que les permita nutrirse y aportar nuestro granito de arena para lograr una sociedad m\u00e1s justa, la diligencia debida a las violencias machistas\u201d.<\/p>\n<p>Actualmente, la violencia contra las mujeres es una problem\u00e1tica de gran relevancia y gravedad en nuestra sociedad, que tiene consecuencias evidentes sobre las m\u00faltiples vertientes del bienestar y la salud. La Organizaci\u00f3n Mundial de la Salud considera esta violencia un problema de salud p\u00fablica, al que las instituciones y los profesionales sanitarios se enfrentan a diario.<\/p>\n<p>La obra se plantea no s\u00f3lo como una obra de consulta para sanitarios y sanitarias que quieran profundizar en la tem\u00e1tica, sino tambi\u00e9n como herramienta \u00fatil para el p\u00fablico general. Desde la URV se apuesta por la divulgaci\u00f3n cient\u00edfica y la contribuci\u00f3n a la sociedad con recursos de conocimiento, no s\u00f3lo en el \u00e1mbito sanitario sino tambi\u00e9n en el de las ciencias sociales o el derecho, de los que se han publicado previamente <em>La respuesta del derecho ante la violencia de g\u00e9nero desde un enfoque multidisciplinar<\/em> y <em>La violencia contra las mujeres desde las ciencias sociales. An\u00e1lisis cr\u00edtico y propuestas para su comprensi\u00f3n.<\/em><\/p>\n<p>La publicaci\u00f3n del libro se ha financiado con los fondos del Ministerio de Igualdad, secretar\u00eda de Estado de Igualdad y contra la violencia de g\u00e9nero.<\/p>\n","protected":false},"excerpt":{"rendered":"<p>La obra, coordinada por los investigadores y docentes de la URV Elisabet Torr\u00fabia P\u00e9rez y Francesc Valls Fonayet, analiza la violencia machista desde diferentes vertientes relacionadas con la salud gracias a la participaci\u00f3n de veintid\u00f3s profesionales de m\u00faltiples disciplinas<\/p>\n","protected":false},"author":135,"featured_media":123834,"comment_status":"open","ping_status":"open","sticky":false,"template":"","format":"standard","meta":{"_acf_changed":false,"footnotes":""},"categories":[4148,3475,248,139,123,120],"tags":[],"class_list":["post-123881","post","type-post","status-publish","format-standard","has-post-thumbnail","hentry","category-terres-ebre-es","category-enfermeria","category-facultad-enfermeria","category-igualdad","category-notas-prensa","category-salud"],"acf":[],"_links":{"self":[{"href":"https:\/\/diaridigital.urv.cat\/es\/wp-json\/wp\/v2\/posts\/123881","targetHints":{"allow":["GET"]}}],"collection":[{"href":"https:\/\/diaridigital.urv.cat\/es\/wp-json\/wp\/v2\/posts"}],"about":[{"href":"https:\/\/diaridigital.urv.cat\/es\/wp-json\/wp\/v2\/types\/post"}],"author":[{"embeddable":true,"href":"https:\/\/diaridigital.urv.cat\/es\/wp-json\/wp\/v2\/users\/135"}],"replies":[{"embeddable":true,"href":"https:\/\/diaridigital.urv.cat\/es\/wp-json\/wp\/v2\/comments?post=123881"}],"version-history":[{"count":0,"href":"https:\/\/diaridigital.urv.cat\/es\/wp-json\/wp\/v2\/posts\/123881\/revisions"}],"wp:featuredmedia":[{"embeddable":true,"href":"https:\/\/diaridigital.urv.cat\/es\/wp-json\/wp\/v2\/media\/123834"}],"wp:attachment":[{"href":"https:\/\/diaridigital.urv.cat\/es\/wp-json\/wp\/v2\/media?parent=123881"}],"wp:term":[{"taxonomy":"category","embeddable":true,"href":"https:\/\/diaridigital.urv.cat\/es\/wp-json\/wp\/v2\/categories?post=123881"},{"taxonomy":"post_tag","embeddable":true,"href":"https:\/\/diaridigital.urv.cat\/es\/wp-json\/wp\/v2\/tags?post=123881"}],"curies":[{"name":"wp","href":"https:\/\/api.w.org\/{rel}","templated":true}]}}