{"id":127393,"date":"2024-07-11T14:55:18","date_gmt":"2024-07-11T12:55:18","guid":{"rendered":"https:\/\/diaridigital.urv.cat\/?p=127393"},"modified":"2024-07-12T14:56:35","modified_gmt":"2024-07-12T12:56:35","slug":"acces-universitat-2024","status":"publish","type":"post","link":"https:\/\/diaridigital.urv.cat\/es\/acces-universitat-2024\/","title":{"rendered":"Las notas de corte m\u00e1s altas de la URV son del grado en Medicina y el doble grado en Bioqu\u00edmica y Biolog\u00eda Molecular y Biotecnolog\u00eda"},"content":{"rendered":"<p>Un total de 5.125 futuros universitarios han escogido estudiar en la Universitat Rovira i Virgili (URV) en primera preferencia, lo cual representa 1,38 solicitudes por cada plaza de grado de nuevo acceso que se ofrece, puesto que la URV ofrece un total de 3.725 plazas de nuevo acceso.<\/p>\n<p>Teniendo en cuenta todas las preferencias, 4.430 alumnos han sido asignados a la URV para el pr\u00f3ximo curso 2024-25, incluidos los centros adscritos. Es una cifra pr\u00e1cticamente asimilable a la del curso 2023-24, cuando los alumnos asignados en el primer proceso de asignaci\u00f3n fueron 4.411. El n\u00famero de plazas asignadas es ahora superior a las disponibles porque no se llegan a matricular todos los alumnos y en las siguientes asignaciones se producen movimientos entre grados y universidades.<\/p>\n<p>Se estabiliza as\u00ed la demanda para acceder a la Universidad despu\u00e9s de la recuperaci\u00f3n que se inici\u00f3 el curso 2018-19, como lo est\u00e1 haciendo en todo el sistema universitario debido a la llegada a la edad de acceso a la universidad de los chicos y chicas nacidos a principio de los a\u00f1os 2000. As\u00ed se desprende de los datos que hoy ha hecho p\u00fablicos el Consejo Interuniversitario de Catalunya, que cifra en 57.401 los estudiantes preinscritos en todo el sistema en la convocatoria de junio, 138 m\u00e1s que el curso pasado.<\/p>\n<h5>Las notas de corte<\/h5>\n<p>La nota de admisi\u00f3n es la que se tiene en cuenta para la preinscripci\u00f3n universitaria y puede llegar hasta 14, mientras que la nota de corte es la nota de admisi\u00f3n del \u00faltimo estudiante asignado por el proceso de preinscripci\u00f3n universitaria a una titulaci\u00f3n concreta cuando hay m\u00e1s demanda que oferta de plazas. Por lo tanto, depende directamente del n\u00famero de plazas que ofrece un grado y el n\u00famero de estudiantes que solicitan cursarlo.<\/p>\n<p>En cuanto a los estudios de la URV, Medicina, el doble grado en Bioqu\u00edmica y Biolog\u00eda Molecular y en Biotecnolog\u00eda y el doble grado en Ingenier\u00eda Biom\u00e9dica e Ingenier\u00eda de Sistemas y Servicios de Telecomunicaciones, son las tres ense\u00f1anzas para las cuales hace falta una nota de corte m\u00e1s alta para acceder.<\/p>\n<p>Los grados de Medicina que ofrecen seis de las siete universidades p\u00fablicas de Catalunya, incluida la URV, est\u00e1n entre las diez ense\u00f1anzas con la nota de corte m\u00e1s alta de todo el sistema universitario.<\/p>\n<p>Las diez ense\u00f1anzas con la nota de corte m\u00e1s alta en la URV son los siguientes:<\/p>\n<table style=\"width: 623px; height: 63px;\">\n<thead>\n<tr>\n<th style=\"text-align: center; width: 57.3248%;\">Estudios<\/th>\n<th style=\"text-align: center; width: 42.6752%;\">Nota de corte (PAU y FP)<\/th>\n<\/tr>\n<\/thead>\n<tbody>\n<tr>\n<td width=\"180\">Medicina<\/td>\n<td style=\"text-align: center;\" width=\"104\">12,696<\/td>\n<\/tr>\n<tr>\n<td style=\"text-align: left; width: 57.3248%;\">Doble grado en Bioqu\u00edmica y Biolog\u00eda Molecular\/Biotecnolog\u00eda<\/td>\n<td style=\"text-align: center; width: 42.6752%;\">12,417<\/td>\n<\/tr>\n<tr>\n<td style=\"text-align: left; width: 57.3248%;\">Doble grado Ingenier\u00eda Biom\u00e9dica\/Ingenier\u00eda de Sistemas y Servicios de Telecomunicaciones<\/td>\n<td style=\"text-align: center; width: 42.6752%;\">11,836<\/td>\n<\/tr>\n<tr>\n<td style=\"text-align: left; width: 57.3248%;\">Ingenier\u00eda Matem\u00e1tica y F\u00edsica<\/td>\n<td style=\"text-align: center; width: 42.6752%;\">11,686<\/td>\n<\/tr>\n<tr>\n<td style=\"text-align: left; width: 57.3248%;\">Enfermer\u00eda (Tarragona)<\/td>\n<td style=\"text-align: center; width: 42.6752%;\">11,278<\/td>\n<\/tr>\n<tr>\n<td style=\"text-align: left; width: 57.3248%;\">Bioqu\u00edmica y Biolog\u00eda Molecular<\/td>\n<td style=\"text-align: center; width: 42.6752%;\">10,980<\/td>\n<\/tr>\n<tr>\n<td style=\"text-align: left; width: 57.3248%;\">Enfermer\u00eda (Tortosa)<\/td>\n<td style=\"text-align: center; width: 42.6752%;\">10,957<\/td>\n<\/tr>\n<tr>\n<td style=\"text-align: left; width: 57.3248%;\">Doble grado Administraci\u00f3n y Direcci\u00f3n de Empresas y Finanzas y Contabilidad<\/td>\n<td style=\"text-align: center; width: 42.6752%;\">10,777<\/td>\n<\/tr>\n<tr>\n<td style=\"text-align: left; width: 57.3248%;\">Enfermer\u00eda (El Vendrell)<\/td>\n<td style=\"text-align: center; width: 42.6752%;\">10,754<\/td>\n<\/tr>\n<tr>\n<td style=\"text-align: left; width: 57.3248%;\">Doble grado Biotecnolog\u00eda e Ingenier\u00eda Inform\u00e1tica<\/td>\n<td style=\"text-align: center; width: 42.6752%;\">10,753<\/td>\n<\/tr>\n<\/tbody>\n<\/table>\n<p>La lista completa de la oferta de ense\u00f1anzas de la URV con las respectivas notas de corte para el curso 2024-25 se puede consultar en <a href=\"https:\/\/diaridigital.urv.cat\/wp-content\/uploads\/2024\/07\/20240711_Notes-tall-graus-URV-2024-25.pdf\" target=\"_blank\" rel=\"noopener\">este documento<\/a> por orden de mayor a menor nota y por orden alfab\u00e9tico de las titulaciones.<\/p>\n<h5>Las 10 ense\u00f1anzas m\u00e1s solicitadas en primera preferencia a la URV<\/h5>\n<p>Los estudios que los alumnos han solicitado mayoritariamente en primera preferencia a la URV contin\u00faan siendo del \u00e1mbito de la salud: en primer lugar, Medicina, que tambi\u00e9n es una de las diez ense\u00f1anzas m\u00e1s solicitados en Catalunya; en segundo lugar, Enfermer\u00eda en el campus Catalunya (Tarragona); en tercer lugar, Psicolog\u00eda; en cuarto lugar Enfermer\u00eda en el Campus Terres de l\u2019Ebre (Tortosa), y en quinto lugar, Derecho.<\/p>\n<p>Los diez estudios con m\u00e1s solicitudes en primera preferencia son:<\/p>\n<table style=\"width: 623px; height: 63px;\">\n<tbody>\n<tr>\n<td width=\"180\">\n<p style=\"text-align: center;\"><strong>Estudios y poblaci\u00f3n<\/strong><\/p>\n<\/td>\n<td width=\"104\">\n<p style=\"text-align: center;\"><strong>Solicitudes en 1a preferencia (del total de solicitudes)<\/strong><\/p>\n<\/td>\n<td width=\"104\">\n<p style=\"text-align: center;\"><strong>N\u00famero de plazas<\/strong><\/p>\n<\/td>\n<td width=\"104\">\n<p style=\"text-align: center;\"><strong>N\u00famero de solicitudes en 1a preferencia para cada plaza<\/strong><\/p>\n<\/td>\n<\/tr>\n<tr>\n<td width=\"180\">Medicina<\/td>\n<td style=\"text-align: center;\" width=\"104\">785<\/td>\n<td style=\"text-align: center;\" width=\"104\">130<\/td>\n<td style=\"text-align: center;\" width=\"104\">6.03<\/td>\n<\/tr>\n<tr>\n<td width=\"180\">Enfermer\u00eda (Tarragona)<\/td>\n<td style=\"text-align: center;\" width=\"104\">389<\/td>\n<td style=\"text-align: center;\" width=\"104\">93<\/td>\n<td style=\"text-align: center;\" width=\"104\">4,18<\/td>\n<\/tr>\n<tr>\n<td width=\"180\">Psicolog\u00eda<\/td>\n<td style=\"text-align: center;\" width=\"104\">321<\/td>\n<td style=\"text-align: center;\" width=\"104\">125<\/td>\n<td style=\"text-align: center;\" width=\"104\">2,56<\/td>\n<\/tr>\n<tr>\n<td width=\"180\">Enfermer\u00eda (Tortosa)<\/td>\n<td style=\"text-align: center;\" width=\"104\">261<\/td>\n<td style=\"text-align: center;\" width=\"104\">82<\/td>\n<td style=\"text-align: center;\" width=\"104\">3,18<\/td>\n<\/tr>\n<tr>\n<td width=\"180\">Derecho<\/td>\n<td style=\"text-align: center;\" width=\"104\">189<\/td>\n<td style=\"text-align: center;\" width=\"104\">135<\/td>\n<td style=\"text-align: center;\" width=\"104\">1,4<\/td>\n<\/tr>\n<tr>\n<td width=\"180\">Ingenier\u00eda Inform\u00e1tica<\/td>\n<td style=\"text-align: center;\" width=\"104\">169<\/td>\n<td style=\"text-align: center;\" width=\"104\">110<\/td>\n<td style=\"text-align: center;\" width=\"104\">1,53<\/td>\n<\/tr>\n<tr>\n<td width=\"180\">Administraci\u00f3n y Direcci\u00f3n de Empresas<\/td>\n<td style=\"text-align: center;\" width=\"104\">152<\/td>\n<td style=\"text-align: center;\" width=\"104\">140<\/td>\n<td style=\"text-align: center;\" width=\"104\">1,08<\/td>\n<\/tr>\n<tr>\n<td width=\"180\">Educaci\u00f3n Primaria (Tarragona)<\/td>\n<td style=\"text-align: center;\" width=\"104\">137<\/td>\n<td style=\"text-align: center;\" width=\"104\">80<\/td>\n<td style=\"text-align: center;\" width=\"104\">1,71<\/td>\n<\/tr>\n<tr>\n<td width=\"180\">Fisioterapia<\/td>\n<td style=\"text-align: center;\" width=\"104\">135<\/td>\n<td style=\"text-align: center;\" width=\"104\">80<\/td>\n<td style=\"text-align: center;\" width=\"104\">1,68<\/td>\n<\/tr>\n<tr>\n<td width=\"180\">Ingenier\u00eda Mec\u00e1nica<\/td>\n<td style=\"text-align: center;\" width=\"104\">113<\/td>\n<td style=\"text-align: center;\" width=\"104\">65<\/td>\n<td style=\"text-align: center;\" width=\"104\">1,73<\/td>\n<\/tr>\n<\/tbody>\n<\/table>\n<p>A partir del viernes 12 de julio y hasta el d\u00eda 17 del mismo mes, los estudiantes de primer curso a quien ya se ha asignado plaza en primera preferencia podr\u00e1n hacer la matr\u00edcula en la URV. Los d\u00edas 24 y 25 de julio se podr\u00e1n matricular los que han sido asignados en las otras preferencias. Se puede acceder a la matr\u00edcula y consultar el calendario en la <a href=\"https:\/\/www.urv.cat\/ca\/estudis\/graus\/admissio\/matricula\/\" target=\"_blank\" rel=\"noopener\">web de Admisi\u00f3n y Matr\u00edcula<\/a>.<\/p>\n","protected":false},"excerpt":{"rendered":"<p>La Universitat Rovira i Virgili ha recibido 1,38 solicitudes en primera preferencia por cada plaza que se ofrece. Los cuatro estudios m\u00e1s solicitados son del \u00e1mbito de la salud<\/p>\n","protected":false},"author":54,"featured_media":127372,"comment_status":"open","ping_status":"open","sticky":false,"template":"","format":"standard","meta":{"_acf_changed":false,"footnotes":""},"categories":[87,83,3987,123],"tags":[],"class_list":["post-127393","post","type-post","status-publish","format-standard","has-post-thumbnail","hentry","category-estudiantes","category-general-es","category-grados","category-notas-prensa"],"acf":[],"_links":{"self":[{"href":"https:\/\/diaridigital.urv.cat\/es\/wp-json\/wp\/v2\/posts\/127393","targetHints":{"allow":["GET"]}}],"collection":[{"href":"https:\/\/diaridigital.urv.cat\/es\/wp-json\/wp\/v2\/posts"}],"about":[{"href":"https:\/\/diaridigital.urv.cat\/es\/wp-json\/wp\/v2\/types\/post"}],"author":[{"embeddable":true,"href":"https:\/\/diaridigital.urv.cat\/es\/wp-json\/wp\/v2\/users\/54"}],"replies":[{"embeddable":true,"href":"https:\/\/diaridigital.urv.cat\/es\/wp-json\/wp\/v2\/comments?post=127393"}],"version-history":[{"count":0,"href":"https:\/\/diaridigital.urv.cat\/es\/wp-json\/wp\/v2\/posts\/127393\/revisions"}],"wp:featuredmedia":[{"embeddable":true,"href":"https:\/\/diaridigital.urv.cat\/es\/wp-json\/wp\/v2\/media\/127372"}],"wp:attachment":[{"href":"https:\/\/diaridigital.urv.cat\/es\/wp-json\/wp\/v2\/media?parent=127393"}],"wp:term":[{"taxonomy":"category","embeddable":true,"href":"https:\/\/diaridigital.urv.cat\/es\/wp-json\/wp\/v2\/categories?post=127393"},{"taxonomy":"post_tag","embeddable":true,"href":"https:\/\/diaridigital.urv.cat\/es\/wp-json\/wp\/v2\/tags?post=127393"}],"curies":[{"name":"wp","href":"https:\/\/api.w.org\/{rel}","templated":true}]}}