{"id":127651,"date":"2024-07-22T14:15:01","date_gmt":"2024-07-22T12:15:01","guid":{"rendered":"https:\/\/diaridigital.urv.cat\/?p=127651"},"modified":"2024-07-22T14:15:01","modified_gmt":"2024-07-22T12:15:01","slug":"cuatro-proyectos-de-la-urv-alrededor-de-la-sostenibilidad-y-la-mejora-ambiental-reciben-las-ayudas-r2b","status":"publish","type":"post","link":"https:\/\/diaridigital.urv.cat\/es\/cuatro-proyectos-de-la-urv-alrededor-de-la-sostenibilidad-y-la-mejora-ambiental-reciben-las-ayudas-r2b\/","title":{"rendered":"Cuatro proyectos de la URV alrededor de la sostenibilidad y la mejora ambiental reciben las ayudas R2B"},"content":{"rendered":"<p><span data-contrast=\"none\">La Fundaci\u00f3n URV, en colaboraci\u00f3n con el Consejo Social de la Universitat Rovira i Virgili y el vicerrectorado de Valorizaci\u00f3n del Conocimiento, Transferencia y Empleabilidad, ha concedido las ayudas del programa R2B2024 (Research to Business) a cuatro proyectos de la URV centrados en la sostenibilidad y la mejora de la calidad ambiental. Esta convocatoria, que otorga 10.000 euros a los galardonados, tiene por objetivo poner en valor los conocimientos y las tecnolog\u00edas desarrolladas en\u00a0la URV y ayudar a su conversi\u00f3n en proyectos empresariales para facilitar su acceso al mercado. <\/span><span data-ccp-props=\"{&quot;201341983&quot;:0,&quot;335559739&quot;:160,&quot;335559740&quot;:259}\">\u00a0<\/span><\/p>\n<p><span data-contrast=\"none\">El rector de la URV, Josep Pallar\u00e8s, ha destacado la importancia de hacer llegar el conocimiento a la sociedad, una de las principales misiones de la universidad y que da\u00a0sentido a su funci\u00f3n social. En la misma l\u00ednea, F\u00e8lix Boronat, representante de la Generalitat en el Consejo Social de la URV, ha puesto en valor el trabajo conjunto de los agentes privados y los p\u00fablicos, encabezados por la universidad, para hacer que el conocimiento que se genera en la instituci\u00f3n se transfiera a la ciudadan\u00eda, \u201cenriqueciendo el progreso de la sociedad, haci\u00e9ndola m\u00e1s pr\u00f3spera\u201d. Elena Su\u00f1\u00e9, representante del Centro de Transferencia de Tecnolog\u00eda e innovaci\u00f3n (CTTI), que ha acogido este lunes el acto de entrega de los galardones, ha agradecido el esfuerzo y la iniciativa de los premiados, que a continuaci\u00f3n han explicado los respectivos proyectos. <\/span><span data-ccp-props=\"{&quot;201341983&quot;:0,&quot;335559739&quot;:160,&quot;335559740&quot;:259}\">\u00a0<\/span><\/p>\n<p><span data-contrast=\"none\">\u00a0El investigador Joan Josep Carvajal Mart\u00ed, del Departamento de Qu\u00edmica F\u00edsica e Inorg\u00e1nica, ha desarrollado el prototipo de un dispositivo, denominado \u03bc-Pl\u00e0sTIC, que determina en tiempo real, in situ y en continuo, la medida, la forma, el n\u00famero de part\u00edculas y la composici\u00f3n qu\u00edmica de los micropl\u00e1sticos que se dispersan y contaminan el agua potable, los alimentos y el medio ambiente en general. Este an\u00e1lisis es b\u00e1sico para identificarlos y modificar los procesos industriales para, de este modo, reducir o eliminar la producci\u00f3n. <\/span><span data-ccp-props=\"{&quot;201341983&quot;:0,&quot;335559739&quot;:160,&quot;335559740&quot;:259}\">\u00a0<\/span><span data-contrast=\"none\">\u00a0<\/span><span data-ccp-props=\"{&quot;201341983&quot;:0,&quot;335559739&quot;:160,&quot;335559740&quot;:259}\">\u00a0<\/span><\/p>\n<p><span data-contrast=\"none\">El segundo proyecto, encabezado por el investigador del Departamento de Qu\u00edmica Anal\u00edtica y Qu\u00edmica Org\u00e1nica Omar Boutureira Mart\u00edn, es el desarrollo de una alternativa a los PFAS, o sustancias polifluoroalqu\u00edlicas, que son productos qu\u00edmicos sint\u00e9ticos ampliamente utilizados pero que presentan graves riesgos para la salud y el medio ambiente. Esta alternativa son los compuestos que contienen SF5, que son biodegradables, pero que tienen unos procesos de elaboraci\u00f3n t\u00f3xicos y caros. La tecnolog\u00eda desarrollada en este proyecto agiliza el proceso de s\u00edntesis de estos compuestos y facilita el manejo y la implementaci\u00f3n en varias industrias. <\/span><span data-ccp-props=\"{&quot;201341983&quot;:0,&quot;335559739&quot;:160,&quot;335559740&quot;:259}\">\u00a0<\/span><\/p>\n<figure id=\"attachment_127647\" aria-labelledby=\"figcaption_attachment_127647\" class=\"wp-caption alignnone\" style=\"width: 1024px\"><a href=\"https:\/\/diaridigital.urv.cat\/wp-content\/uploads\/2024\/07\/IMG_1166-scaled.jpg\"><img loading=\"lazy\" decoding=\"async\" class=\"size-large wp-image-127647\" src=\"https:\/\/diaridigital.urv.cat\/wp-content\/uploads\/2024\/07\/IMG_1166-1024x768.jpg\" alt=\"\" width=\"1024\" height=\"768\" srcset=\"https:\/\/diaridigital.urv.cat\/wp-content\/uploads\/2024\/07\/IMG_1166-1024x768.jpg 1024w, https:\/\/diaridigital.urv.cat\/wp-content\/uploads\/2024\/07\/IMG_1166-300x225.jpg 300w, https:\/\/diaridigital.urv.cat\/wp-content\/uploads\/2024\/07\/IMG_1166-768x576.jpg 768w, https:\/\/diaridigital.urv.cat\/wp-content\/uploads\/2024\/07\/IMG_1166-1536x1152.jpg 1536w, https:\/\/diaridigital.urv.cat\/wp-content\/uploads\/2024\/07\/IMG_1166-2048x1536.jpg 2048w, https:\/\/diaridigital.urv.cat\/wp-content\/uploads\/2024\/07\/IMG_1166-384x287.jpg 384w, https:\/\/diaridigital.urv.cat\/wp-content\/uploads\/2024\/07\/IMG_1166-800x600.jpg 800w\" sizes=\"auto, (max-width: 1024px) 100vw, 1024px\" \/><\/a><figcaption id=\"figcaption_attachment_127647\" class=\"wp-caption-text\">Uno de los premiados con las ayudas R2B explica su proyecto<\/figcaption><\/figure>\n<p><span data-contrast=\"none\">Una plataforma de cribado r\u00e1pida, econ\u00f3mica, sostenible y con resultados extrapolables a humanos para identificar y estudiar nuevos compuestos bioactivos para combatir la obesidad y las enfermedades asociadas. Este es el proyecto de Enrique Calvo Manso, del Departamento de Bioqu\u00edmica y Biotecnolog\u00eda, que utilizar\u00e1 como modelo de cribado el gusano nematodo Caenorhabditis elegans, que no presenta las limitaciones \u00e9ticas ni metodol\u00f3gicas de los modelos de mam\u00edferos empleados habitualmente, sobre todo las ratas y los ratones. <\/span><span data-ccp-props=\"{&quot;201341983&quot;:0,&quot;335559739&quot;:160,&quot;335559740&quot;:259}\">\u00a0<\/span><\/p>\n<p><span data-contrast=\"none\">Por \u00faltimo, Joaqu\u00edn Escribano Sub\u00edas, del Departamento de Medicina y Cirug\u00eda, desarrolla ATMOS, un muestreador port\u00e1til y personal para controlar la exposici\u00f3n a t\u00f3xicos atmosf\u00e9ricos. ATMOS monotoriza y caracteriza los contaminantes vol\u00e1tiles y hace una lectura inmediata y continua de la calidad del aire, digitalizando tanto los datos personales de exposici\u00f3n ambiental como el seguimiento de la salud en un dispositivo respetuoso con el medio ambiente y vers\u00e1til. <\/span><span data-ccp-props=\"{&quot;201341983&quot;:0,&quot;335559739&quot;:160,&quot;335559740&quot;:259}\">\u00a0<\/span><\/p>\n<p><span data-contrast=\"none\">El acto tambi\u00e9n ha incluido la presentaci\u00f3n del estado actual de los proyectos ganadores el a\u00f1o pasado, a los cuales la financiaci\u00f3n recibida les ha permitido desarrollarse y crecer comercialmente.\u202fSon una plataforma tecnol\u00f3gica integrada de investigaci\u00f3n en el \u00e1mbito cut\u00e1neo, proyecto liderado por el investigador Miquel Mulero, del Departamento de Bioqu\u00edmica y Biotecnolog\u00eda; el Campus Experimenta, una plataforma de alfabetizaci\u00f3n cient\u00edfica gamificada para ni\u00f1os y ni\u00f1as de 11 a 16 a\u00f1os, de Eva Pocurull, del Departamento de Qu\u00edmica Anal\u00edtica y Qu\u00edmica Org\u00e1nica, y Barbara Vastenavond, del Departamento de Ingenier\u00eda Qu\u00edmica; el proyecto de Albert Samper, de la Escuela T\u00e9cnica Superior de Arquitectura, basado en el an\u00e1lisis geom\u00e9trico de algunos elementos de la obra de Gaud\u00ed para convertirlos en souvenirs, que se venden en el Palau G\u00fcell, y la producci\u00f3n de videos para el aprendizaje del espa\u00f1ol como lengua extranjera, un proyecto de la investigadora\u202fdel Departamento de Filolog\u00edas Rom\u00e1nicas Maria Isabel Gibert.<\/span><\/p>\n","protected":false},"excerpt":{"rendered":"<p>Un dispositivo para identificar micropl\u00e1sticos, compuestos alternativos biodegradables, un modelo de cribado econ\u00f3mico y un medidor de la calidad del aire se benefician de los 10.000 euros de la convocatoria  <\/p>\n","protected":false},"author":145,"featured_media":127646,"comment_status":"open","ping_status":"open","sticky":false,"template":"","format":"standard","meta":{"_acf_changed":false,"footnotes":""},"categories":[106,92,3477,3493,3499,3501,107,243,244,245,254,255,83,123],"tags":[],"class_list":["post-127651","post","type-post","status-publish","format-standard","has-post-thumbnail","hentry","category-centro-transferencia-tecnologia-innovacion","category-consejo-social","category-bioquimica-biotecnologia-es","category-medicina-cirugia","category-quimica-analitica-organica-es","category-departamento-quimica-fisica-inorganica","category-emprendimiento","category-escuela-arquitectura","category-escuela-ingenieria","category-escuela-ingenieria-quimica","category-facultad-medicina","category-facultad-quimica","category-general-es","category-notas-prensa"],"acf":[],"_links":{"self":[{"href":"https:\/\/diaridigital.urv.cat\/es\/wp-json\/wp\/v2\/posts\/127651","targetHints":{"allow":["GET"]}}],"collection":[{"href":"https:\/\/diaridigital.urv.cat\/es\/wp-json\/wp\/v2\/posts"}],"about":[{"href":"https:\/\/diaridigital.urv.cat\/es\/wp-json\/wp\/v2\/types\/post"}],"author":[{"embeddable":true,"href":"https:\/\/diaridigital.urv.cat\/es\/wp-json\/wp\/v2\/users\/145"}],"replies":[{"embeddable":true,"href":"https:\/\/diaridigital.urv.cat\/es\/wp-json\/wp\/v2\/comments?post=127651"}],"version-history":[{"count":0,"href":"https:\/\/diaridigital.urv.cat\/es\/wp-json\/wp\/v2\/posts\/127651\/revisions"}],"wp:featuredmedia":[{"embeddable":true,"href":"https:\/\/diaridigital.urv.cat\/es\/wp-json\/wp\/v2\/media\/127646"}],"wp:attachment":[{"href":"https:\/\/diaridigital.urv.cat\/es\/wp-json\/wp\/v2\/media?parent=127651"}],"wp:term":[{"taxonomy":"category","embeddable":true,"href":"https:\/\/diaridigital.urv.cat\/es\/wp-json\/wp\/v2\/categories?post=127651"},{"taxonomy":"post_tag","embeddable":true,"href":"https:\/\/diaridigital.urv.cat\/es\/wp-json\/wp\/v2\/tags?post=127651"}],"curies":[{"name":"wp","href":"https:\/\/api.w.org\/{rel}","templated":true}]}}