{"id":145410,"date":"2025-11-26T12:23:20","date_gmt":"2025-11-26T11:23:20","guid":{"rendered":"https:\/\/diaridigital.urv.cat\/?p=145410"},"modified":"2025-11-26T12:44:43","modified_gmt":"2025-11-26T11:44:43","slug":"primer-workshop-internacional-insectos","status":"publish","type":"post","link":"https:\/\/diaridigital.urv.cat\/es\/primer-workshop-internacional-insectos\/","title":{"rendered":"Expertos internacionales debaten c\u00f3mo avanzar en la obtenci\u00f3n y aplicaci\u00f3n de prote\u00ednas de insectos"},"content":{"rendered":"<p>Medio centenar de investigadores, investigadoras y representantes de empresas participan estos d\u00edas en el primer workshop internacional dedicado exclusivamente a los insectos como fuente de ingredientes para la alimentaci\u00f3n humana y animal. El encuentro, impulsado por la Universitat Rovira i Virgili (URV), quiere convertirse en un punto de conexi\u00f3n entre grupos de investigaci\u00f3n e industria para acelerar el desarrollo de este sector emergente.<\/p>\n<p>La jornada re\u00fane principalmente a grupos de universidades y centros de investigaci\u00f3n espa\u00f1oles que tienen en marcha proyectos sobre insectos comestibles, pero tambi\u00e9n participantes procedentes de Italia, Uganda, Kenia, Estados Unidos y Chile. \u201cEs la primera vez que se convoca un encuentro tan interdisciplinario, fuera del paraguas de un proyecto espec\u00edfico, lo que nos permitir\u00e1 integrar visiones diversas, identificar sinergias y abrir nuevas v\u00edas de colaboraci\u00f3n\u201d, explica Carme G\u00fcell, investigadora del Departamento de Ingenier\u00eda Qu\u00edmica de la URV y una de las organizadoras del workshop.<\/p>\n<figure id=\"attachment_145446\" aria-labelledby=\"figcaption_attachment_145446\" class=\"wp-caption alignnone\" style=\"width: 1024px\"><a href=\"https:\/\/diaridigital.urv.cat\/wp-content\/uploads\/2025\/11\/IMG_5440-1024x723.jpg\"><img loading=\"lazy\" decoding=\"async\" class=\"size-large wp-image-145446\" src=\"https:\/\/diaridigital.urv.cat\/wp-content\/uploads\/2025\/11\/IMG_5440-1024x723.jpg\" alt=\"\" width=\"1024\" height=\"723\" srcset=\"https:\/\/diaridigital.urv.cat\/wp-content\/uploads\/2025\/11\/IMG_5440-1024x723.jpg 1024w, https:\/\/diaridigital.urv.cat\/wp-content\/uploads\/2025\/11\/IMG_5440-300x212.jpg 300w, https:\/\/diaridigital.urv.cat\/wp-content\/uploads\/2025\/11\/IMG_5440-768x542.jpg 768w, https:\/\/diaridigital.urv.cat\/wp-content\/uploads\/2025\/11\/IMG_5440-1536x1084.jpg 1536w, https:\/\/diaridigital.urv.cat\/wp-content\/uploads\/2025\/11\/IMG_5440.jpg 1920w\" sizes=\"auto, (max-width: 1024px) 100vw, 1024px\" \/><\/a><figcaption id=\"figcaption_attachment_145446\" class=\"wp-caption-text\">Irina Chiriac, investigadora del Leitat Technological Center, durante su intervenci\u00f3n.<\/figcaption><\/figure>\n<p>La conferencia inaugural la ha impartido este martes V.M. Balasubramaniam, profesor de la Universidad de Georgia, que lidera un proyecto financiado por el Departamento de Agricultura de Estados Unidos (USDA) sobre tecnolog\u00edas de extracci\u00f3n de prote\u00ednas de insectos mediante altas presiones. En este proyecto, en el que participa la URV, se estudian las funcionalidades, la mejora de estas prote\u00ednas y las t\u00e9cnicas de an\u00e1lisis r\u00e1pido para garantizar su autenticaci\u00f3n y calidad.<\/p>\n<p>La URV investiga tambi\u00e9n aspectos relacionados como las propiedades bioactivas de la prote\u00edna de insecto y sus posibles aplicaciones en la modulaci\u00f3n de ingesta de alimentos, as\u00ed como las propiedades tecno-funcionales que pueden aportar a productos destinados a consumo humano y animal.<\/p>\n<h5>Participaci\u00f3n acad\u00e9mica e industrial<\/h5>\n<p>Adem\u00e1s de universidades y centros de investigaci\u00f3n, el workshop cuenta con la participaci\u00f3n de diversas empresas del sector, que presentar\u00e1n sus l\u00edneas de trabajo y sus necesidades tecnol\u00f3gicas. Es el caso de la mesa redonda organizada este mi\u00e9rcoles con representantes del mundo empresarial y la investigadora de la URV Silvia de Lamo, que lleva m\u00e1s de dos a\u00f1os contratada por el Departamento de Food Science&amp;Technology de la Ohio State University, en Estados Unidos. La sesi\u00f3n analiza los retos y oportunidades de la industria de los insectos comestibles, centrada en este caso en la alimentaci\u00f3n animal.<\/p>\n<p><a href=\"https:\/\/diaridigital.urv.cat\/wp-content\/uploads\/2025\/11\/IMG_5444-1024x681.jpg\"><img loading=\"lazy\" decoding=\"async\" class=\"alignnone size-large wp-image-145443\" src=\"https:\/\/diaridigital.urv.cat\/wp-content\/uploads\/2025\/11\/IMG_5444-1024x681.jpg\" alt=\"\" width=\"1024\" height=\"681\" srcset=\"https:\/\/diaridigital.urv.cat\/wp-content\/uploads\/2025\/11\/IMG_5444-1024x681.jpg 1024w, https:\/\/diaridigital.urv.cat\/wp-content\/uploads\/2025\/11\/IMG_5444-300x200.jpg 300w, https:\/\/diaridigital.urv.cat\/wp-content\/uploads\/2025\/11\/IMG_5444-768x511.jpg 768w, https:\/\/diaridigital.urv.cat\/wp-content\/uploads\/2025\/11\/IMG_5444-1536x1022.jpg 1536w, https:\/\/diaridigital.urv.cat\/wp-content\/uploads\/2025\/11\/IMG_5444.jpg 1920w\" sizes=\"auto, (max-width: 1024px) 100vw, 1024px\" \/><\/a><\/p>\n<p>El encuentro nace con la voluntad de convertirse en un espacio estable para reforzar la cooperaci\u00f3n entre grupos de investigaci\u00f3n que trabajan en este campo desde perspectivas complementarias -biotecnolog\u00eda, ingenier\u00eda\/tecnolog\u00eda de alimentos, sostenibilidad, nutrici\u00f3n, ciencias animales- y de construir una red de conocimiento que facilite transferencia, innovaci\u00f3n y nuevas propuestas de proyecto.<\/p>\n<p>El inter\u00e9s generado por este encuentro ha puesto de relieve \u00abla necesidad de disponer de un espacio com\u00fan para avanzar en un campo que crece r\u00e1pidamente y que ofrece alternativas sostenibles a las fuentes de prote\u00edna convencionales\u00bb, concluye Carme G\u00fcell.<\/p>\n","protected":false},"excerpt":{"rendered":"<p>Especialistas de centros de investigaci\u00f3n de Espa\u00f1a, Europa, Estados Unidos, \u00c1frica y empresas del sector se encuentran en el primer workshop internacional dedicado a los insectos como ingrediente alimenticio, organizado por la URV<\/p>\n","protected":false},"author":5,"featured_media":145439,"comment_status":"open","ping_status":"open","sticky":false,"template":"","format":"standard","meta":{"_acf_changed":false,"footnotes":""},"categories":[117,102,3467,245,100,123],"tags":[],"class_list":["post-145410","post","type-post","status-publish","format-standard","has-post-thumbnail","hentry","category-ciencia-y-tecnologia","category-comunicacion-ciencia","category-ingenieria-quimica","category-escuela-ingenieria-quimica","category-investigacion","category-notas-prensa"],"acf":[],"_links":{"self":[{"href":"https:\/\/diaridigital.urv.cat\/es\/wp-json\/wp\/v2\/posts\/145410","targetHints":{"allow":["GET"]}}],"collection":[{"href":"https:\/\/diaridigital.urv.cat\/es\/wp-json\/wp\/v2\/posts"}],"about":[{"href":"https:\/\/diaridigital.urv.cat\/es\/wp-json\/wp\/v2\/types\/post"}],"author":[{"embeddable":true,"href":"https:\/\/diaridigital.urv.cat\/es\/wp-json\/wp\/v2\/users\/5"}],"replies":[{"embeddable":true,"href":"https:\/\/diaridigital.urv.cat\/es\/wp-json\/wp\/v2\/comments?post=145410"}],"version-history":[{"count":0,"href":"https:\/\/diaridigital.urv.cat\/es\/wp-json\/wp\/v2\/posts\/145410\/revisions"}],"wp:featuredmedia":[{"embeddable":true,"href":"https:\/\/diaridigital.urv.cat\/es\/wp-json\/wp\/v2\/media\/145439"}],"wp:attachment":[{"href":"https:\/\/diaridigital.urv.cat\/es\/wp-json\/wp\/v2\/media?parent=145410"}],"wp:term":[{"taxonomy":"category","embeddable":true,"href":"https:\/\/diaridigital.urv.cat\/es\/wp-json\/wp\/v2\/categories?post=145410"},{"taxonomy":"post_tag","embeddable":true,"href":"https:\/\/diaridigital.urv.cat\/es\/wp-json\/wp\/v2\/tags?post=145410"}],"curies":[{"name":"wp","href":"https:\/\/api.w.org\/{rel}","templated":true}]}}