{"id":145942,"date":"2025-12-02T13:32:08","date_gmt":"2025-12-02T12:32:08","guid":{"rendered":"https:\/\/diaridigital.urv.cat\/?p=145942"},"modified":"2025-12-02T13:32:08","modified_gmt":"2025-12-02T12:32:08","slug":"asocian-presencia-proteinas-trastorno-psicotico","status":"publish","type":"post","link":"https:\/\/diaridigital.urv.cat\/es\/asocian-presencia-proteinas-trastorno-psicotico\/","title":{"rendered":"Asocian la presencia de unas prote\u00ednas en la sangre con el riesgo de sufrir un trastorno psic\u00f3tico"},"content":{"rendered":"<p>Un equipo de investigaci\u00f3n internacional ha identificado 32 prote\u00ednas en la sangre que est\u00e1n asociadas al riesgo de desarrollar un trastorno psic\u00f3tico. El estudio, desarrollado por personal del \u00e1rea de Salud Mental del CIBER (CIBERSAM), el Hospital Universitario Institut Pere Mata (HUIPM), el Instituto de Investigaci\u00f3n Sanitaria Pere Virgili (IISPV) y la Universitat Rovira i Virgili (URV), se ha publicado recientemente en la revista <em>Brain, Behavior and Immunity \u2013 Health<\/em>. Sus resultados podr\u00edan contribuir, en un futuro, al desarrollo de una herramienta destinada a facilitar la detecci\u00f3n y el diagn\u00f3stico de estas patolog\u00edas.<\/p>\n<p>Los trastornos psic\u00f3ticos afectan a m\u00e1s de un 1% de la poblaci\u00f3n y tienen un impacto profundo en las personas y en su entorno m\u00e1s cercano, tanto a nivel personal como social y econ\u00f3mico. Este tipo de trastornos no tiene una causa \u00fanica y, aunque el riesgo de sufrirlos depende en gran parte de la gen\u00e9tica, factores ambientales como el maltrato durante la infancia, el contexto socioecon\u00f3mico o el consumo de sustancias psicotr\u00f3picas son tambi\u00e9n determinantes. M\u00e1s all\u00e1 de la prevenci\u00f3n de riesgos que se puede hacer promoviendo entornos saludables y factores de protecci\u00f3n, no existe ninguna otra manera de evitar la aparici\u00f3n de estos trastornos. Por ello, en estos casos, la detecci\u00f3n precoz y la intervenci\u00f3n inmediata son claves para minimizar su impacto.<\/p>\n<p>Las prote\u00ednas identificadas podr\u00edan servir para determinar si una persona est\u00e1 en riesgo de desarrollar un trastorno psic\u00f3tico, y tambi\u00e9n para facilitar su diagn\u00f3stico una vez ya se ha manifestado. Algunas de estas prote\u00ednas tambi\u00e9n est\u00e1n asociadas a la gravedad de s\u00edntomas derivados del trastorno, como las alucinaciones, el aislamiento social o la ansiedad. Tambi\u00e9n se relacionan con el funcionamiento cognitivo, es decir, con las tareas \u201cmentales\u201d que lleva a cabo el cerebro, como la capacidad de mantener la atenci\u00f3n, la memoria o el razonamiento. Adem\u00e1s de facilitar la detecci\u00f3n y el diagn\u00f3stico, por tanto, podr\u00edan indicar el alcance de los s\u00edntomas y en qu\u00e9 medida est\u00e1n afectadas las capacidades cognitivas del cerebro.<\/p>\n<p>El estudio ha sido posible gracias a la participaci\u00f3n voluntaria de 182 personas y es el primero en este campo que utiliza <em>Proximity Extension Assay<\/em>, una tecnolog\u00eda que permite medir un gran n\u00famero de prote\u00ednas en muestras tan peque\u00f1as como una gota de sangre. Mart\u00ed Llaurador-Coll, primer autor del art\u00edculo, explica que las prote\u00ednas asociadas al riesgo o presencia de un trastorno psic\u00f3tico est\u00e1n relacionadas principalmente con procesos inflamatorios, de mielinizaci\u00f3n y de proyecci\u00f3n neuronal: \u201cEstos resultados refuerzan la idea de que los trastornos mentales tienen una base biol\u00f3gica compleja y que, en un futuro, la detecci\u00f3n a trav\u00e9s de un simple an\u00e1lisis de sangre podr\u00eda ser una realidad\u201d.<\/p>\n<figure id=\"attachment_145930\" aria-labelledby=\"figcaption_attachment_145930\" class=\"wp-caption alignnone\" style=\"width: 1024px\"><a href=\"https:\/\/diaridigital.urv.cat\/wp-content\/uploads\/2025\/12\/Esquerra-a-dreta-Vanessa-Sanchez-Gistau_Marti-Llaurador-Coll_Elisabet-Vilella1-1024x768.jpg\"><img loading=\"lazy\" decoding=\"async\" class=\"size-large wp-image-145930\" src=\"https:\/\/diaridigital.urv.cat\/wp-content\/uploads\/2025\/12\/Esquerra-a-dreta-Vanessa-Sanchez-Gistau_Marti-Llaurador-Coll_Elisabet-Vilella1-1024x768.jpg\" alt=\"\" width=\"1024\" height=\"768\" srcset=\"https:\/\/diaridigital.urv.cat\/wp-content\/uploads\/2025\/12\/Esquerra-a-dreta-Vanessa-Sanchez-Gistau_Marti-Llaurador-Coll_Elisabet-Vilella1-1024x768.jpg 1024w, https:\/\/diaridigital.urv.cat\/wp-content\/uploads\/2025\/12\/Esquerra-a-dreta-Vanessa-Sanchez-Gistau_Marti-Llaurador-Coll_Elisabet-Vilella1-300x225.jpg 300w, https:\/\/diaridigital.urv.cat\/wp-content\/uploads\/2025\/12\/Esquerra-a-dreta-Vanessa-Sanchez-Gistau_Marti-Llaurador-Coll_Elisabet-Vilella1-768x576.jpg 768w, https:\/\/diaridigital.urv.cat\/wp-content\/uploads\/2025\/12\/Esquerra-a-dreta-Vanessa-Sanchez-Gistau_Marti-Llaurador-Coll_Elisabet-Vilella1-1536x1152.jpg 1536w, https:\/\/diaridigital.urv.cat\/wp-content\/uploads\/2025\/12\/Esquerra-a-dreta-Vanessa-Sanchez-Gistau_Marti-Llaurador-Coll_Elisabet-Vilella1-384x287.jpg 384w, https:\/\/diaridigital.urv.cat\/wp-content\/uploads\/2025\/12\/Esquerra-a-dreta-Vanessa-Sanchez-Gistau_Marti-Llaurador-Coll_Elisabet-Vilella1-800x600.jpg 800w, https:\/\/diaridigital.urv.cat\/wp-content\/uploads\/2025\/12\/Esquerra-a-dreta-Vanessa-Sanchez-Gistau_Marti-Llaurador-Coll_Elisabet-Vilella1.jpg 1920w\" sizes=\"auto, (max-width: 1024px) 100vw, 1024px\" \/><\/a><figcaption id=\"figcaption_attachment_145930\" class=\"wp-caption-text\">De izquierda a derecha: Vanessa S\u00e1nchez-Gistau, Mart\u00ed Llaurador-Coll y Elisabet Vilella.<\/figcaption><\/figure>\n<p>Este estudio se ha llevado a cabo en colaboraci\u00f3n entre los grupos de investigaci\u00f3n Gen\u00e9tica y Ambiente en Psiquiatr\u00eda (HUIPM, IISPV, URV) y Psiconeuroendocrinolog\u00eda y Estr\u00e9s en Psicosis (Instituto de Investigaci\u00f3n e Innovaci\u00f3n Parc Taul\u00ed, Sabadell), ambos miembros del CIBERSAM (Centro de Investigaci\u00f3n Biom\u00e9dica en Red de Salud Mental). Tambi\u00e9n ha participado el grupo <em>Neurochemical pathophysiology and diagnostics<\/em> (Universidad de Gotemburgo \u2013 Hospital Universitario Sahlgrenska, Suecia), en el cual Llaurador-Coll se ha formado en el \u00e1mbito del an\u00e1lisis y la interpretaci\u00f3n de datos prote\u00f3micos.<\/p>\n<p><strong>Referencia: <\/strong>Llaurador-Coll, M., Montalvo, I., Estrada, F., S\u00e1nchez-Gistau, V., Zetterberg, H., Labad, J., Benedet, A. L., &amp; Vilella, E. (2025). Plasma profiles of neurology-related proteins in at-risk mental state and first-episode psychosis: Associations with psychotic symptoms and cognitive performance. <em>Brain, Behavior, &amp; Immunity \u2013 Health<\/em>, 50. doi: 10.1016\/j.bbih.2025.101134.\u00a0 <a href=\"https:\/\/doi.org\/10.1016\/j.bbih.2025.101134\">https:\/\/doi.org\/10.1016\/j.bbih.2025.101134<\/a>.<\/p>\n","protected":false},"excerpt":{"rendered":"<p>Una investigaci\u00f3n con participaci\u00f3n de la URV da el primer paso para desarrollar una herramienta que facilite la detecci\u00f3n y el diagn\u00f3stico precoz de estas patolog\u00edas<\/p>\n","protected":false},"author":139,"featured_media":145936,"comment_status":"open","ping_status":"open","sticky":false,"template":"","format":"standard","meta":{"_acf_changed":false,"footnotes":""},"categories":[83],"tags":[],"class_list":["post-145942","post","type-post","status-publish","format-standard","has-post-thumbnail","hentry","category-general-es"],"acf":[],"_links":{"self":[{"href":"https:\/\/diaridigital.urv.cat\/es\/wp-json\/wp\/v2\/posts\/145942","targetHints":{"allow":["GET"]}}],"collection":[{"href":"https:\/\/diaridigital.urv.cat\/es\/wp-json\/wp\/v2\/posts"}],"about":[{"href":"https:\/\/diaridigital.urv.cat\/es\/wp-json\/wp\/v2\/types\/post"}],"author":[{"embeddable":true,"href":"https:\/\/diaridigital.urv.cat\/es\/wp-json\/wp\/v2\/users\/139"}],"replies":[{"embeddable":true,"href":"https:\/\/diaridigital.urv.cat\/es\/wp-json\/wp\/v2\/comments?post=145942"}],"version-history":[{"count":0,"href":"https:\/\/diaridigital.urv.cat\/es\/wp-json\/wp\/v2\/posts\/145942\/revisions"}],"wp:featuredmedia":[{"embeddable":true,"href":"https:\/\/diaridigital.urv.cat\/es\/wp-json\/wp\/v2\/media\/145936"}],"wp:attachment":[{"href":"https:\/\/diaridigital.urv.cat\/es\/wp-json\/wp\/v2\/media?parent=145942"}],"wp:term":[{"taxonomy":"category","embeddable":true,"href":"https:\/\/diaridigital.urv.cat\/es\/wp-json\/wp\/v2\/categories?post=145942"},{"taxonomy":"post_tag","embeddable":true,"href":"https:\/\/diaridigital.urv.cat\/es\/wp-json\/wp\/v2\/tags?post=145942"}],"curies":[{"name":"wp","href":"https:\/\/api.w.org\/{rel}","templated":true}]}}