{"id":157233,"date":"2026-08-26T11:01:29","date_gmt":"2026-08-26T09:01:29","guid":{"rendered":"https:\/\/diaridigital.urv.cat\/?p=157233"},"modified":"2026-09-01T11:01:49","modified_gmt":"2026-09-01T09:01:49","slug":"duelo-por-la-muerte-de-joan-prat-considerado-uno-de-los-grandes-referentes-de-la-antropologia-moderna","status":"publish","type":"post","link":"https:\/\/diaridigital.urv.cat\/es\/duelo-por-la-muerte-de-joan-prat-considerado-uno-de-los-grandes-referentes-de-la-antropologia-moderna\/","title":{"rendered":"Duelo por la muerte de Joan Prat, considerado uno de los grandes referentes de la antropolog\u00eda moderna"},"content":{"rendered":"<p>El antrop\u00f3logo Joan Prat i Car\u00f3s, catedr\u00e1tico em\u00e9rito de la Universitat Rovira i Virgili, falleci\u00f3 ayer, 25 de agosto de 2026, a la edad de 79 a\u00f1os. Prat fue el fundador del Departamento de Antropolog\u00eda, Filosof\u00eda y Trabajo Social de la URV, donde ejerci\u00f3 una labor docente marcada por la pasi\u00f3n, el compromiso y un magisterio muy apreciado por sus alumnos. Ha sido uno de los pioneros de la antropolog\u00eda moderna y contribuy\u00f3 a hacer de la URV un referente en el Estado en la investigaci\u00f3n en antropolog\u00eda.<\/p>\n<p>Nacido en Celr\u00e0 en el a\u00f1o 1947, se licenci\u00f3 en Filosof\u00eda y se doctor\u00f3 en 1976 en la Universitat de Barcelona. A lo largo de su brillante trayectoria acad\u00e9mica, public\u00f3 m\u00e1s de 200 art\u00edculos cient\u00edficos y 20 libros, con obras de referencia y pioneras como Los nuevos imaginarios culturales (2012) o su \u00faltima recopilaci\u00f3n de textos, La seducci\u00f3n de la antropolog\u00eda. Tambi\u00e9n fue miembro fundador del Institut Catal\u00e0 d\u2019Antropologia y del Institut Tarragon\u00e8s d\u2019Antropologia, y dirigi\u00f3 la revista acad\u00e9mica Arxiu d\u2019Etnografia de Catalunya.<\/p>\n<p>Su excelencia y compromiso con la ciencia fueron reconocidos con la Medalla Narc\u00eds Monturiol de la Generalitat de Catalunya (2003), los nombramientos como Profesor Distinguido (2004) y Profesor Em\u00e9rito (2009) de la URV, y la entrega de la Medalla de Honor de la Xarxa Vives d\u2019Universitats en el a\u00f1o 2021.<\/p>\n<p>Como homenaje a su trayectoria, se puede recuperar su \u00faltima intervenci\u00f3n en el <a href=\"https:\/\/radiociutat.com\/brandedcontent\/compaginades-urv-el-podcast-dels-llibres-universitaris\/compaginades-episodi-5-joan-prat-50-anys-dantropologia-a-la-urv\/\">quinto episodio del p\u00f3dcast <em>Compaginades<\/em> (en catal\u00e1n)<\/a>,\u00a0donde el catedr\u00e1tico repas\u00f3 sus cincuenta a\u00f1os de pasi\u00f3n por la investigaci\u00f3n.<\/p>\n<p>La Universitat Rovira i Virgili lamenta profundamente su p\u00e9rdida y expresa su m\u00e1s sincero p\u00e9same a su familia, amistades y compa\u00f1eros y compa\u00f1eras.<\/p>\n","protected":false},"excerpt":{"rendered":"<p>Catedr\u00e1tico em\u00e9rito de la URV y Medalla Narc\u00eds Monturiol de la Generalitat, ha muerto a los 79 a\u00f1os dejando un legado de m\u00e1s de cinco d\u00e9cadas de docencia e investigaci\u00f3n<\/p>\n","protected":false},"author":54,"featured_media":157190,"comment_status":"closed","ping_status":"closed","sticky":false,"template":"","format":"standard","meta":{"_acf_changed":false,"footnotes":""},"categories":[3503,253,4315,123,121],"tags":[1086],"class_list":["post-157233","post","type-post","status-publish","format-standard","has-post-thumbnail","hentry","category-antropologia-filosofia-trabajo-social","category-facultad-letras","category-iubilo-es","category-notas-prensa","category-sociedad-cultura","tag-duelo"],"acf":[],"_links":{"self":[{"href":"https:\/\/diaridigital.urv.cat\/es\/wp-json\/wp\/v2\/posts\/157233","targetHints":{"allow":["GET"]}}],"collection":[{"href":"https:\/\/diaridigital.urv.cat\/es\/wp-json\/wp\/v2\/posts"}],"about":[{"href":"https:\/\/diaridigital.urv.cat\/es\/wp-json\/wp\/v2\/types\/post"}],"author":[{"embeddable":true,"href":"https:\/\/diaridigital.urv.cat\/es\/wp-json\/wp\/v2\/users\/54"}],"replies":[{"embeddable":true,"href":"https:\/\/diaridigital.urv.cat\/es\/wp-json\/wp\/v2\/comments?post=157233"}],"version-history":[{"count":0,"href":"https:\/\/diaridigital.urv.cat\/es\/wp-json\/wp\/v2\/posts\/157233\/revisions"}],"wp:featuredmedia":[{"embeddable":true,"href":"https:\/\/diaridigital.urv.cat\/es\/wp-json\/wp\/v2\/media\/157190"}],"wp:attachment":[{"href":"https:\/\/diaridigital.urv.cat\/es\/wp-json\/wp\/v2\/media?parent=157233"}],"wp:term":[{"taxonomy":"category","embeddable":true,"href":"https:\/\/diaridigital.urv.cat\/es\/wp-json\/wp\/v2\/categories?post=157233"},{"taxonomy":"post_tag","embeddable":true,"href":"https:\/\/diaridigital.urv.cat\/es\/wp-json\/wp\/v2\/tags?post=157233"}],"curies":[{"name":"wp","href":"https:\/\/api.w.org\/{rel}","templated":true}]}}