{"id":157293,"date":"2026-09-04T09:59:32","date_gmt":"2026-09-04T07:59:32","guid":{"rendered":"https:\/\/diaridigital.urv.cat\/?p=157293"},"modified":"2026-09-04T09:59:32","modified_gmt":"2026-09-04T07:59:32","slug":"el-crai-mostrara-los-servicios-y-recursos-durante-las-jornadas-de-acogida-del-curso-2026-2027","status":"publish","type":"post","link":"https:\/\/diaridigital.urv.cat\/es\/el-crai-mostrara-los-servicios-y-recursos-durante-las-jornadas-de-acogida-del-curso-2026-2027\/","title":{"rendered":"El CRAI mostrar\u00e1 los servicios y recursos durante las jornadas de acogida del curso 2026\/2027"},"content":{"rendered":"<p><span style=\"font-size: 1rem;\">El Centro de Recursos para el Aprendizaje y la Investigaci\u00f3n (CRAI) de la URV participa activamente, como cada a\u00f1o, en las <a href=\"https:\/\/www.urv.cat\/es\/estudios\/grados\/admision\/acogida\/\">jornadas de acogida del estudiantado de nuevo ingreso para el curso 2026\/27<\/a>. El objetivo es dar a conocer su funcionamiento b\u00e1sico y los servicios que ofrece mediante charlas informativas, v\u00eddeos, recursos virtuales y visitas guiadas a todos los CRAI de los campus. Los horarios, el pr\u00e9stamo de documentos y equipamientos, as\u00ed como los servicios y recursos virtuales, son algunas de las cuestiones de inter\u00e9s general para el estudiantado que se explican durante estas jornadas.<\/span><\/p>\n<div>\n<p>En el <a href=\"https:\/\/www.crai.urv.cat\/es\/servicios\/apoyo-aprendizaje\/calendario\/\">calendario de formaci\u00f3n del CRAI<\/a> se pueden consultar las fechas y los horarios de estas jornadas de acogida. Tambi\u00e9n se ha elaborado una<a href=\"https:\/\/urv.libguides.com\/JAENI#\"> gu\u00eda virtual<\/a> con toda la informaci\u00f3n relativa a los servicios y recursos que ofrece el CRAI.<\/p>\n<p>Adem\u00e1s, encontrar\u00e1s el estand del<a href=\"https:\/\/www.crai.urv.cat\/es\/\"> CRAI <\/a>en el Espacio de Bienvenida que tendr\u00e1 lugar el 29 de septiembre, de 12 a 15 h, en la Plaza de la Concordia del <a href=\"https:\/\/www.urv.cat\/es\/vida-campus\/campus\/catalunya\/\">Campus Catalunya<\/a> (Tarragona).<\/p>\n<\/div>\n","protected":false},"excerpt":{"rendered":"<p>Los estudiantes de nuevo ingreso ja pueden consultar las fechas y las horas de las sesiones informativas<\/p>\n","protected":false},"author":182,"featured_media":157289,"comment_status":"closed","ping_status":"closed","sticky":false,"template":"","format":"standard","meta":{"_acf_changed":false,"footnotes":""},"categories":[3533,90,233,85,87,83,250],"tags":[],"class_list":["post-157293","post","type-post","status-publish","format-standard","has-post-thumbnail","hentry","category-ambitos","category-crai-es","category-centros","category-comunidad","category-estudiantes","category-general-es","category-vida-campus-es"],"acf":[],"_links":{"self":[{"href":"https:\/\/diaridigital.urv.cat\/es\/wp-json\/wp\/v2\/posts\/157293","targetHints":{"allow":["GET"]}}],"collection":[{"href":"https:\/\/diaridigital.urv.cat\/es\/wp-json\/wp\/v2\/posts"}],"about":[{"href":"https:\/\/diaridigital.urv.cat\/es\/wp-json\/wp\/v2\/types\/post"}],"author":[{"embeddable":true,"href":"https:\/\/diaridigital.urv.cat\/es\/wp-json\/wp\/v2\/users\/182"}],"replies":[{"embeddable":true,"href":"https:\/\/diaridigital.urv.cat\/es\/wp-json\/wp\/v2\/comments?post=157293"}],"version-history":[{"count":0,"href":"https:\/\/diaridigital.urv.cat\/es\/wp-json\/wp\/v2\/posts\/157293\/revisions"}],"wp:featuredmedia":[{"embeddable":true,"href":"https:\/\/diaridigital.urv.cat\/es\/wp-json\/wp\/v2\/media\/157289"}],"wp:attachment":[{"href":"https:\/\/diaridigital.urv.cat\/es\/wp-json\/wp\/v2\/media?parent=157293"}],"wp:term":[{"taxonomy":"category","embeddable":true,"href":"https:\/\/diaridigital.urv.cat\/es\/wp-json\/wp\/v2\/categories?post=157293"},{"taxonomy":"post_tag","embeddable":true,"href":"https:\/\/diaridigital.urv.cat\/es\/wp-json\/wp\/v2\/tags?post=157293"}],"curies":[{"name":"wp","href":"https:\/\/api.w.org\/{rel}","templated":true}]}}