{"id":35319,"date":"2017-06-06T18:55:43","date_gmt":"2017-06-06T16:55:43","guid":{"rendered":"http:\/\/diaridigital.urv.cat\/?p=35319"},"modified":"2018-02-06T18:59:40","modified_gmt":"2018-02-06T17:59:40","slug":"estudiantes-de-la-urv-asisten-al-encuentro-para-conmemorar-los-30-anos-del-programa-erasmus","status":"publish","type":"post","link":"https:\/\/diaridigital.urv.cat\/es\/estudiantes-de-la-urv-asisten-al-encuentro-para-conmemorar-los-30-anos-del-programa-erasmus\/","title":{"rendered":"Estudiantes de la URV asisten al encuentro para conmemorar los 30 a\u00f1os del programa Erasmus"},"content":{"rendered":"<p>El Aula Magna del Edificio Hist\u00f3rico de la Universidad de Barcelona (UB) acogi\u00f3 el 16 de mayo una jornada con motivo del treinta aniversario del programa Erasmus. El acto lo inaugur\u00f3 el rector de la UB, Joan Elias; el secretario general de Universidades, Jorge S\u00e1inz, y Pablo Mart\u00edn, director del Servicio Espa\u00f1ol para la Internacionalizaci\u00f3n de la Educaci\u00f3n (SEPIE). Los asistentes a las jornadas fueron 125 estudiantes que han participado o participan actualmente en el programa Erasmus y que fueron seleccionados para representar los diferentes perfiles de alumnos que se apuntan al programa. Entre estos estudiantes se encontraba Nat\u00e0lia Hermoso, estudiante del Grado de Derecho de la URV, que hizo una estancia Erasmus en la Universidad de South Wales, Reino Unido, el curso 2014\/15.<\/p>\n<p>Fue un momento \u00fanico en el que a trav\u00e9s de actividades, juegos y discursos se hizo una reflexi\u00f3n conjunta sobre la oportunidad de vivir una experiencia de movilidad en otro pa\u00eds, sobre qu\u00e9 podr\u00eda mejorar y escuchar todo lo que ya ha sido mejorado a lo largo de estos a\u00f1os explicado por algunos de los primeros Erasmus.<\/p>\n<p>Durante el acto de inauguraci\u00f3n, el rector Joan Elias destac\u00f3 que el programa Erasmus tiene dos enfoques: el institucional y el individual. Referente al primero, dijo que el programa ha sido un \u201delemento de modernizaci\u00f3n\u201d de las universidades y constituye una \u201capuesta de futuro\u201d. En cuanto al segundo, remarc\u00f3 el enriquecimiento personal que conlleva la experiencia Erasmus, que \u201crepercute tanto en las instituciones de origen como de acogida de la movilidad\u201d. El secretario general de Universidades afirm\u00f3 que \u201cla movilidad es una parte clave del futuro de nuestra sociedad\u201d y tuvo un recuerdo para las v\u00edctimas del accidente de Freginals en marzo del a\u00f1o pasado. Por su parte, Pablo Mart\u00edn ha se\u00f1alado la importancia de la jornada en Barcelona, en un momento en el que \u201cestamos en la mitad del programa marco actual y es necesario decidir qu\u00e9 se har\u00e1 a partir de 2020\u201d.<\/p>\n","protected":false},"excerpt":{"rendered":"<p>El encuentro en Barcelona fue un intercambio de experiencias personales y acad\u00e9micas adquiridas gracias al programa Erasmus entre los cien estudiantes nacionales e internacionales que participaron<\/p>\n","protected":false},"author":10,"featured_media":30763,"comment_status":"open","ping_status":"open","sticky":false,"template":"","format":"standard","meta":{"_acf_changed":false,"footnotes":""},"categories":[87,197],"tags":[3382,2905],"class_list":["post-35319","post","type-post","status-publish","format-standard","has-post-thumbnail","hentry","category-estudiantes","category-internacional-es","tag-30-aniversario-erasmus","tag-sepie"],"acf":[],"_links":{"self":[{"href":"https:\/\/diaridigital.urv.cat\/es\/wp-json\/wp\/v2\/posts\/35319","targetHints":{"allow":["GET"]}}],"collection":[{"href":"https:\/\/diaridigital.urv.cat\/es\/wp-json\/wp\/v2\/posts"}],"about":[{"href":"https:\/\/diaridigital.urv.cat\/es\/wp-json\/wp\/v2\/types\/post"}],"author":[{"embeddable":true,"href":"https:\/\/diaridigital.urv.cat\/es\/wp-json\/wp\/v2\/users\/10"}],"replies":[{"embeddable":true,"href":"https:\/\/diaridigital.urv.cat\/es\/wp-json\/wp\/v2\/comments?post=35319"}],"version-history":[{"count":0,"href":"https:\/\/diaridigital.urv.cat\/es\/wp-json\/wp\/v2\/posts\/35319\/revisions"}],"wp:featuredmedia":[{"embeddable":true,"href":"https:\/\/diaridigital.urv.cat\/es\/wp-json\/wp\/v2\/media\/30763"}],"wp:attachment":[{"href":"https:\/\/diaridigital.urv.cat\/es\/wp-json\/wp\/v2\/media?parent=35319"}],"wp:term":[{"taxonomy":"category","embeddable":true,"href":"https:\/\/diaridigital.urv.cat\/es\/wp-json\/wp\/v2\/categories?post=35319"},{"taxonomy":"post_tag","embeddable":true,"href":"https:\/\/diaridigital.urv.cat\/es\/wp-json\/wp\/v2\/tags?post=35319"}],"curies":[{"name":"wp","href":"https:\/\/api.w.org\/{rel}","templated":true}]}}