{"id":38649,"date":"2018-01-25T16:35:21","date_gmt":"2018-01-25T15:35:21","guid":{"rendered":"http:\/\/diaridigital.urv.cat\/?p=38649"},"modified":"2018-01-30T16:42:58","modified_gmt":"2018-01-30T15:42:58","slug":"la-interaccion-entre-la-investigacion-y-la-docencia-acreditada-con-calidad-en-estudios-de-la-facultad-de-quimica","status":"publish","type":"post","link":"https:\/\/diaridigital.urv.cat\/es\/la-interaccion-entre-la-investigacion-y-la-docencia-acreditada-con-calidad-en-estudios-de-la-facultad-de-quimica\/","title":{"rendered":"La interacci\u00f3n entre la investigaci\u00f3n y la docencia, acreditada con calidad en estudios de la Facultad de Qu\u00edmica"},"content":{"rendered":"<p><span id=\"result_box\" class=\"\" lang=\"es\" tabindex=\"-1\"><span title=\"El grau de Qu\u00edmica, el grau de Bioqu\u00edmica i Biologia Molecular, el m\u00e0ster en S\u00edntesi, Cat\u00e0lisi i Disseny Molecular i el m\u00e0ster en Nutrici\u00f3 i Metabolisme, que s'imparteixen a la Facultat de Qu\u00edmica de la Universitat Rovira i Virgili, han estat reconeguts per\">El grado de Qu\u00edmica, el grado de Bioqu\u00edmica y Biolog\u00eda Molecular, el m\u00e1ster en S\u00edntesis, Cat\u00e1lisis y Dise\u00f1o Molecular y el m\u00e1ster en Nutrici\u00f3n y Metabolismo, que se imparten en la Facultad de Qu\u00edmica de la Universidad Rovira y Virgili, han sido reconocidos por <\/span><span title=\"AQU Catalunya, l'Ag\u00e8ncia per a la Qualitat del Sistema Universitari de Catalunya, amb el segell que acredita l'assoliment de la dimensi\u00f3 addicional &quot;Interacci\u00f3 entre la recerca i la doc\u00e8ncia&quot; amb la menci\u00f3 \u201cAmb qualitat\u201d. \">AQU Catalunya, la Agencia para la Calidad del Sistema Universitario de Catalu\u00f1a, con el sello que acredita el logro de la dimensi\u00f3n adicional \u00abInteracci\u00f3n entre la investigaci\u00f3n y la docencia\u00bb con la menci\u00f3n \u00abcon calidad\u00bb.<\/span><\/span><\/p>\n<p><span title=\"Ambd\u00f3s graus i m\u00e0sters s\u00f3n els \u00fanics a tota Catalunya en aquestes especialitats que han acreditat aquesta dimensi\u00f3 addicional que s'obt\u00e9, segons AQU Catalunya, quan la instituci\u00f3 &quot;promou activament que els programes de formaci\u00f3 incorporin la recerca que el professorat desenvolupa en aquella disciplina per\">Ambos grados y m\u00e1steres son los \u00fanicos en toda Catalu\u00f1a en estas especialidades que han acreditado esta dimensi\u00f3n adicional que se obtiene, seg\u00fan AQU Catalunya, cuando la instituci\u00f3n \u00abpromueve activamente que los programas de formaci\u00f3n incorporen la investigaci\u00f3n que el profesorado desarrolla en esa disciplina para <\/span><span title=\"millorar l'aprenentatge i els resultats dels estudiants&quot;.\">mejorar el aprendizaje y los resultados de los estudiantes \u00ab. <\/span><span title=\"Aix\u00ed, a banda de la qualitat cient\u00edfica del professorat, s'analitza com aquesta recerca es visualitza en l'orientaci\u00f3, l'estructura i el contingut del curr\u00edculum formatiu, el proc\u00e9s d'ensenyament i la implicaci\u00f3 dels estudiants en els projectes de recerca,\">As\u00ed, adem\u00e1s de la calidad cient\u00edfica del profesorado, se analiza c\u00f3mo esta investigaci\u00f3n se visualiza en la orientaci\u00f3n, la estructura y el contenido del curr\u00edculo formativo, el proceso de ense\u00f1anza y la implicaci\u00f3n de los estudiantes en los proyectos de investigaci\u00f3n, <\/span><span title=\"d'acord amb el seu nivell de formaci\u00f3.\">de acuerdo con su nivel de formaci\u00f3n.<\/span><\/p>\n<p><span id=\"result_box\" class=\"\" lang=\"es\" tabindex=\"-1\"><span title=\"Els avaluadors externs han destacat l\u2019acc\u00e9s dels estudiants a les infraestructures de recerca de la Universitat, el fet que els programes formatius tenen un enfocament que inicia els estudiants en la recerca, que els seus continguts estan actualitzats cient\u00edficament;\">Los evaluadores externos han destacado el acceso de los estudiantes a las infraestructuras de investigaci\u00f3n de la Universidad, el hecho de que los programas formativos tienen un enfoque que inicia a los estudiantes en la investigaci\u00f3n, que sus contenidos est\u00e1n actualizados cient\u00edficamente; <\/span><span title=\"i que pr\u00e0cticament tot el professorat que imparteix doc\u00e8ncia en aquestes titulacions forma part de grups de recerca consolidats, participant activament en projectes de recerca competitius. \">y que pr\u00e1cticamente todo el profesorado que imparte docencia en estas titulaciones forma parte de grupos de investigaci\u00f3n consolidados, que participan activamente en proyectos de investigaci\u00f3n competitivos.<\/span><\/span><\/p>\n<p><span title=\"L\u2019acreditaci\u00f3 positiva de la dimensi\u00f3 addicional &quot;Interacci\u00f3 entre la recerca i la doc\u00e8ncia&quot; d\u2019aquests t\u00edtols del centre s\u2019afegeix al segell d\u2019acreditaci\u00f3, pr\u00e8viament aconseguit en ser avaluats pel procediment habitual d\u2019acreditaci\u00f3 de t\u00edtols d\u2019AQU Catalunya.\">La acreditaci\u00f3n positiva de la dimensi\u00f3n adicional \u00abInteracci\u00f3n entre la investigaci\u00f3n y la docencia\u00bb de estos t\u00edtulos del centro se a\u00f1ade al sello de acreditaci\u00f3n, previamente conseguido al ser evaluados por el procedimiento habitual de acreditaci\u00f3n de t\u00edtulos de AQU Catalunya. <\/span><span title=\"Aix\u00ed, el grau de Qu\u00edmica, el grau de Bioqu\u00edmica i Biologia Molecular i el m\u00e0ster en S\u00edntesi, Cat\u00e0lisi i Disseny Molecular van obtenir la m\u00e0xima qualificaci\u00f3 \u201cAcreditat amb excel\u00b7l\u00e8ncia&quot;, i el m\u00e0ster en Nutrici\u00f3 i Metabolisme va obtenir la qualificaci\u00f3 d'\">As\u00ed, el grado de Qu\u00edmica, el grado de Bioqu\u00edmica y Biolog\u00eda Molecular y el m\u00e1ster en S\u00edntesis, Cat\u00e1lisis y Dise\u00f1o Molecular obtuvieron la m\u00e1xima calificaci\u00f3n \u00abAcreditado con excelencia\u00bb, y el m\u00e1ster en Nutrici\u00f3n y Metabolismo obtuvo la calificaci\u00f3n de <\/span><span title=\"\u201cAcreditat\u201d, assolint amb qualitat 4 dels 6 est\u00e0ndards avaluats.\">\u00abAcreditado\u00bb, logrando con calidad 4 de los 6 est\u00e1ndares evaluados.<\/span><\/p>\n","protected":false},"excerpt":{"rendered":"<p>AQU Catalunya ha acreditado el logro con la m\u00e1xima calificaci\u00f3n de esta dimensi\u00f3n adicional en dos grados y dos m\u00e1steres del centro<\/p>\n","protected":false},"author":122,"featured_media":38349,"comment_status":"closed","ping_status":"closed","sticky":false,"template":"","format":"standard","meta":{"_acf_changed":false,"footnotes":""},"categories":[117,91,255,123],"tags":[1500,3919,3918],"class_list":["post-38649","post","type-post","status-publish","format-standard","has-post-thumbnail","hentry","category-ciencia-y-tecnologia","category-docencia-es","category-facultad-quimica","category-notas-prensa","tag-aqu-catalunya-es","tag-calidad-docente","tag-estudios"],"acf":[],"_links":{"self":[{"href":"https:\/\/diaridigital.urv.cat\/es\/wp-json\/wp\/v2\/posts\/38649","targetHints":{"allow":["GET"]}}],"collection":[{"href":"https:\/\/diaridigital.urv.cat\/es\/wp-json\/wp\/v2\/posts"}],"about":[{"href":"https:\/\/diaridigital.urv.cat\/es\/wp-json\/wp\/v2\/types\/post"}],"author":[{"embeddable":true,"href":"https:\/\/diaridigital.urv.cat\/es\/wp-json\/wp\/v2\/users\/122"}],"replies":[{"embeddable":true,"href":"https:\/\/diaridigital.urv.cat\/es\/wp-json\/wp\/v2\/comments?post=38649"}],"version-history":[{"count":0,"href":"https:\/\/diaridigital.urv.cat\/es\/wp-json\/wp\/v2\/posts\/38649\/revisions"}],"wp:featuredmedia":[{"embeddable":true,"href":"https:\/\/diaridigital.urv.cat\/es\/wp-json\/wp\/v2\/media\/38349"}],"wp:attachment":[{"href":"https:\/\/diaridigital.urv.cat\/es\/wp-json\/wp\/v2\/media?parent=38649"}],"wp:term":[{"taxonomy":"category","embeddable":true,"href":"https:\/\/diaridigital.urv.cat\/es\/wp-json\/wp\/v2\/categories?post=38649"},{"taxonomy":"post_tag","embeddable":true,"href":"https:\/\/diaridigital.urv.cat\/es\/wp-json\/wp\/v2\/tags?post=38649"}],"curies":[{"name":"wp","href":"https:\/\/api.w.org\/{rel}","templated":true}]}}