{"id":40395,"date":"2018-03-07T12:31:32","date_gmt":"2018-03-07T11:31:32","guid":{"rendered":"http:\/\/diaridigital.urv.cat\/?p=40395"},"modified":"2018-03-07T18:52:28","modified_gmt":"2018-03-07T17:52:28","slug":"desarrollan-sistema-sin-cables-monitorizar-calidad-sueno","status":"publish","type":"post","link":"https:\/\/diaridigital.urv.cat\/es\/desarrollan-sistema-sin-cables-monitorizar-calidad-sueno\/","title":{"rendered":"Desarrollan un sistema sin cables para monitorizar la calidad del sue\u00f1o"},"content":{"rendered":"<p>La apnea es uno de los trastornos del sue\u00f1o m\u00e1s frecuentes. Se caracteriza por los ceses repetidos del flujo respiratorio durante el sue\u00f1o, una interrupci\u00f3n repentina de la respiraci\u00f3n que se calcula que afecta aproximadamente a un 4% de la poblaci\u00f3n. Investigadores del grupo NePhoS de la URV han dise\u00f1ado un sistema para analizar los par\u00e1metros del sue\u00f1o de manera menos invasiva que los sistemas actuales hospitalarios, ya que lo hace a trav\u00e9s de un sensor que, en contacto con el cuerpo, transmite la informaci\u00f3n de forma inal\u00e1mbrica. No sustituye la diagnosis hospitalaria, pero s\u00ed permite hacer una criba previa de los pacientes y evita que los que no sufren este trastorno tengan que desplazarse al hospital para hacerse las pruebas <em>in situ<\/em> durante la noche.<\/p>\n<p>Se trata de un sistema integrado que contiene un microcontrolador de bajo consumo, un sensor comercial \u2013un magnet\u00f3metro como el que encontrar\u00edamos en cualquier m\u00f3vil- que detecta los movimientos de la respiraci\u00f3n al colocarlo sobre el cuerpo, con un algoritmo de procesado integrado. Este algoritmo desarrollado por los investigadores garantiza un consumo muy bajo de la bater\u00eda, porque se env\u00edan los datos ya procesados. Por este motivo, las transmisiones son muy puntuales, no continuadas. Este prototipo env\u00eda la informaci\u00f3n al tel\u00e9fono m\u00f3vil mediante un enlace Bluetooth y, de all\u00ed, se sube a la nube y se almacena en una base de datos que podr\u00eda consultar un m\u00e9dico para valorar si realmente el usuario sufre de apneas del sue\u00f1o.<\/p>\n<p>Adem\u00e1s de los par\u00e1metros asociados a la respiraci\u00f3n, tambi\u00e9n se detecta el movimiento de la persona. Con otro sensor, un aceler\u00f3metro, se determinan movimientos repentinos mientras el paciente est\u00e1 durmiendo y as\u00ed se puede estimar la calidad del sue\u00f1o de manera similar a c\u00f3mo lo hacen otros dispositivos comerciales, pero que no miden la respiraci\u00f3n.<\/p>\n<p>La informaci\u00f3n que se env\u00eda procesada hace referencia al n\u00famero de respiraciones por minuto, el n\u00famero de apneas y su duraci\u00f3n. Por ahora, con los sistemas existentes, el m\u00e9dico tiene que procesar los datos sin tratar, mientras que, con este sistema, dispone de indicadores finales que le permiten hacer un an\u00e1lisis m\u00e1s preciso para hacer la criba y decidir si la persona necesita m\u00e1s pruebas. No es un sistema de diagnosis, pero s\u00ed permite seleccionar qui\u00e9n necesita pasar a la fase de diagn\u00f3stico hospitalario y descartar al resto. Se trata de una monitorizaci\u00f3n domiciliaria que permite descongestionar la sanidad.<\/p>\n<p>El mismo prototipo, con peque\u00f1as modificaciones, se podr\u00eda integrar en los cinturones de seguridad de los veh\u00edculos como sistema de aviso cuando baja el ritmo de la respiraci\u00f3n, cosa que podr\u00eda indicar somnolencia, por ejemplo. Solo habr\u00eda que incluir alg\u00fan mecanismo en el sistema para compensar la influencia del movimiento del coche.<\/p>\n<p>La investigaci\u00f3n que ahora se publica forma parte del proyecto europeo H2020 \u201cEmergent. ChiplEss MultisEnsor Rfid for Green NeTworks\u201d. Coordinado por la Universidad de Pisa, el proyecto cuenta con la participaci\u00f3n de empresas con las que la universidad hace intercambios.<\/p>\n<p><span style=\"font-size: 1rem;\">Este trabajo lo han realizado los investigadores de la URV Stefano Milici, doctorando de la Universidad que form\u00f3 parte de la investigaci\u00f3n durante su estancia en la empresa Cubitlab; y Antoni L\u00e1zaro, Ramon Villarino y David Girbau, del grupo de investigaci\u00f3n NePhoS (Sistemas Nanoelectr\u00f3nicos y Fot\u00f3nicos), del Departamento de Ingenier\u00eda Electr\u00f3nica, El\u00e9ctrica y Autom\u00e1tica de la URV.<\/span><\/p>\n<p><strong>Referencia bibliogr\u00e1fica:<\/strong> S. Milici, A. L\u00e1zaro, R. Villarino, D. Girbau and M. Magnarosa, \u00abWireless Wearable Magnetometer-Based Sensor for Sleep Quality Monitoring,\u00bb in <em>IEEE Sensors Journal<\/em>, vol. 18, no. 5, pp. 2145-2152, March1, 1 2018. doi: 10.1109\/JSEN.2018.2791400<\/p>\n","protected":false},"excerpt":{"rendered":"<p>Investigadores de la URV han dise\u00f1ado un prototipo integrado y de bajo consumo que permite detectar las apneas y la calidad del sue\u00f1o y env\u00eda los datos procesados a una base de datos a trav\u00e9s del tel\u00e9fono m\u00f3vil<\/p>\n","protected":false},"author":4,"featured_media":40397,"comment_status":"open","ping_status":"open","sticky":false,"template":"","format":"standard","meta":{"_acf_changed":false,"footnotes":""},"categories":[117,102,3458,244,83,100,123,120],"tags":[],"class_list":["post-40395","post","type-post","status-publish","format-standard","has-post-thumbnail","hentry","category-ciencia-y-tecnologia","category-comunicacion-ciencia","category-ingenieria-electronica-electrica-automatica","category-escuela-ingenieria","category-general-es","category-investigacion","category-notas-prensa","category-salud"],"acf":[],"_links":{"self":[{"href":"https:\/\/diaridigital.urv.cat\/es\/wp-json\/wp\/v2\/posts\/40395","targetHints":{"allow":["GET"]}}],"collection":[{"href":"https:\/\/diaridigital.urv.cat\/es\/wp-json\/wp\/v2\/posts"}],"about":[{"href":"https:\/\/diaridigital.urv.cat\/es\/wp-json\/wp\/v2\/types\/post"}],"author":[{"embeddable":true,"href":"https:\/\/diaridigital.urv.cat\/es\/wp-json\/wp\/v2\/users\/4"}],"replies":[{"embeddable":true,"href":"https:\/\/diaridigital.urv.cat\/es\/wp-json\/wp\/v2\/comments?post=40395"}],"version-history":[{"count":0,"href":"https:\/\/diaridigital.urv.cat\/es\/wp-json\/wp\/v2\/posts\/40395\/revisions"}],"wp:featuredmedia":[{"embeddable":true,"href":"https:\/\/diaridigital.urv.cat\/es\/wp-json\/wp\/v2\/media\/40397"}],"wp:attachment":[{"href":"https:\/\/diaridigital.urv.cat\/es\/wp-json\/wp\/v2\/media?parent=40395"}],"wp:term":[{"taxonomy":"category","embeddable":true,"href":"https:\/\/diaridigital.urv.cat\/es\/wp-json\/wp\/v2\/categories?post=40395"},{"taxonomy":"post_tag","embeddable":true,"href":"https:\/\/diaridigital.urv.cat\/es\/wp-json\/wp\/v2\/tags?post=40395"}],"curies":[{"name":"wp","href":"https:\/\/api.w.org\/{rel}","templated":true}]}}