{"id":41808,"date":"2018-03-20T18:30:21","date_gmt":"2018-03-20T17:30:21","guid":{"rendered":"http:\/\/diaridigital.urv.cat\/?p=41808"},"modified":"2018-03-23T13:15:22","modified_gmt":"2018-03-23T12:15:22","slug":"comienzan-las-obras-de-la-nueva-facultad-de-ciencias-de-la-educacion-y-psicologia","status":"publish","type":"post","link":"https:\/\/diaridigital.urv.cat\/es\/comienzan-las-obras-de-la-nueva-facultad-de-ciencias-de-la-educacion-y-psicologia\/","title":{"rendered":"Comienzan las obras de la nueva Facultad de Ciencias de la Educaci\u00f3n y Psicolog\u00eda"},"content":{"rendered":"<p>Despu\u00e9s de a\u00f1os de retraso, y tal como acord\u00f3 el Consejo de Gobierno hace un a\u00f1o, han comenzado las obras de la nueva Facultad de Ciencias de la Educaci\u00f3n y Psicolog\u00eda (FCEP) en el campus Catalunya de Tarragona, a cargo de la constructora Calaf. El centro dejar\u00e1 los viejos edificios que ocupa ahora en el campus Sescelades de la ciudad, y se trasladar\u00e1 al lado de las facultades de Letras, Jur\u00eddicas y Enfermer\u00eda. En este curso, la FCEP cuenta con 2.207 estudiantes de grado.<\/p>\n<p>Se construir\u00e1 la prolongaci\u00f3n del edificio del aulario, distribuido en siete plantas, incluida la subterr\u00e1nea. La primera fase de las obras comprende el movimiento de tierras y los trabajos bajo tierra para los fundamentos y para la planta subterr\u00e1nea. En la visita de obras realizada hoy, el arquitecto Xavier Ruscalleda, que junto con Ignacio S\u00e1nchez y Barto Busom, de RGA Arquitectes, firman la autor\u00eda del proyecto, ha explicado que el nuevo edificio sigue la estructura y la est\u00e9tica del existente, mejorando la construcci\u00f3n con materiales nuevos m\u00e1s ligeros y aislantes, mejorando la eficiencia energ\u00e9tica y dise\u00f1ando en su interior espacios m\u00e1s grandes que puedan ser polivalentes. \u201cLos universitarios, como usuarios, est\u00e1n contentos con el comportamiento de los edificios del campus y tenemos que continuar en esta l\u00ednea\u201d, ha dicho.<\/p>\n<p>Las obras del edificio del aulario se har\u00e1n en tres fases, y la URV dispone de los 7M\u20ac necesarios para hacerlas. La cuarta fase de las obras constituir\u00e1 la construcci\u00f3n de un nuevo edificio, que cierre el edificio actual de despachos de profesores y seminarios de las tres facultades existentes en el campus, que tiene la fachada en la Avenida Catalunya. En este edificio se situar\u00edan los despachos de los profesores de la FCEP, y para esta fase, la URV quiere contar con la financiaci\u00f3n de la Generalitat, de 3,5M\u20ac.<\/p>\n<figure id=\"attachment_41600\" aria-labelledby=\"figcaption_attachment_41600\" class=\"wp-caption alignnone\" style=\"width: 1024px\"><a href=\"http:\/\/diaridigital.urv.cat\/wp-content\/uploads\/2018\/03\/visitaobresfcep18.jpg\"><img loading=\"lazy\" decoding=\"async\" class=\"wp-image-41600 size-large\" src=\"http:\/\/diaridigital.urv.cat\/wp-content\/uploads\/2018\/03\/visitaobresfcep18-1024x625.jpg\" alt=\"\" width=\"1024\" height=\"625\" srcset=\"https:\/\/diaridigital.urv.cat\/wp-content\/uploads\/2018\/03\/visitaobresfcep18-1024x625.jpg 1024w, https:\/\/diaridigital.urv.cat\/wp-content\/uploads\/2018\/03\/visitaobresfcep18-300x183.jpg 300w, https:\/\/diaridigital.urv.cat\/wp-content\/uploads\/2018\/03\/visitaobresfcep18-768x469.jpg 768w\" sizes=\"auto, (max-width: 1024px) 100vw, 1024px\" \/><\/a><figcaption id=\"figcaption_attachment_41600\" class=\"wp-caption-text\">El rector atendiendo a los medios de comunicaci\u00f3n ante el panel del proyecto arquitect\u00f3nico.<\/figcaption><\/figure>\n<p>El rector de la URV, Josep Anton Ferr\u00e9, ha reivindicado la vuelta del Plan de Inversiones Universitario de la Generalitat, que se desactiv\u00f3 el a\u00f1o 2011 y que es necesario para ofrecer un buen servicio a la sociedad.<\/p>\n","protected":false},"excerpt":{"rendered":"<p>A mediados de marzo se inici\u00f3 la primera fase de las obras en el campus Catalunya, con el movimiento de tierras. Se prev\u00e9 que el nuevo centro pueda entrar en funcionamiento en septiembre del 2020 o del 2021<\/p>\n","protected":false},"author":54,"featured_media":41598,"comment_status":"open","ping_status":"open","sticky":false,"template":"","format":"standard","meta":{"_acf_changed":false,"footnotes":""},"categories":[4136,85,251,123,121],"tags":[4043],"class_list":["post-41808","post","type-post","status-publish","format-standard","has-post-thumbnail","hentry","category-catalunya-es","category-comunidad","category-facultad-educacion-psicologia","category-notas-prensa","category-sociedad-cultura","tag-obras"],"acf":[],"_links":{"self":[{"href":"https:\/\/diaridigital.urv.cat\/es\/wp-json\/wp\/v2\/posts\/41808","targetHints":{"allow":["GET"]}}],"collection":[{"href":"https:\/\/diaridigital.urv.cat\/es\/wp-json\/wp\/v2\/posts"}],"about":[{"href":"https:\/\/diaridigital.urv.cat\/es\/wp-json\/wp\/v2\/types\/post"}],"author":[{"embeddable":true,"href":"https:\/\/diaridigital.urv.cat\/es\/wp-json\/wp\/v2\/users\/54"}],"replies":[{"embeddable":true,"href":"https:\/\/diaridigital.urv.cat\/es\/wp-json\/wp\/v2\/comments?post=41808"}],"version-history":[{"count":0,"href":"https:\/\/diaridigital.urv.cat\/es\/wp-json\/wp\/v2\/posts\/41808\/revisions"}],"wp:featuredmedia":[{"embeddable":true,"href":"https:\/\/diaridigital.urv.cat\/es\/wp-json\/wp\/v2\/media\/41598"}],"wp:attachment":[{"href":"https:\/\/diaridigital.urv.cat\/es\/wp-json\/wp\/v2\/media?parent=41808"}],"wp:term":[{"taxonomy":"category","embeddable":true,"href":"https:\/\/diaridigital.urv.cat\/es\/wp-json\/wp\/v2\/categories?post=41808"},{"taxonomy":"post_tag","embeddable":true,"href":"https:\/\/diaridigital.urv.cat\/es\/wp-json\/wp\/v2\/tags?post=41808"}],"curies":[{"name":"wp","href":"https:\/\/api.w.org\/{rel}","templated":true}]}}