{"id":47130,"date":"2018-06-18T13:03:15","date_gmt":"2018-06-18T11:03:15","guid":{"rendered":"http:\/\/diaridigital.urv.cat\/?p=47130"},"modified":"2018-06-28T11:37:51","modified_gmt":"2018-06-28T09:37:51","slug":"el-motor-del-conocimiento","status":"archive","type":"post","link":"https:\/\/diaridigital.urv.cat\/es\/el-motor-del-conocimiento\/","title":{"rendered":"El motor del conocimiento"},"content":{"rendered":"<p>La Uni\u00f3n Europea ha alineado los objetivos de sus pol\u00edticas conforme a un enfoque principal: convertir la innovaci\u00f3n en una prioridad para todas las regiones. Por esta raz\u00f3n, las grandes partidas de este mandato se destinan a promover proyectos estrat\u00e9gicos e innovadores, a catalizar la competitividad y a crear valor a\u00f1adido con el objetivo de alcanzar, progresivamente, unos indicadores que auguren una sociedad m\u00e1s justa, m\u00e1s cohesionada y m\u00e1s feliz. Todo ello supone una declaraci\u00f3n expresa de evolucionar hacia una sociedad basada en mayor medida en el conocimiento.<\/p>\n<p>En este contexto toma forma la estrategia RIS3 (Research and Innovation Smart Specialisation Strategy), que insta a las regiones europeas a dise\u00f1ar e implementar su estrategia de especializaci\u00f3n inteligente con el objetivo de potenciar aquellos sectores econ\u00f3micos que pueden favorecer su competitividad e internacionalizaci\u00f3n.<\/p>\n<p><strong>\u00bfCu\u00e1l es el papel de la universidad en la estrategia de especializaci\u00f3n inteligente?<\/strong> En esta edici\u00f3n os invitamos a reflexionar sobre el papel que corresponde a la universidad en la estrategia de especializaci\u00f3n inteligente a partir del art\u00edculo \u201cPol\u00edtica regional, RIS3 y universidades\u201d. La entrevista al Dr. Castellanos Maduell, secretario general del Departamento de la Vicepresidencia y de Econom\u00eda y Hacienda de la Generalitat de Catalunya, nos permitir\u00e1 entender la importancia de la estrategia RIS3CAT para Catalu\u00f1a y profundizar en sus instrumentos y en su monitorizaci\u00f3n. Por otra parte, Jordi Cartany\u00e0 Sol\u00e9, director ejecutivo de Demola Southern Catalonia, presentar\u00e1 Demola Global como una herramienta de inteligencia colectiva a partir de la cual se estimula el talento y la colaboraci\u00f3n entre agentes para la promoci\u00f3n de estrategias de innovaci\u00f3n abierta. En cuanto a las regiones del conocimiento, veremos c\u00f3mo la regi\u00f3n italiana de Trento se ha convertido en un referente en materia de gobernanza y especializaci\u00f3n inteligente. Por \u00faltimo, conoceremos la empresa Biosfer Teslab, una <em>spin-off<\/em> de la URV fruto de la investigaci\u00f3n universitaria que se ha convertido en un ejemplo exitoso de innovaci\u00f3n en el sector de la biotecnolog\u00eda.<\/p>\n<p><strong>\u00bfCu\u00e1l es la visi\u00f3n de futuro que os suscita la lectura de esta edici\u00f3n?<\/strong> Os invitamos a participar con vuestros comentarios y opiniones para articular entre todos una propuesta de valor basada en el conocimiento.<\/p>\n<p><strong>Francesc Xavier Grau Vidal<\/strong><\/p>\n<p><a href=\"http:\/\/www.regio-coneixement.catedra.urv.cat\/qui-som\/direccio\/es_index\/\" target=\"_blank\" rel=\"noopener\">Director de la C\u00e1tedra Universidad y Regi\u00f3n del Conocimiento URV<\/a><\/p>\n","protected":false},"excerpt":{"rendered":"<p>Editorial<\/p>\n","protected":false},"author":122,"featured_media":46999,"comment_status":"open","ping_status":"closed","sticky":false,"template":"","format":"standard","meta":{"_acf_changed":false,"footnotes":""},"categories":[83],"tags":[4205],"class_list":["post-47130","post","type-post","status-archive","format-standard","has-post-thumbnail","hentry","category-general-es","tag-catedra-universidad-y-region-del-conocimiento"],"acf":[],"_links":{"self":[{"href":"https:\/\/diaridigital.urv.cat\/es\/wp-json\/wp\/v2\/posts\/47130","targetHints":{"allow":["GET"]}}],"collection":[{"href":"https:\/\/diaridigital.urv.cat\/es\/wp-json\/wp\/v2\/posts"}],"about":[{"href":"https:\/\/diaridigital.urv.cat\/es\/wp-json\/wp\/v2\/types\/post"}],"author":[{"embeddable":true,"href":"https:\/\/diaridigital.urv.cat\/es\/wp-json\/wp\/v2\/users\/122"}],"replies":[{"embeddable":true,"href":"https:\/\/diaridigital.urv.cat\/es\/wp-json\/wp\/v2\/comments?post=47130"}],"version-history":[{"count":0,"href":"https:\/\/diaridigital.urv.cat\/es\/wp-json\/wp\/v2\/posts\/47130\/revisions"}],"wp:featuredmedia":[{"embeddable":true,"href":"https:\/\/diaridigital.urv.cat\/es\/wp-json\/wp\/v2\/media\/46999"}],"wp:attachment":[{"href":"https:\/\/diaridigital.urv.cat\/es\/wp-json\/wp\/v2\/media?parent=47130"}],"wp:term":[{"taxonomy":"category","embeddable":true,"href":"https:\/\/diaridigital.urv.cat\/es\/wp-json\/wp\/v2\/categories?post=47130"},{"taxonomy":"post_tag","embeddable":true,"href":"https:\/\/diaridigital.urv.cat\/es\/wp-json\/wp\/v2\/tags?post=47130"}],"curies":[{"name":"wp","href":"https:\/\/api.w.org\/{rel}","templated":true}]}}