{"id":63072,"date":"2019-06-18T15:35:29","date_gmt":"2019-06-18T13:35:29","guid":{"rendered":"http:\/\/diaridigital.urv.cat\/?p=63072"},"modified":"2019-06-27T12:29:35","modified_gmt":"2019-06-27T10:29:35","slug":"el-remanente-de-2018-se-destinara-al-programa-de-garantia-juvenil-y-a-mejorar-la-eficiencia-de-infraestructuras-de-la-urv","status":"publish","type":"post","link":"https:\/\/diaridigital.urv.cat\/es\/el-remanente-de-2018-se-destinara-al-programa-de-garantia-juvenil-y-a-mejorar-la-eficiencia-de-infraestructuras-de-la-urv\/","title":{"rendered":"El remanente de 2018 se destinar\u00e1 al Programa de Garant\u00eda Juvenil y a mejorar la eficiencia de infraestructuras de la URV"},"content":{"rendered":"<p>El Consejo de Gobierno de la Universitat Rovira i Virgili (URV) ha aprobado, este 18 de junio, las cuentas anuales del a\u00f1o 2018, que se saldan con un remanente de 376.674 euros. Este remanente de libre disposici\u00f3n se destinar\u00e1 a financiar contratos en pr\u00e1cticas para tareas de apoyo a la gesti\u00f3n y la b\u00fasqueda de las unidades o servicios de gesti\u00f3n de la URV, convocados a trav\u00e9s del Programa de Garant\u00eda Juvenil; a actuar sobre diferentes infraestructuras para mejorar su eficiencia; a ayudar econ\u00f3micamente diferentes actuaciones de URV Empr\u00e8n, y a financiar los actos conmemorativos de los 25 a\u00f1os del Aula de Teatro.<\/p>\n<p>En la liquidaci\u00f3n del presupuesto 2018, se ha producido un incremento en los ingresos respecto a lo presupuestado, correspondientes, por una parte, a la subvenci\u00f3n de la Generalitat para pagar el incremento retributivo de 2017 y 2018, y el programa Serra H\u00fanter; y, por otro, al incremento del n\u00famero de estudiantes, que ha supuesto un aumento en la matr\u00edcula. En cuanto a los gastos de personal, se han ejecutado casi al 100%, y el gasto corriente se ha contenido. De hecho, se ha ejecutado en un 95%.<\/p>\n<h5>Propuestas para mejorar infraestructuras de investigaci\u00f3n<\/h5>\n<p>En el \u00e1mbito de la investigaci\u00f3n,\u00a0se ha informado a los miembros del Consejo de Gobierno que se han presentado tres propuestas de proyectos para recibir financiaci\u00f3n externa de los fondos FEDER que permitir\u00eda la mejora de diferentes infraestructuras, como la consolidaci\u00f3n de plataforma nanotecnol\u00f3gica CATSUD, el nuevo animalario de la URV, un Centro de Investigaci\u00f3n Avanzada en Educaci\u00f3n, un equipo para captar im\u00e1genes de mol\u00e9culas peque\u00f1as, y un equipo de difracci\u00f3n de rayos X, por un valor global de 7,6 millones de euros, con la cofinanciaci\u00f3n del 50% por parte de la Universidad y los institutos de investigaci\u00f3n del territorio.<\/p>\n<h5>50 nuevos contratos Mart\u00ed i Franqu\u00e8s de personal investigador predoctoral<\/h5>\n<p>Por otra parte, se ha aprobado una nueva convocatoria de 50 contratos Mart\u00ed i Franqu\u00e8s, con la financiaci\u00f3n de 3,2 millones de euros por parte de la URV, provenientes de remanentes de los \u00faltimos a\u00f1os. Estos contratos tienen una duraci\u00f3n de 3 a\u00f1os. Las 50 plazas se distribuir\u00e1n por \u00e1mbitos de conocimiento de la siguiente manera: 14 para Ingenier\u00eda y Arquitectura; 11 para Ciencias M\u00e9dicas y de la Salud; 10 para Ciencias Sociales; 9 para Ciencias, y 6 para Humanidades.<\/p>\n<p>Tambi\u00e9n, con respecto al personal investigador en formaci\u00f3n, se les aplicar\u00e1 el incremento salarial previsto por el Estatuto del Personal Investigador Predoctoral en Formaci\u00f3n (PIPF). Esto tiene una afectaci\u00f3n por el incremento del coste salarial, que repercutir\u00e1 en el n\u00famero de contratos posibles. Para mitigarlo, se a\u00f1adir\u00e1n 105.277 euros a la partida para llegar a los 108 investigadores predoctorales vigentes. Tambi\u00e9n se elimina, para los departamentos, el a\u00f1o de espera entre la finalizaci\u00f3n de un contrato predoctoral y el siguiente.<\/p>\n<h5>Convocatoria de profesorado adjunto y lector<\/h5>\n<p>El Consejo de Gobierno ha aprobado tambi\u00e9n la convocatoria de 25 plazas de profesorado agregado, 4 de las cuales est\u00e1n reservadas a personas que han obtenido una beca Ram\u00f3n y Cajal a lo largo de su carrera. Esta acci\u00f3n forma parte del compromiso para estabilizar el personal agregado interino de los departamentos en dos a\u00f1os.<\/p>\n<p>Despu\u00e9s de votar la aprobaci\u00f3n de los criterios de distribuci\u00f3n provisional por departamentos, que pretenden equilibrar las plantillas con menos personal a tiempo completo y envejecidas por encima de la media, se ha aprobado la convocatoria de 13 plazas de profesorado lector Serra H\u00fanter. Tambi\u00e9n se han aprobado 6 plazas PI-SECTI.<\/p>\n<h5>Pilar Benejam y Marina Subirats, pr\u00f3ximas doctoras <em>honoris causa<\/em><\/h5>\n<p>Pilar Benejam y Marina Subirats ser\u00e1n las pr\u00f3ximas personas investidas doctoras <em>honoris causa<\/em> por la URV. Pilar Benejam es catedr\u00e1tica jubilada de Did\u00e1ctica de las Ciencias Sociales en la Universitat Aut\u00f2noma de Barcelona (UAB) y miembro de la asociaci\u00f3n de maestros Rosa Sensat. Benejam ha recibido la Creu de Sant Jordi de la Generalitat y el Premio Marta Mata (dentro de los premios Catalu\u00f1a de Educaci\u00f3n), entre otros, y ha sido propuesta por el grupo de did\u00e1ctica de la Facultad de Ciencias de la Educaci\u00f3n y Psicolog\u00eda .<\/p>\n<p>Marina Subirats es catedr\u00e1tica em\u00e9rita de Sociolog\u00eda en la UAB. Ha sido un referente hist\u00f3rico en la lucha por la educaci\u00f3n en igualdad y ha ocupado cargos de responsabilidad en el gobierno del Estado, como directora del Institut de la Dona (1993-1996), del entonces Ministerio de asuntos Sociales; en el Ayuntamiento de Barcelona, como concejala de Educaci\u00f3n, y tambi\u00e9n fue miembro y posteriormente presidenta de la Comisi\u00f3n de Igualdad de Oportunidades de la Uni\u00f3n Europea. Ha sido propuesta por el ex rector Joan Mart\u00ed i Castell con el apoyo del Observatorio de la Igualdad.<\/p>\n<h5>Adhesi\u00f3n a la red Aurora de universidades europeas<\/h5>\n<p>En el mismo Consejo de Gobierno se ha aprobado la adscripci\u00f3n de la URV a Aurora Universities Network, una red de universidades europeas que cooperan en varios niveles sobre diversidad e inclusi\u00f3n, impacto social de la investigaci\u00f3n, estudiantes e innovaci\u00f3n en docencia y aprendizaje . Forman parte de esta red Agora Vrije Universiteit Amsterdam (Holanda), University of Iceland (Islandia), University of Gothenburg (Suecia), University of East Anglia (Reino Unido), University of Duisburg-Essen (Alemania), University of Bergen ( Noruega), University of Antwerp (B\u00e9lgica), University of Aberdeen (Reino Unido) y Universit\u00e9 Grenoble Alpes (Francia).<\/p>\n<p>Varias de las universidades que integran esta plataforma se constituir\u00e1n en el consorcio Agora para optar a ser uno de los campus trasnacionales financiados por la Uni\u00f3n Europea. Se trata de redes que, en caso de obtener la aprobaci\u00f3n de la UE, permiten a los estudiantes obtener un t\u00edtulo combinando estudios en varios pa\u00edses de la Uni\u00f3n Europea y contribuir a la competitividad internacional.<\/p>\n<p>La retransmisi\u00f3n en &#8216;streaming&#8217; del Consejo de Gobierno ha sido seguida por 243 personas.<\/p>\n","protected":false},"excerpt":{"rendered":"<p>El Consejo de Gobierno aprueba una nueva convocatoria de 50 contratos de investigadores predoctorales Mart\u00ed i Franqu\u00e8s<\/p>\n","protected":false},"author":54,"featured_media":28485,"comment_status":"open","ping_status":"open","sticky":false,"template":"","format":"standard","meta":{"_acf_changed":false,"footnotes":""},"categories":[83,94,123],"tags":[],"class_list":["post-63072","post","type-post","status-publish","format-standard","has-post-thumbnail","hentry","category-general-es","category-institucion","category-notas-prensa"],"acf":[],"_links":{"self":[{"href":"https:\/\/diaridigital.urv.cat\/es\/wp-json\/wp\/v2\/posts\/63072","targetHints":{"allow":["GET"]}}],"collection":[{"href":"https:\/\/diaridigital.urv.cat\/es\/wp-json\/wp\/v2\/posts"}],"about":[{"href":"https:\/\/diaridigital.urv.cat\/es\/wp-json\/wp\/v2\/types\/post"}],"author":[{"embeddable":true,"href":"https:\/\/diaridigital.urv.cat\/es\/wp-json\/wp\/v2\/users\/54"}],"replies":[{"embeddable":true,"href":"https:\/\/diaridigital.urv.cat\/es\/wp-json\/wp\/v2\/comments?post=63072"}],"version-history":[{"count":0,"href":"https:\/\/diaridigital.urv.cat\/es\/wp-json\/wp\/v2\/posts\/63072\/revisions"}],"wp:featuredmedia":[{"embeddable":true,"href":"https:\/\/diaridigital.urv.cat\/es\/wp-json\/wp\/v2\/media\/28485"}],"wp:attachment":[{"href":"https:\/\/diaridigital.urv.cat\/es\/wp-json\/wp\/v2\/media?parent=63072"}],"wp:term":[{"taxonomy":"category","embeddable":true,"href":"https:\/\/diaridigital.urv.cat\/es\/wp-json\/wp\/v2\/categories?post=63072"},{"taxonomy":"post_tag","embeddable":true,"href":"https:\/\/diaridigital.urv.cat\/es\/wp-json\/wp\/v2\/tags?post=63072"}],"curies":[{"name":"wp","href":"https:\/\/api.w.org\/{rel}","templated":true}]}}