{"id":63111,"date":"2019-06-26T15:38:55","date_gmt":"2019-06-26T13:38:55","guid":{"rendered":"http:\/\/diaridigital.urv.cat\/?p=63111"},"modified":"2019-06-27T14:39:30","modified_gmt":"2019-06-27T12:39:30","slug":"la-tasa-de-empleo-de-los-graduados-de-la-urv-es-del-86-en-el-primer-ano-de-finalizar-los-estudios","status":"publish","type":"post","link":"https:\/\/diaridigital.urv.cat\/es\/la-tasa-de-empleo-de-los-graduados-de-la-urv-es-del-86-en-el-primer-ano-de-finalizar-los-estudios\/","title":{"rendered":"La tasa de empleo de los graduados de la URV es del 86% en el primer a\u00f1o de finalizar los estudios"},"content":{"rendered":"<p>Este mi\u00e9rcoles, 26 de junio, se ha celebrado el Claustro de la URV, donde se ha presentado el informe de la rectora correspondiente al primer a\u00f1o de mandato, y el informe sobre la empleabilidad de los titulados de la URV. Tambi\u00e9n se ha aprobado el procedimiento e inicio de la reforma del Estatuto de la Universidad, la adhesi\u00f3n a la Declaraci\u00f3n sobre Emergencia Clim\u00e1tica y el acuerdo de la Asociaci\u00f3n Catalana de Universidades P\u00fablicas para reclamar una mejora de la financiaci\u00f3n y de la autonom\u00eda de las universidades.<\/p>\n<h5>Informe sobre la empleabilidad y la inserci\u00f3n laboral de los graduados<\/h5>\n<p>El adjunto para la Empleabilidad, Ferran Ma\u00f1\u00e9, ha presentado el Informe sobre el estado de la empleabilidad y la inserci\u00f3n laboral de los graduados de la URV, que tiene por objetivo planificar la respuesta de la Universidad a los cambios que se producen en el mercado laboral y acompa\u00f1ar a los estudiantes para inserirse con \u00e9xito.<\/p>\n<p><span style=\"font-size: 1rem;\" title=\"\">En<\/span> <span style=\"font-size: 1rem;\" title=\"\">el diagn\u00f3stico<\/span> <span style=\"font-size: 1rem;\" title=\"\">sobre la situaci\u00f3n<\/span> <span style=\"font-size: 1rem;\" title=\"\">laboral de los<\/span> <span style=\"font-size: 1rem;\" title=\"\">titulados<\/span> <span style=\"font-size: 1rem;\" title=\"\">de la<\/span> <span style=\"font-size: 1rem;\" title=\"\">URV<\/span><span style=\"font-size: 1rem;\" title=\"\">,<\/span> <span class=\"\" style=\"font-size: 1rem;\" title=\"\">con datos<\/span> <span class=\"\" style=\"font-size: 1rem;\" title=\"\">de 2017,<\/span> <span style=\"font-size: 1rem;\" title=\"\">se observa que<\/span> <span style=\"font-size: 1rem;\" title=\"\">la tasa<\/span> <span style=\"font-size: 1rem;\" title=\"\">de ocupaci\u00f3n es del<\/span> <span class=\"\" style=\"font-size: 1rem;\" title=\"\">86%<\/span> <span style=\"font-size: 1rem;\" title=\"\">(<\/span><span class=\"\" style=\"font-size: 1rem;\" title=\"\">la media<\/span> <span class=\"\" style=\"font-size: 1rem;\" title=\"\">catalana<\/span> <span style=\"font-size: 1rem;\" title=\"\">es del<\/span> <span style=\"font-size: 1rem;\" title=\"\">89%)<\/span> <span style=\"font-size: 1rem;\" title=\"\">y la inserci\u00f3n laboral<\/span> <span style=\"font-size: 1rem;\" title=\"\">es r\u00e1pida<\/span><span style=\"font-size: 1rem;\" title=\"\">: el<\/span> <span style=\"font-size: 1rem;\" title=\"\">70%<\/span> <span class=\"\" style=\"font-size: 1rem;\" title=\"\">los graduados<\/span> <span style=\"font-size: 1rem;\" title=\"\">tiene trabajo<\/span> <span style=\"font-size: 1rem;\" title=\"\">3<\/span> <span style=\"font-size: 1rem;\" title=\"\">meses despu\u00e9s<\/span> <span style=\"font-size: 1rem;\" title=\"\">de<\/span> <span style=\"font-size: 1rem;\" title=\"\">graduarse,<\/span> <span style=\"font-size: 1rem;\" title=\"\">si bien la<\/span> <span class=\"\" style=\"font-size: 1rem;\" title=\"\">mejora de las<\/span> <span style=\"font-size: 1rem;\" title=\"\">condiciones laborales y<\/span> <span style=\"font-size: 1rem;\" title=\"\">salariales<\/span> <span style=\"font-size: 1rem;\" title=\"\">es<\/span> <span style=\"font-size: 1rem;\" title=\"\">lenta<\/span> <span style=\"font-size: 1rem;\" title=\"\">y hay diferencias<\/span> <span class=\"\" style=\"font-size: 1rem;\" title=\"\">salariales<\/span> <span style=\"font-size: 1rem;\" title=\"\">importantes<\/span> <span style=\"font-size: 1rem;\" title=\"\">en funci\u00f3n<\/span> <span style=\"font-size: 1rem;\" title=\"\">de las ense\u00f1anzas<\/span><span style=\"font-size: 1rem;\" title=\"\">.<\/span> <span style=\"font-size: 1rem;\" title=\"\">As\u00ed<\/span><span style=\"font-size: 1rem;\" title=\"\">, el 53<\/span><span style=\"font-size: 1rem;\" title=\"\">% de los<\/span> <span class=\"\" style=\"font-size: 1rem;\" title=\"\">graduados<\/span> <span style=\"font-size: 1rem;\" title=\"\">tiene<\/span> <span style=\"font-size: 1rem;\" title=\"\">ingresos<\/span> <span style=\"font-size: 1rem;\" title=\"\">superiores a los<\/span> <span style=\"font-size: 1rem;\" title=\"\">18.000<\/span> <span style=\"font-size: 1rem;\" title=\"\">euros<\/span> <span style=\"font-size: 1rem;\" title=\"\">anuales (<\/span><span style=\"font-size: 1rem;\" title=\"\">la media<\/span> <span class=\"\" style=\"font-size: 1rem;\" title=\"\">catalana es<\/span> <span style=\"font-size: 1rem;\" title=\"\">del 64%)<\/span><span style=\"font-size: 1rem;\" title=\"\">,<\/span> <span style=\"font-size: 1rem;\" title=\"\">y hay que<\/span> <span style=\"font-size: 1rem;\" title=\"\">tener en cuenta que<\/span> <span style=\"font-size: 1rem;\" title=\"\">el 70%<\/span> <span class=\"\" style=\"font-size: 1rem;\" title=\"\">trabaja en<\/span> <span style=\"font-size: 1rem;\" title=\"\">la demarcaci\u00f3n<\/span> <span style=\"font-size: 1rem;\" title=\"\">de Tarragona<\/span><span style=\"font-size: 1rem;\" title=\"\">, donde los<\/span> <span class=\"\" style=\"font-size: 1rem;\" title=\"\">esfuerzos de las empresas<\/span> <span style=\"font-size: 1rem;\" title=\"\">debido a la<\/span> <span style=\"font-size: 1rem;\" title=\"\">crisis econ\u00f3mica<\/span> <span style=\"font-size: 1rem;\" title=\"\">fueron<\/span> <span style=\"font-size: 1rem;\" title=\"\">mayores<\/span><span style=\"font-size: 1rem;\" title=\"\">.<\/span> <span class=\"\" style=\"font-size: 1rem;\" title=\"\">A pesar del empeoramiento<\/span> <span style=\"font-size: 1rem;\" title=\"\">de las condiciones y<\/span> <span style=\"font-size: 1rem;\" title=\"\">un retorno<\/span> <span style=\"font-size: 1rem;\" title=\"\">m\u00e1s<\/span> <span style=\"font-size: 1rem;\" title=\"\">lento<\/span> <span class=\"\" style=\"font-size: 1rem;\" title=\"\">que la media<\/span> <span style=\"font-size: 1rem;\" title=\"\">catalana<\/span> <span style=\"font-size: 1rem;\" title=\"\">a la situaci\u00f3n<\/span> <span style=\"font-size: 1rem;\" title=\"\">previa a<\/span> <span style=\"font-size: 1rem;\" title=\"\">la crisis,<\/span> <span style=\"font-size: 1rem;\" title=\"\">la tipolog\u00eda<\/span> <span class=\"\" style=\"font-size: 1rem;\" title=\"\">de trabajos<\/span> <span style=\"font-size: 1rem;\" title=\"\">es similar<\/span> <span style=\"font-size: 1rem;\" title=\"\">y las tareas<\/span> <span style=\"font-size: 1rem;\" title=\"\">son<\/span> <span style=\"font-size: 1rem;\" title=\"\">adecuadas<\/span> <span style=\"font-size: 1rem;\" title=\"\">al nivel<\/span> <span style=\"font-size: 1rem;\" title=\"\">educativo<\/span> <span class=\"\" style=\"font-size: 1rem;\" title=\"\">de los titulados<\/span><span style=\"font-size: 1rem;\" title=\"\">,<\/span> <span style=\"font-size: 1rem;\" title=\"\">ya<\/span> <span style=\"font-size: 1rem;\" title=\"\">que el 82%<\/span> <span style=\"font-size: 1rem;\" title=\"\">realiza funciones<\/span> <span style=\"font-size: 1rem;\" title=\"\">universitarias<\/span><span style=\"font-size: 1rem;\" title=\"\">.<\/span><\/p>\n<p>En cuanto a las titulaciones de m\u00e1ster, se observa que el mercado de trabajo las valora adecuadamente. Respecto a este punto, Ma\u00f1\u00e9 explic\u00f3 que hay que ofrecer una buena calidad formativa y una mejor conexi\u00f3n con el mercado para cumplir las expectativas de los estudiantes y competir con la oferta formativa de postgrado del \u00e1rea metropolitana de Barcelona. Los doctores tienen a\u00fan una mejor inserci\u00f3n laboral (la tasa de ocupaci\u00f3n en el 2017 era del 94% y la mitad trabajan en empresas) y desarrollan trabajos de m\u00e1s calidad (el 97% hace funciones de acuerdo con los conocimientos universitarios).<\/p>\n<p>Teniendo en cuenta estos datos, los objetivos planteados al Claustro por el tambi\u00e9n director del Observatorio del Empleo son la mejora del conocimiento de la realidad empresarial, econ\u00f3mica y del mercado laboral as\u00ed como del mundo sociolaboral de los estudiantes y titulados para afinar la planificaci\u00f3n de las ense\u00f1anzas, llevar a cabo acciones que vinculen la Universidad con el mundo empresarial para favorecer la incorporaci\u00f3n de los estudiantes al mundo profesional y acompa\u00f1arlos en la transici\u00f3n.<\/p>\n<p><a href=\"http:\/\/diaridigital.urv.cat\/wp-content\/uploads\/2019\/06\/IMG-20190626-WA0009.jpg\"><img loading=\"lazy\" decoding=\"async\" class=\"alignnone size-large wp-image-62998\" src=\"http:\/\/diaridigital.urv.cat\/wp-content\/uploads\/2019\/06\/IMG-20190626-WA0009-1024x702.jpg\" alt=\"\" width=\"1024\" height=\"702\" srcset=\"https:\/\/diaridigital.urv.cat\/wp-content\/uploads\/2019\/06\/IMG-20190626-WA0009.jpg 1024w, https:\/\/diaridigital.urv.cat\/wp-content\/uploads\/2019\/06\/IMG-20190626-WA0009-300x206.jpg 300w, https:\/\/diaridigital.urv.cat\/wp-content\/uploads\/2019\/06\/IMG-20190626-WA0009-768x527.jpg 768w\" sizes=\"auto, (max-width: 1024px) 100vw, 1024px\" \/><\/a><\/p>\n<h5>Informe de la rectora<\/h5>\n<p>Los miembros del Consejo de Direcci\u00f3n han presentado las diferentes acciones llevadas a cabo durante su primer a\u00f1o de mandato, 110, que responden a 29 objetivos estrat\u00e9gicos alineados con los Objetivos de Desarrollo Sostenible de la ONU. La rectora, Mar\u00eda Jos\u00e9 Figueras, explic\u00f3 que la URV es la cuarta universidad en peso relativo en el sistema universitario catal\u00e1n, si bien el peso relativo de la investigaci\u00f3n es un poco inferior\u00a0<span style=\"font-size: 1rem;\">debido,\u00a0<\/span><span style=\"font-size: 1rem;\">especialmente,\u00a0 a la menor obtenci\u00f3n de financiaci\u00f3n competitiva.<\/span><\/p>\n<p>De este balance destaca, en docencia, la prueba piloto de matr\u00edcula de m\u00e1ster condicionada a la reserva de plaza y la convocatoria para la dotaci\u00f3n de equipamiento de las nuevas ense\u00f1anzas. En investigaci\u00f3n y transferencia, se ha creado la unidad para la captaci\u00f3n de financiaci\u00f3n competitiva para proyectos internacionales, se ha obtenido una ayuda FEDER de 800.000 euros para financiar parte de la Plataforma Nanotecnol\u00f3gica CAT-SUC, y se ha creado el Centro de Investigaci\u00f3n en Ciberseguridad de Catalu\u00f1a, interuniversitario y coordinado por la URV. Adem\u00e1s, se ha impulsado el programa R2B, dotado con 240.000 euros para los pr\u00f3ximos tres a\u00f1os, para impulsar proyectos de innovaci\u00f3n y la creaci\u00f3n de spin-offs, y se implementar\u00e1 un plan piloto para introducir una asignatura de emprendedur\u00eda a los estudiantes del campus Sescelades a partir del pr\u00f3ximo curso.<\/p>\n<p>En cuanto al personal, el equipo de gobierno ha explicado que tienen por objetivo la estabilizaci\u00f3n y promoci\u00f3n del PAS y el PDI, por lo que se ha abierto la oferta de empleo p\u00fablico para los dos colectivos. Tambi\u00e9n se ha aprobado el nuevo reglamento de formaci\u00f3n del PAS, se han establecido unos criterios provisionales de distribuci\u00f3n de los lectores Serra Hunter y ya est\u00e1 en funcionamiento el programa Iubilo URV para mantener el v\u00ednculo con el personal que se jubila.<\/p>\n<p>En el \u00e1mbito de internacionalizaci\u00f3n, la URV se ha adherido a Aurora Universities Network, ha establecido una alianza con universidades rusas y espa\u00f1olas para la oferta de nuevas movilidades y formaciones y ha hecho un seminario sobre el aprendizaje internacional colaborativo a distancia. En cuanto al compromiso social, se ha negociado un nuevo convenio con la ATM para incrementar el descuento para los estudiantes. En cuanto a la gobernanza, se retransmiten los consejos de gobierno, se han suspendido las obras de la Facultad de Ciencias de la Educaci\u00f3n y Psicolog\u00eda y se estudia la remodelaci\u00f3n del centro actual.<\/p>\n<p><a href=\"http:\/\/diaridigital.urv.cat\/wp-content\/uploads\/2019\/06\/IMG-20190626-WA0014.jpg\"><img loading=\"lazy\" decoding=\"async\" class=\"alignnone size-large wp-image-63001\" src=\"http:\/\/diaridigital.urv.cat\/wp-content\/uploads\/2019\/06\/IMG-20190626-WA0014-1024x682.jpg\" alt=\"\" width=\"1024\" height=\"682\" srcset=\"https:\/\/diaridigital.urv.cat\/wp-content\/uploads\/2019\/06\/IMG-20190626-WA0014.jpg 1024w, https:\/\/diaridigital.urv.cat\/wp-content\/uploads\/2019\/06\/IMG-20190626-WA0014-300x200.jpg 300w, https:\/\/diaridigital.urv.cat\/wp-content\/uploads\/2019\/06\/IMG-20190626-WA0014-768x512.jpg 768w\" sizes=\"auto, (max-width: 1024px) 100vw, 1024px\" \/><\/a><\/p>\n<h5>Inicio de la reforma del Estatuto de la URV<\/h5>\n<p>La reforma del Estatuto de la URV ha sido uno de los puntos tratados en el Claustro, con el objetivo de reducir la inseguridad jur\u00eddica que puede producir el ritmo de los cambios de leyes y normativas que le afecten. Por ese motivo se ha aprobado el procedimiento para la reforma del Estatuto, que prev\u00e9 la elaboraci\u00f3n del anteproyecto de Estatuto por parte de una ponencia de 10 personas, la composici\u00f3n de la cual tambi\u00e9n se ha aprobado en el Claustro de hoy, y que se presentar\u00e1 de previsiblemente en el pr\u00f3ximo Claustro. Una vez redactado el anteproyecto, en el mismo Claustro aprobar\u00e1 una comisi\u00f3n de reforma estatutaria de 32 personas, que redactar\u00e1 la reforma propiamente con la participaci\u00f3n de la comunidad universitaria. Finalmente, el proyecto de Estatuto resultante se debatir\u00e1 y aprobar\u00e1 en sesi\u00f3n claustral.<\/p>\n<h5>Financiaci\u00f3n y autonom\u00eda universitaria<\/h5>\n<p>En el mismo Claustro se ha aprobado\u00a0<a href=\"http:\/\/diaridigital.urv.cat\/wp-content\/uploads\/2019\/06\/05.0-Ratificaci%C3%B3-si-sescau-de-lacord-de-lACUP-reclamant-un-millor-finan%C3%A7ament-de-les-universitats-p%C3%BAbliques-catalanes.pdf\" target=\"_blank\" rel=\"noopener\">el acuerdo de la Asociaci\u00f3n Catalana de Universidades P\u00fablicas para reclamar una mejora de la financiaci\u00f3n<\/a>;\u00a0m\u00e1s autonom\u00eda universitaria, que permita decidir qu\u00e9 plazas de profesorado se pueden convocar, y la rebaja de las tasas universitarias acompa\u00f1ada de becas salario.<\/p>\n<p>En este sentido, en el Claustro tambi\u00e9n ha asistido un colectivo de doctorandos de la URV, que reclama la aplicaci\u00f3n inmediata del Estatuto del Personal Investigador en Formaci\u00f3n, aprobado por el gobierno espa\u00f1ol el 15 de marzo de este mismo a\u00f1o. La nueva normativa prev\u00e9 el incremento del salario m\u00ednimo, la posibilidad de pr\u00f3rroga de los contratos inferiores a cuatro a\u00f1os y no exceder las 60 horas de docencia al a\u00f1o, pero no va acompa\u00f1ada de presupuesto para su aplicaci\u00f3n.<\/p>\n<figure id=\"attachment_63005\" aria-labelledby=\"figcaption_attachment_63005\" class=\"wp-caption alignnone\" style=\"width: 1024px\"><a href=\"http:\/\/diaridigital.urv.cat\/wp-content\/uploads\/2019\/06\/IMG-20190626-WA0017.jpg\"><img loading=\"lazy\" decoding=\"async\" class=\"size-large wp-image-63005\" src=\"http:\/\/diaridigital.urv.cat\/wp-content\/uploads\/2019\/06\/IMG-20190626-WA0017-1024x640.jpg\" alt=\"\" width=\"1024\" height=\"640\" srcset=\"https:\/\/diaridigital.urv.cat\/wp-content\/uploads\/2019\/06\/IMG-20190626-WA0017.jpg 1024w, https:\/\/diaridigital.urv.cat\/wp-content\/uploads\/2019\/06\/IMG-20190626-WA0017-300x188.jpg 300w, https:\/\/diaridigital.urv.cat\/wp-content\/uploads\/2019\/06\/IMG-20190626-WA0017-768x480.jpg 768w\" sizes=\"auto, (max-width: 1024px) 100vw, 1024px\" \/><\/a><figcaption id=\"figcaption_attachment_63005\" class=\"wp-caption-text\">Personal investigador en formaci\u00f3n al Claustro.<\/figcaption><\/figure>\n<p>La URV tambi\u00e9n se ha adherido a la <a href=\"http:\/\/diaridigital.urv.cat\/wp-content\/uploads\/2019\/06\/06.-Aprovaci\u00f3-si-s\u2019escau-de-l\u2019adhesi\u00f3-de-la-URV-a-la-Declaraci\u00f3-sobre-Emerg\u00e8ncia-Clim\u00e0tica..pdf\" target=\"_blank\" rel=\"noopener\">Declaraci\u00f3n sobre Emergencia Clim\u00e1tica<\/a>, que ha redactado la profesora de la URV Manola Brunet, presidenta de la Comisi\u00f3n de Climatolog\u00eda de la Organizaci\u00f3n Meteorol\u00f3gica Mundial.<\/p>\n<p>Finalmente, el mismo Claustro ha aprobado con 53 votos a favor, 26 en contra y 2 votos en blanco una <a href=\"http:\/\/diaridigital.urv.cat\/wp-content\/uploads\/2019\/06\/07.Bis_.-Declaraci\u00f3-per-la-llibertat-dels-presos-pol\u00edtics-i-contra-la-judicialitzaci\u00f3-de-la-pol\u00edtica-catalana..pdf\" target=\"_blank\" rel=\"noopener\">declaraci\u00f3n para la liberaci\u00f3n de los presos pol\u00edticos y contra la judicializaci\u00f3n de la pol\u00edtica catalana<\/a>.\u00a0El documento pide la puesta en libertad inmediata de los presos pol\u00edticos as\u00ed como el regreso de los pol\u00edticos exiliados. La declaraci\u00f3n defiende el di\u00e1logo a partir del reconocimiento de la autodeterminaci\u00f3n contra la judicializaci\u00f3n del proceso pol\u00edtico.<\/p>\n","protected":false},"excerpt":{"rendered":"<p>Presentado en el Claustro el informe sobre empleabilidad y el informe de la rectora. Tambi\u00e9n se ha aprobado el procedimiento para reformar el Estatuto, la declaraci\u00f3n para una mejor financiaci\u00f3n, la adhesi\u00f3n a la Declaraci\u00f3n sobre Emergencia Clim\u00e1tica y el manifiesto para la liberaci\u00f3n de los presos pol\u00edticos<\/p>\n","protected":false},"author":54,"featured_media":62938,"comment_status":"open","ping_status":"open","sticky":false,"template":"","format":"standard","meta":{"_acf_changed":false,"footnotes":""},"categories":[83,94,123,121],"tags":[],"class_list":["post-63111","post","type-post","status-publish","format-standard","has-post-thumbnail","hentry","category-general-es","category-institucion","category-notas-prensa","category-sociedad-cultura"],"acf":[],"_links":{"self":[{"href":"https:\/\/diaridigital.urv.cat\/es\/wp-json\/wp\/v2\/posts\/63111","targetHints":{"allow":["GET"]}}],"collection":[{"href":"https:\/\/diaridigital.urv.cat\/es\/wp-json\/wp\/v2\/posts"}],"about":[{"href":"https:\/\/diaridigital.urv.cat\/es\/wp-json\/wp\/v2\/types\/post"}],"author":[{"embeddable":true,"href":"https:\/\/diaridigital.urv.cat\/es\/wp-json\/wp\/v2\/users\/54"}],"replies":[{"embeddable":true,"href":"https:\/\/diaridigital.urv.cat\/es\/wp-json\/wp\/v2\/comments?post=63111"}],"version-history":[{"count":0,"href":"https:\/\/diaridigital.urv.cat\/es\/wp-json\/wp\/v2\/posts\/63111\/revisions"}],"wp:featuredmedia":[{"embeddable":true,"href":"https:\/\/diaridigital.urv.cat\/es\/wp-json\/wp\/v2\/media\/62938"}],"wp:attachment":[{"href":"https:\/\/diaridigital.urv.cat\/es\/wp-json\/wp\/v2\/media?parent=63111"}],"wp:term":[{"taxonomy":"category","embeddable":true,"href":"https:\/\/diaridigital.urv.cat\/es\/wp-json\/wp\/v2\/categories?post=63111"},{"taxonomy":"post_tag","embeddable":true,"href":"https:\/\/diaridigital.urv.cat\/es\/wp-json\/wp\/v2\/tags?post=63111"}],"curies":[{"name":"wp","href":"https:\/\/api.w.org\/{rel}","templated":true}]}}