{"id":63749,"date":"2019-05-30T16:30:51","date_gmt":"2019-05-30T14:30:51","guid":{"rendered":"http:\/\/diaridigital.urv.cat\/?p=63749"},"modified":"2019-07-09T09:31:09","modified_gmt":"2019-07-09T07:31:09","slug":"__trashed-8","status":"publish","type":"post","link":"https:\/\/diaridigital.urv.cat\/es\/__trashed-8\/","title":{"rendered":"Santiago Castell\u00e0, profesor del departamento de Derecho P\u00fablico, elegido senador por la circunscripci\u00f3n de Tarragona"},"content":{"rendered":"<p>Santiago Castell\u00e0 Surribas, profesor del \u00c1rea de Derecho Internacional P\u00fablico y Relaciones Internacionales del Departamento de Derecho P\u00fablico de la Facultad de Ciencias Jur\u00eddicas, ha sido elegido senador por la circunscripci\u00f3n de Tarragona. Fue nombrado en el pleno del Senado del martes 21 de mayo.<\/p>\n<p>Castell\u00e0 es director de la C\u00e0tedra Tarragona Smart Mediterranean City de la URV, Acad\u00e9mico de N\u00famero y miembro de la Junta de Gobierno de la Real Academia Europea de Doctores-Barcelona 1914 (RAED) y secretario general de la Fundaci\u00f3n Pro RAED.<\/p>\n<p>Es licenciado en Derecho por la Universitat de Barcelona, licenciado en Ciencias Pol\u00edticas por la Universidad Nacional de Educaci\u00f3n a Distancia y M\u00e1ster en Seguridad, Paz y Defensa por el Instituto Universitario General Guti\u00e9rrez Mellado. Doctor en Derecho Internacional P\u00fablico por la Universitat de Barcelona, durante 25 a\u00f1os ha sido profesor del Departamento de Derecho P\u00fablico de la URV, donde ha impartido asignaturas de derecho internacional, derecho europeo, derechos humanos y cooperaci\u00f3n internacional. Tambi\u00e9n ha sido decano de la Facultad de Ciencias Jur\u00eddicas, vicerrector de Relaciones Externas e Internacionales, director del M\u00e1ster de Derecho Ambiental, del M\u00e1ster en Gesti\u00f3n Global de la Inmigraci\u00f3n, del M\u00e1ster en Cooperaci\u00f3n Internacional al Desarrollo y, actualmente, del M\u00e1ster en Justicia Penal Internacional.<\/p>\n<p>Se inici\u00f3 en la vida pol\u00edtica de la mano de Adolfo Su\u00e1rez como secretario general de las Juventudes del Centro Democr\u00e1tico y Social (CDS), para sumarse hace unos a\u00f1os al proyecto de los socialistas de Catalu\u00f1a. Ha sido presidente del Movimiento Laico y Progresista, que agrupa varias entidades educativas basadas en los valores republicanos. Es patr\u00f3n de la Fundaci\u00f3n Francesc Ferrer i Gu\u00e0rdia, de la Fundaci\u00f3n Trencad\u00eds pel Modernisme en Tarragona e impulsor de la Fundaci\u00f3n Carme Chac\u00f3n.<\/p>\n","protected":false},"excerpt":{"rendered":"<p>Santiago Castell\u00e0 Surribas, profesor del \u00c1rea de Derecho Internacional P\u00fablico y Relaciones Internacionales del Departamento de Derecho P\u00fablico de la Facultad de Ciencias Jur\u00eddicas, ha sido elegido senador por la circunscripci\u00f3n de Tarragona. Fue nombrado en el pleno del Senado del martes 21 de mayo.<\/p>\n<p>Castell\u00e0 es director de la C\u00e0tedra Tarragona Smart Mediterranean City de la URV, Acad\u00e9mico de N\u00famero y miembro de la Junta de Gobierno de la Real Academia Europea de Doctores-Barcelona 1914 (RAED) y secretario general de<\/p>\n","protected":false},"author":54,"featured_media":61661,"comment_status":"open","ping_status":"open","sticky":false,"template":"","format":"standard","meta":{"_acf_changed":false,"footnotes":""},"categories":[3483,252],"tags":[],"class_list":["post-63749","post","type-post","status-publish","format-standard","has-post-thumbnail","hentry","category-derecho-publico","category-facultad-ciencias-juridicas"],"acf":[],"_links":{"self":[{"href":"https:\/\/diaridigital.urv.cat\/es\/wp-json\/wp\/v2\/posts\/63749","targetHints":{"allow":["GET"]}}],"collection":[{"href":"https:\/\/diaridigital.urv.cat\/es\/wp-json\/wp\/v2\/posts"}],"about":[{"href":"https:\/\/diaridigital.urv.cat\/es\/wp-json\/wp\/v2\/types\/post"}],"author":[{"embeddable":true,"href":"https:\/\/diaridigital.urv.cat\/es\/wp-json\/wp\/v2\/users\/54"}],"replies":[{"embeddable":true,"href":"https:\/\/diaridigital.urv.cat\/es\/wp-json\/wp\/v2\/comments?post=63749"}],"version-history":[{"count":0,"href":"https:\/\/diaridigital.urv.cat\/es\/wp-json\/wp\/v2\/posts\/63749\/revisions"}],"wp:featuredmedia":[{"embeddable":true,"href":"https:\/\/diaridigital.urv.cat\/es\/wp-json\/wp\/v2\/media\/61661"}],"wp:attachment":[{"href":"https:\/\/diaridigital.urv.cat\/es\/wp-json\/wp\/v2\/media?parent=63749"}],"wp:term":[{"taxonomy":"category","embeddable":true,"href":"https:\/\/diaridigital.urv.cat\/es\/wp-json\/wp\/v2\/categories?post=63749"},{"taxonomy":"post_tag","embeddable":true,"href":"https:\/\/diaridigital.urv.cat\/es\/wp-json\/wp\/v2\/tags?post=63749"}],"curies":[{"name":"wp","href":"https:\/\/api.w.org\/{rel}","templated":true}]}}