{"id":6398,"date":"2015-01-27T11:11:16","date_gmt":"2015-01-27T11:11:16","guid":{"rendered":"http:\/\/diaridigital.urv.cat\/el-campus-terres-de-lebre-acull-la-2a-assemblea-del-projecte-europeu-sobre-canvi-climatic-uerra-2\/"},"modified":"2015-02-10T10:45:57","modified_gmt":"2015-02-10T10:45:57","slug":"el-campus-terres-de-lebre-acull-la-2a-assemblea-del-projecte-europeu-sobre-canvi-climatic-uerra","status":"publish","type":"post","link":"https:\/\/diaridigital.urv.cat\/es\/el-campus-terres-de-lebre-acull-la-2a-assemblea-del-projecte-europeu-sobre-canvi-climatic-uerra\/","title":{"rendered":"El campus Terres de l&#8217;Ebre acoge la 2\u00aa asamblea del proyecto europeo sobre Cambio Clim\u00e1tico UERRA"},"content":{"rendered":"<p>Veinticinco cient\u00edficos de toda Europa, entre los que se encuentra el profesor ingl\u00e9s Phil Jones, honoris causa por la URV y el primer cient\u00edfico que document\u00f3 el calentamiento global; el sueco Por Unden, o Albert Klein-Tank del Servicio Meteorol\u00f3gico Holand\u00e9s, participan en la segunda Asamblea del proyecto europeo UERRA (Uncertainties in Ensembles of Regional ReAnalyses). Se hace el martes 27 y el mi\u00e9rcoles 28 de enero, en el campus Terres del Ebre de la URV, en Tortosa.<\/p>\n<p>El objetivo de este proyecto es mejorar los re-an\u00e1lisis clim\u00e1ticos europeos de alta resoluci\u00f3n con el fin de palo \u2022 liar las incertidumbres que todav\u00eda existen en el estudio del clima. As\u00ed se analizan diferentes modelos clim\u00e1ticos con el objetivo de reducir el margen de error a la hora de predecir el clima del futuro. En la asamblea de UERRA se hace un seguimiento de avances de los diferentes grupos de trabajo durante el primer a\u00f1o de funcionamiento del proyecto y tambi\u00e9n se discute el trabajo a realizar durante 2015.<\/p>\n<p>El consorcio del proyecto UERRA lo integran varias universidades y servicios de meteorolog\u00eda europeos entre los que destaca el Servicio de meteorolog\u00eda de Suecia (SMHI), METEO-FRANCE (MF), el instituto de meteorolog\u00eda de Holanda (KNMI), el oficina de Meteorolog\u00eda de Reino Unido (MO), la Universidad del Este de Anglia en el Reino Unido (EAU), el MeteoSwiss, o la Universidad de Bonn. Del estado espa\u00f1ol s\u00f3lo participa la URV, con el Centro de Investigaci\u00f3n en Cambio Clim\u00e1tico, C3.<\/p>\n","protected":false},"excerpt":{"rendered":"<p>El campus Terres de l&#8217;Ebre de la URV acoge la 2\u00aa asamblea del proyecto europeo de an\u00e1lisis del Cambio Clim\u00e1tico UERRA, los d\u00edas 27 y 28 de enero en Tortosa. Es un proyecto que impulsan universidades, servicios de meteorolog\u00eda y centros como el Centro de Cambio Clim\u00e1tico (C3) de la URV<\/p>\n","protected":false},"author":5,"featured_media":6396,"comment_status":"open","ping_status":"open","sticky":false,"template":"","format":"standard","meta":{"_acf_changed":false,"footnotes":""},"categories":[101,117,256],"tags":[446,3965],"class_list":["post-6398","post","type-post","status-publish","format-standard","has-post-thumbnail","hentry","category-centros-investigacion","category-ciencia-y-tecnologia","category-facultad-turismo-geografia","tag-canvi-climatic-es","tag-centro-cambio-climatico-c3"],"acf":[],"_links":{"self":[{"href":"https:\/\/diaridigital.urv.cat\/es\/wp-json\/wp\/v2\/posts\/6398","targetHints":{"allow":["GET"]}}],"collection":[{"href":"https:\/\/diaridigital.urv.cat\/es\/wp-json\/wp\/v2\/posts"}],"about":[{"href":"https:\/\/diaridigital.urv.cat\/es\/wp-json\/wp\/v2\/types\/post"}],"author":[{"embeddable":true,"href":"https:\/\/diaridigital.urv.cat\/es\/wp-json\/wp\/v2\/users\/5"}],"replies":[{"embeddable":true,"href":"https:\/\/diaridigital.urv.cat\/es\/wp-json\/wp\/v2\/comments?post=6398"}],"version-history":[{"count":0,"href":"https:\/\/diaridigital.urv.cat\/es\/wp-json\/wp\/v2\/posts\/6398\/revisions"}],"wp:featuredmedia":[{"embeddable":true,"href":"https:\/\/diaridigital.urv.cat\/es\/wp-json\/wp\/v2\/media\/6396"}],"wp:attachment":[{"href":"https:\/\/diaridigital.urv.cat\/es\/wp-json\/wp\/v2\/media?parent=6398"}],"wp:term":[{"taxonomy":"category","embeddable":true,"href":"https:\/\/diaridigital.urv.cat\/es\/wp-json\/wp\/v2\/categories?post=6398"},{"taxonomy":"post_tag","embeddable":true,"href":"https:\/\/diaridigital.urv.cat\/es\/wp-json\/wp\/v2\/tags?post=6398"}],"curies":[{"name":"wp","href":"https:\/\/api.w.org\/{rel}","templated":true}]}}