{"id":64729,"date":"2019-04-10T09:42:14","date_gmt":"2019-04-10T07:42:14","guid":{"rendered":"http:\/\/diaridigital.urv.cat\/?p=64729"},"modified":"2019-09-16T13:45:41","modified_gmt":"2019-09-16T11:45:41","slug":"la-urv-lidera-un-proyecto-europeo-en-investigacion-e-innovacion-responsable","status":"publish","type":"post","link":"https:\/\/diaridigital.urv.cat\/es\/la-urv-lidera-un-proyecto-europeo-en-investigacion-e-innovacion-responsable\/","title":{"rendered":"La URV lidera un proyecto europeo en Investigaci\u00f3n e Innovaci\u00f3n Responsable"},"content":{"rendered":"<p>Desde el mi\u00e9rcoles y hasta este viernes los socios del proyecto Erasmus + \u00abCooperation for innovation and the exchange of good practices\u00bb celebran el primer encuentro que debe servir para establecer las bases futuras del proyecto. Laureano Jim\u00e9nez, investigador del Departamento de Ingenier\u00eda Qu\u00edmica de la URV, dirige este proyecto liderado por el programa Erasmus+ sobre la participaci\u00f3n de la sociedad en la ciencia y la innovaci\u00f3n, cuyo objetivo es alinear los resultados de la investigaci\u00f3n con los valores de la sociedad.<\/p>\n<p>El proyecto centra su actividad en la mejora del compromiso con la sociedad, la inclusi\u00f3n de perspectivas de g\u00e9nero y cuestiones \u00e9ticas. Parte de las actividades pioneras que se realizan en la URV para iniciarse en un proceso de cocreaci\u00f3n de m\u00f3dulos de aprendizaje y aplicaci\u00f3n de un entorno inmediato: la ciudad de Tarragona. La Investigaci\u00f3n e Innovaci\u00f3n Responsable (RRI) aglutina aspectos transversales vinculados a todos los programas de investigaci\u00f3n financiados por la Uni\u00f3n Europea (2014-2020). La aplicaci\u00f3n de la RRI tiene como objetivo mejorar los sistemas de innovaci\u00f3n que aumentan su capacidad para aportar soluciones a los grandes retos de la sociedad.<\/p>\n<figure id=\"attachment_59888\" aria-labelledby=\"figcaption_attachment_59888\" class=\"wp-caption alignnone\" style=\"width: 1024px\"><a href=\"http:\/\/diaridigital.urv.cat\/wp-content\/uploads\/2019\/04\/file-18.jpg\"><img loading=\"lazy\" decoding=\"async\" class=\"size-large wp-image-59888\" src=\"http:\/\/diaridigital.urv.cat\/wp-content\/uploads\/2019\/04\/file-18-1024x768.jpg\" alt=\"\" width=\"1024\" height=\"768\" srcset=\"https:\/\/diaridigital.urv.cat\/wp-content\/uploads\/2019\/04\/file-18-1024x768.jpg 1024w, https:\/\/diaridigital.urv.cat\/wp-content\/uploads\/2019\/04\/file-18-300x225.jpg 300w, https:\/\/diaridigital.urv.cat\/wp-content\/uploads\/2019\/04\/file-18-768x576.jpg 768w, https:\/\/diaridigital.urv.cat\/wp-content\/uploads\/2019\/04\/file-18-800x600.jpg 800w\" sizes=\"auto, (max-width: 1024px) 100vw, 1024px\" \/><\/a><figcaption id=\"figcaption_attachment_59888\" class=\"wp-caption-text\">Imagen del encuentro con los socios del proyecto.<\/figcaption><\/figure>\n<p>En el proyecto participa la Fundaci\u00f3n Tarragona Smart Mediterranean City, la asociaci\u00f3n NOTUS (Barcelona), la Universidad Tampere (Finlandia), el Instituto de Econom\u00eda Innovadora y la Universidad Kozminski (ambos de Polonia).<\/p>\n<p>La cocreaci\u00f3n de los m\u00f3dulos de formaci\u00f3n continua es un proceso multidisciplinar y transversal en el que toman parte varios actores (empresas, organizaciones no gubernamentales y ciudades). Estas \u00faltimas son las m\u00e1s importantes en los procesos de innovaci\u00f3n. El material desarrollado ser\u00e1 abierto y servir\u00e1 para organizar y desarrollar los conceptos de la RRI. Ser\u00e1n unos documentos de buenas pr\u00e1cticas que cada uno podr\u00e1 adaptar a su realidad.<\/p>\n","protected":false},"excerpt":{"rendered":"<p>Se desarrollar\u00e1n m\u00f3dulos de aprendizaje para aplicar en una primera fase en Tarragona a trav\u00e9s de la Universidad y de la Fundaci\u00f3n Tarragona Smart Mediterranean City<\/p>\n","protected":false},"author":54,"featured_media":59894,"comment_status":"open","ping_status":"open","sticky":false,"template":"","format":"standard","meta":{"_acf_changed":false,"footnotes":""},"categories":[102,3467,245,83,100,123],"tags":[],"class_list":["post-64729","post","type-post","status-publish","format-standard","has-post-thumbnail","hentry","category-comunicacion-ciencia","category-ingenieria-quimica","category-escuela-ingenieria-quimica","category-general-es","category-investigacion","category-notas-prensa"],"acf":[],"_links":{"self":[{"href":"https:\/\/diaridigital.urv.cat\/es\/wp-json\/wp\/v2\/posts\/64729","targetHints":{"allow":["GET"]}}],"collection":[{"href":"https:\/\/diaridigital.urv.cat\/es\/wp-json\/wp\/v2\/posts"}],"about":[{"href":"https:\/\/diaridigital.urv.cat\/es\/wp-json\/wp\/v2\/types\/post"}],"author":[{"embeddable":true,"href":"https:\/\/diaridigital.urv.cat\/es\/wp-json\/wp\/v2\/users\/54"}],"replies":[{"embeddable":true,"href":"https:\/\/diaridigital.urv.cat\/es\/wp-json\/wp\/v2\/comments?post=64729"}],"version-history":[{"count":0,"href":"https:\/\/diaridigital.urv.cat\/es\/wp-json\/wp\/v2\/posts\/64729\/revisions"}],"wp:featuredmedia":[{"embeddable":true,"href":"https:\/\/diaridigital.urv.cat\/es\/wp-json\/wp\/v2\/media\/59894"}],"wp:attachment":[{"href":"https:\/\/diaridigital.urv.cat\/es\/wp-json\/wp\/v2\/media?parent=64729"}],"wp:term":[{"taxonomy":"category","embeddable":true,"href":"https:\/\/diaridigital.urv.cat\/es\/wp-json\/wp\/v2\/categories?post=64729"},{"taxonomy":"post_tag","embeddable":true,"href":"https:\/\/diaridigital.urv.cat\/es\/wp-json\/wp\/v2\/tags?post=64729"}],"curies":[{"name":"wp","href":"https:\/\/api.w.org\/{rel}","templated":true}]}}