{"id":65859,"date":"2019-10-01T14:27:40","date_gmt":"2019-10-01T12:27:40","guid":{"rendered":"http:\/\/diaridigital.urv.cat\/?p=65859"},"modified":"2019-10-01T14:28:23","modified_gmt":"2019-10-01T12:28:23","slug":"cientificos-internacionales-y-agentes-sociales-debatiran-en-la-urv-sobre-los-retos-del-cambio-climatico","status":"publish","type":"post","link":"https:\/\/diaridigital.urv.cat\/es\/cientificos-internacionales-y-agentes-sociales-debatiran-en-la-urv-sobre-los-retos-del-cambio-climatico\/","title":{"rendered":"Cient\u00edficos internacionales y agentes sociales debatir\u00e1n en la URV sobre los retos del cambio clim\u00e1tico"},"content":{"rendered":"<p>La investigaci\u00f3n cient\u00edfica es clave para dise\u00f1ar las respuestas adecuadas a los afectos del cambio clim\u00e1tico. Por ello, es necesario que los resultados de las investigaciones lleguen a los agentes pol\u00edticos, sociales y t\u00e9cnicos. Con el objetivo de facilitar el acceso al conocimiento cient\u00edfico y encontrar soluciones para el territorio, del 7 al 10 de octubre se celebrar\u00e1n en la URV las <a href=\"http:\/\/wwwa.fundacio.urv.cat\/congressos\/jornades-urv-2019\/es\" target=\"_blank\" rel=\"noopener\">Jornadas \u00abEmergencia Clim\u00e1tica y Transici\u00f3n Energ\u00e9tica. Retos de la Catalu\u00f1a Sur\u00bb<\/a>, organizadas por la propia Universidad y la Diputaci\u00f3n de Tarragona. Acad\u00e9micos de renombre internacional tratar\u00e1n la monitorizaci\u00f3n del cambio clim\u00e1tico, los efectos de la gesti\u00f3n energ\u00e9tica, el consumo de los recursos y su impacto social, mientras que agentes socioecon\u00f3micos, t\u00e9cnicos y pol\u00edticos debatir\u00e1n el \u00faltimo d\u00eda la estrategia de la Catalu\u00f1a Sur en este \u00e1mbito para los pr\u00f3ximos a\u00f1os.<\/p>\n<p>La URV tambi\u00e9n quiere implicar a la comunidad universitaria en la lucha contra el cambio clim\u00e1tico, por lo que ha invitado la investigadora de ciencias del medio ambiente de la Universidad de East Anglia (Gran Breta\u00f1a), Clare Goodess, a pronunciar la lecci\u00f3n inaugural del curso acad\u00e9mico 2019-20: \u00abPor qu\u00e9 la UEA ha declarado una emergencia para el clima y la biodiversidad\u00bb. El acto, que es abierto, se celebrar\u00e1 el 9 de octubre a las 12 h en el Aula Magna del campus Catalunya. Las investigaciones de Goodess facilitan el uso de la informaci\u00f3n clim\u00e1tica para varios sectores, incluyendo la sanidad, la agricultura, el turismo, las energ\u00edas renovables y las infraestructuras.<\/p>\n<p>La primera jornada del encuentro ser\u00e1, sin embargo, el 7 de octubre, y proporcionar\u00e1 informaci\u00f3n sobre c\u00f3mo la ciencia contribuye a mejorar el conocimiento, monitorizaci\u00f3n y predicci\u00f3n del cambio clim\u00e1tico. Tambi\u00e9n se explicar\u00e1 el impacto clim\u00e1tico en algunos de los ecosistemas de la Catalu\u00f1a Sur. Entre los ponentes de este d\u00eda destacan los presidentes de la Comisi\u00f3n de Climatolog\u00eda de la Organizaci\u00f3n Meteorol\u00f3gica Mundial: Manola Brunet, catedr\u00e1tica del Departamento de Geograf\u00eda de la URV, y Thomas Peterson, ex investigador jefe del NOAA&#8217;s National Center for Environmental Information en Ashville (Estados Unidos). Adem\u00e1s, habr\u00e1 una mesa redonda con representantes de los movimientos sociales de lucha contra el cambio clim\u00e1tico y periodistas especializados en informaci\u00f3n sobre el medio ambiente.<\/p>\n<p>Durante la segunda jornada, el 8 de octubre, se debatir\u00e1 sobre las estrategias de investigaci\u00f3n, desarrollo e innovaci\u00f3n para abordar la transici\u00f3n energ\u00e9tica y que el territorio tenga una agenda conjunta para guiar la estrategia en este campo los pr\u00f3ximos a\u00f1os, que reduzca los gases de efecto invernadero y al mismo tiempo garantice un desarrollo econ\u00f3mico sostenible. Uno de los ponentes destacados de este d\u00eda es Pim de Boer, asesor de pol\u00edtica estrat\u00e9gica de la Uni\u00f3n Europea para la Universidad Libre de \u00c1msterdam (Pa\u00edses Bajos).<\/p>\n<h5>Un foro para el territorio<\/h5>\n<p>El cuarto d\u00eda, el 10 de octubre, la jornada se transformar\u00e1 en un foro para que la sociedad civil, los agentes socioecon\u00f3micos, la Universidad, las administraciones y los actores pol\u00edticos de la regi\u00f3n debatan conjuntamente las actuaciones y la movilizaci\u00f3n necesaria para hacer frente a la emergencia clim\u00e1tica y a la transici\u00f3n ecoenerg\u00e8tica de la Catalu\u00f1a Sur. Entre las personas que intervendr\u00e1n en la mesa redonda inicial destacan Marc Castellnou, jefe de los GRAF de los Bomberos de la Generalitat, y Francisco Barbero, alcalde de Flix.<\/p>\n<figure id=\"attachment_65849\" aria-labelledby=\"figcaption_attachment_65849\" class=\"wp-caption alignnone\" style=\"width: 1024px\"><a href=\"http:\/\/diaridigital.urv.cat\/wp-content\/uploads\/2019\/10\/presentacio-jornades-emergencia-climatica.jpg\"><img loading=\"lazy\" decoding=\"async\" class=\"size-large wp-image-65849\" src=\"http:\/\/diaridigital.urv.cat\/wp-content\/uploads\/2019\/10\/presentacio-jornades-emergencia-climatica-1024x596.jpg\" alt=\"\" width=\"1024\" height=\"596\" srcset=\"https:\/\/diaridigital.urv.cat\/wp-content\/uploads\/2019\/10\/presentacio-jornades-emergencia-climatica-1024x596.jpg 1024w, https:\/\/diaridigital.urv.cat\/wp-content\/uploads\/2019\/10\/presentacio-jornades-emergencia-climatica-300x175.jpg 300w, https:\/\/diaridigital.urv.cat\/wp-content\/uploads\/2019\/10\/presentacio-jornades-emergencia-climatica-768x447.jpg 768w, https:\/\/diaridigital.urv.cat\/wp-content\/uploads\/2019\/10\/presentacio-jornades-emergencia-climatica.jpg 1319w\" sizes=\"auto, (max-width: 1024px) 100vw, 1024px\" \/><\/a><figcaption id=\"figcaption_attachment_65849\" class=\"wp-caption-text\">Un momento de la presentaci\u00f3n de las Jornadas \u00abEmergencia Clim\u00e1tica y Transici\u00f3n Energ\u00e9tica\u00bb, con Alberto Coronas, investigador de la URV; Noem\u00ed Llaurad\u00f3, presidenta de la Diputaci\u00f3n de Tarragona; Mar\u00eda Jos\u00e9 Figueras, rectora de la URV; Manola Brunet y Antoni Pigrau, investigadores de la URV.<\/figcaption><\/figure>\n<p>Con las Jornadas \u00abEmergencia Clim\u00e1tica y Transici\u00f3n Energ\u00e9tica\u00bb, la URV \u00abquiere actuar como catalizador de iniciativas que contrarresten el cambio clim\u00e1tico\u00bb, apunt\u00f3 la rectora, Mar\u00eda Jos\u00e9 Figueras durante la presentaci\u00f3n del evento. En este contexto, reiter\u00f3 el compromiso de la Universidad con la recuperaci\u00f3n de la zona de la Ribera de Ebro afectada por el incendio forestal de este verano, y ha explicado que \u00aben la cuarta jornada los diferentes agentes discutir\u00e1n c\u00f3mo hacer emerger este territorio a partir de proyectos de especializaci\u00f3n y competitividad territorial (PECT), con la implicaci\u00f3n de la Diputaci\u00f3n, los municipios, la Generalitat y la propia URV \u00ab.<\/p>\n<p>La presidenta de la Diputaci\u00f3n de Tarragona, Noem\u00ed Llaurad\u00f3, puntualiz\u00f3 que \u00abla emergencia clim\u00e1tica y la transici\u00f3n energ\u00e9tica son cuestiones que hay que afrontar y trabajar especialmente desde el mundo local. En concreto, desde el \u00e1mbito administrativo municipal y supramunicipal, convertidos en agentes reales de transformaci\u00f3n de h\u00e1bitos y pautas de conducta que progresivamente se extiendan al conjunto del pa\u00eds \u00ab.<\/p>\n<p>Adem\u00e1s del sitio web del evento, el programa completo se puede consultar <a href=\"http:\/\/diaridigital.urv.cat\/wp-content\/uploads\/2019\/10\/EmergenciaClimatica.pdf\" target=\"_blank\" rel=\"noopener\">aqu\u00ed<\/a>.<\/p>\n","protected":false},"excerpt":{"rendered":"<p>Las Jornadas \u00abEmergencia Clim\u00e1tica y Transici\u00f3n Energ\u00e9tica\u00bb se celebran en Tarragona del 7 al 10 de octubre para definir una estrategia de territorio para los pr\u00f3ximos a\u00f1os<\/p>\n","protected":false},"author":54,"featured_media":65847,"comment_status":"open","ping_status":"open","sticky":false,"template":"","format":"standard","meta":{"_acf_changed":false,"footnotes":""},"categories":[102,94,100,123],"tags":[],"class_list":["post-65859","post","type-post","status-publish","format-standard","has-post-thumbnail","hentry","category-comunicacion-ciencia","category-institucion","category-investigacion","category-notas-prensa"],"acf":[],"_links":{"self":[{"href":"https:\/\/diaridigital.urv.cat\/es\/wp-json\/wp\/v2\/posts\/65859","targetHints":{"allow":["GET"]}}],"collection":[{"href":"https:\/\/diaridigital.urv.cat\/es\/wp-json\/wp\/v2\/posts"}],"about":[{"href":"https:\/\/diaridigital.urv.cat\/es\/wp-json\/wp\/v2\/types\/post"}],"author":[{"embeddable":true,"href":"https:\/\/diaridigital.urv.cat\/es\/wp-json\/wp\/v2\/users\/54"}],"replies":[{"embeddable":true,"href":"https:\/\/diaridigital.urv.cat\/es\/wp-json\/wp\/v2\/comments?post=65859"}],"version-history":[{"count":0,"href":"https:\/\/diaridigital.urv.cat\/es\/wp-json\/wp\/v2\/posts\/65859\/revisions"}],"wp:featuredmedia":[{"embeddable":true,"href":"https:\/\/diaridigital.urv.cat\/es\/wp-json\/wp\/v2\/media\/65847"}],"wp:attachment":[{"href":"https:\/\/diaridigital.urv.cat\/es\/wp-json\/wp\/v2\/media?parent=65859"}],"wp:term":[{"taxonomy":"category","embeddable":true,"href":"https:\/\/diaridigital.urv.cat\/es\/wp-json\/wp\/v2\/categories?post=65859"},{"taxonomy":"post_tag","embeddable":true,"href":"https:\/\/diaridigital.urv.cat\/es\/wp-json\/wp\/v2\/tags?post=65859"}],"curies":[{"name":"wp","href":"https:\/\/api.w.org\/{rel}","templated":true}]}}