{"id":67286,"date":"2019-11-06T14:49:55","date_gmt":"2019-11-06T13:49:55","guid":{"rendered":"http:\/\/diaridigital.urv.cat\/?p=67286"},"modified":"2019-11-06T14:54:26","modified_gmt":"2019-11-06T13:54:26","slug":"mas-de-50-actividades-divulgativas-acercan-la-ciencia-al-territorio","status":"publish","type":"post","link":"https:\/\/diaridigital.urv.cat\/es\/mas-de-50-actividades-divulgativas-acercan-la-ciencia-al-territorio\/","title":{"rendered":"M\u00e1s de 50 actividades divulgativas acercan la ciencia al territorio"},"content":{"rendered":"<p>La <a href=\"https:\/\/setmanaciencia.fundaciorecerca.cat\/frontend\/\">Semana de la Ciencia<\/a> esel acontecimiento de divulgaci\u00f3n de la ciencia m\u00e1s importante en el \u00e1mbito europeo. Durante unos d\u00edas, un gran n\u00famero de entidades e instituciones organizan actividades con el objetivo de fomentar el inter\u00e9s de la sociedad por la ciencia y el conocimiento, y de ense\u00f1ar los \u00faltimos avances cient\u00edficos y tecnol\u00f3gicos de forma atractiva y cercana.<\/p>\n<p>Este a\u00f1o 2019, la Semana de la Ciencia coincide con el A\u00f1o Internacional de la Tabla Peri\u00f3dica de los Elementos Qu\u00edmicos, en que se conmemora el 150 aniversario del descubrimiento del Sistema Peri\u00f3dico por Dmitri Mendeliev, en 1869. Tiene lugar del 8 al 17 de noviembre, aunque se organizan tambi\u00e9n actos previos y posteriores.<\/p>\n<p>Una de las actividades centrales de la Semana de la Ciencia es la de <a href=\"http:\/\/www.comciencia.urv.cat\/ca\/setmana-de-la-ciencia\/ciencia-al-teatre\/\">Ciencia en el Teatro<\/a>, que la URV organitza por s\u00e9ptimo a\u00f1o consecutivo y se har\u00e1 el 12 de noviembre por la ma\u00f1ana en el Teatre Bartrina de Reus. Se ha preparado un espect\u00e1culo que combina la final del concurso Quieres saber qu\u00e9 investigo? y los mon\u00f3logos de los Big Van, cient\u00edficos sobre ruedas.<\/p>\n<p>La <a href=\"http:\/\/www.comciencia.urv.cat\/ca\/setmana-de-la-ciencia-2018\/campus-extens\/\">Semana de la Ciencia al Campus Extens<\/a> ofrece talleres y actividades en los municipios del Camp de Tarragona y las Terres de l&#8217;Ebre, donde se encuentra una de las sedes del campus extens de la Universidad, con el objetivo de abrir este acontecimineto a nuevos p\u00fablicos y al territorio.<\/p>\n<p>Por otro lado, llega la s\u00e9ptima edici\u00f3n del programa <a href=\"http:\/\/www.urv.cat\/ca\/recerca\/divulgacio\/escoles\/fem-recerca\/\">\u201cFem recerca!\u201d<\/a>, una actividad que permite a los estudiantes de secundaria entrar en los laboratorios y en las aulas de la Universidad para participar en talleres cient\u00edficos, y ser los protagonistas durante unas horas. Adem\u00e1s se organizan en el CRAI de Sescelades talleres experimentales en los que un millar de alumnos de los \u00faltimos cursos de primaria y de secundaria pueden realizar actividades sencillas y atractivas que ilustran diversos contenidos cient\u00edficos.<\/p>\n<figure id=\"attachment_67270\" aria-labelledby=\"figcaption_attachment_67270\" class=\"wp-caption alignnone\" style=\"width: 1024px\"><a href=\"http:\/\/diaridigital.urv.cat\/wp-content\/uploads\/2019\/11\/IMG_7636-Large.jpg\"><img loading=\"lazy\" decoding=\"async\" class=\"size-large wp-image-67270\" src=\"http:\/\/diaridigital.urv.cat\/wp-content\/uploads\/2019\/11\/IMG_7636-Large-1024x683.jpg\" alt=\"\" width=\"1024\" height=\"683\" srcset=\"https:\/\/diaridigital.urv.cat\/wp-content\/uploads\/2019\/11\/IMG_7636-Large-1024x683.jpg 1024w, https:\/\/diaridigital.urv.cat\/wp-content\/uploads\/2019\/11\/IMG_7636-Large-300x200.jpg 300w, https:\/\/diaridigital.urv.cat\/wp-content\/uploads\/2019\/11\/IMG_7636-Large-768x512.jpg 768w, https:\/\/diaridigital.urv.cat\/wp-content\/uploads\/2019\/11\/IMG_7636-Large.jpg 1620w\" sizes=\"auto, (max-width: 1024px) 100vw, 1024px\" \/><\/a><figcaption id=\"figcaption_attachment_67270\" class=\"wp-caption-text\">Esta semana ya ha empezado la ruta cient\u00edfica Mart\u00ed i Franqu\u00e8s, que recorre diversos espacios de Tarragona.<\/figcaption><\/figure>\n<p>Desde este lunes tambi\u00e9n se est\u00e1 llevando a cabo la <a href=\"http:\/\/www.comciencia.urv.cat\/ca\/ruta-marti-franques\/\">ruta cient\u00edfica Antoni de Mart\u00ed i Franqu\u00e8s<\/a>, una ruta teatralizada que acerca la figura de este qu\u00edmico catal\u00e1n que ten\u00eda su laboratorio en Tarragona.<\/p>\n<p>Adem\u00e1s, durante este mes de noviembre contin\u00faa el ciclo <a href=\"http:\/\/www.comciencia.urv.cat\/ca\/ciencia-vi\/\">\u201cLa ci\u00e8ncia del vi\u201d<\/a>, con talleres sobre diferentes disciplinas cient\u00edficas que tienen este producto como hilo conductor y en el que se tastan dos vinos de la DO Tarragona, que colabora con la iniciativa. El ciclo lo imparten investigadores y docentes de la URV y el 13 de noviembre le toca el turno al en\u00f3logo Toni S\u00e0nchez, que conducir\u00e1 la charla \u00abEl vino, un placer para los sentidos\u00bb, en el Espai Turisme de Tarragona.<\/p>\n<p>La Semana de la Ciencia en Tarragona cuenta tambi\u00e9n con las actividades que organizan institutos de investigaci\u00f3n, centros tecnol\u00f3gicos, museos y fundaciones, que completan una programaci\u00f3n conjunta en la que se pueden encontrar actividades variadas y dirigidas a todo tipo de p\u00fablico.<\/p>\n<p>Las actividades de Ci\u00e8ncia al Teatre y la ruta cient\u00edfica Antoni de Mart\u00ed i Franqu\u00e8s tienen el apoyo de la <a href=\"http:\/\/www.fecyt.es\">Fundaci\u00f3n Espa\u00f1ola para la Ciencia y la Tecnolog\u00eda (Fecyt)<\/a> \u2013 <a href=\"http:\/\/www.ciencia.gob.es\/portal\/site\/MICINN\/\">Ministerio de Ciencia, Innovaci\u00f3n y Universidades.<\/a><\/p>\n<p>En Catalu\u00f1a, la Semana de la Ciencia es una iniciativa coordinada por la Fundaci\u00f3 Catalana per a la Recerca que ha llegado este a\u00f1o a la 23a edici\u00f3n.<\/p>\n<p>Pod\u00e9is ver todas las actividades en este <a href=\"http:\/\/www.comciencia.urv.cat\/ca\/setmana-de-la-ciencia-2018\/activitats\/\">enlla\u00e7<\/a>.<\/p>\n","protected":false},"excerpt":{"rendered":"<p>Esta semana ya se han iniciado las actividades previas de la Semana de la Ciencia 2019, que empieza oficialmente este viernes 8 de noviembre <\/p>\n","protected":false},"author":5,"featured_media":67269,"comment_status":"open","ping_status":"open","sticky":false,"template":"","format":"standard","meta":{"_acf_changed":false,"footnotes":""},"categories":[102,83,100,123,108],"tags":[],"class_list":["post-67286","post","type-post","status-publish","format-standard","has-post-thumbnail","hentry","category-comunicacion-ciencia","category-general-es","category-investigacion","category-notas-prensa","category-sociedad"],"acf":[],"_links":{"self":[{"href":"https:\/\/diaridigital.urv.cat\/es\/wp-json\/wp\/v2\/posts\/67286","targetHints":{"allow":["GET"]}}],"collection":[{"href":"https:\/\/diaridigital.urv.cat\/es\/wp-json\/wp\/v2\/posts"}],"about":[{"href":"https:\/\/diaridigital.urv.cat\/es\/wp-json\/wp\/v2\/types\/post"}],"author":[{"embeddable":true,"href":"https:\/\/diaridigital.urv.cat\/es\/wp-json\/wp\/v2\/users\/5"}],"replies":[{"embeddable":true,"href":"https:\/\/diaridigital.urv.cat\/es\/wp-json\/wp\/v2\/comments?post=67286"}],"version-history":[{"count":0,"href":"https:\/\/diaridigital.urv.cat\/es\/wp-json\/wp\/v2\/posts\/67286\/revisions"}],"wp:featuredmedia":[{"embeddable":true,"href":"https:\/\/diaridigital.urv.cat\/es\/wp-json\/wp\/v2\/media\/67269"}],"wp:attachment":[{"href":"https:\/\/diaridigital.urv.cat\/es\/wp-json\/wp\/v2\/media?parent=67286"}],"wp:term":[{"taxonomy":"category","embeddable":true,"href":"https:\/\/diaridigital.urv.cat\/es\/wp-json\/wp\/v2\/categories?post=67286"},{"taxonomy":"post_tag","embeddable":true,"href":"https:\/\/diaridigital.urv.cat\/es\/wp-json\/wp\/v2\/tags?post=67286"}],"curies":[{"name":"wp","href":"https:\/\/api.w.org\/{rel}","templated":true}]}}