{"id":67642,"date":"2019-11-18T11:26:33","date_gmt":"2019-11-18T10:26:33","guid":{"rendered":"http:\/\/diaridigital.urv.cat\/?p=67642"},"modified":"2020-08-04T13:51:30","modified_gmt":"2020-08-04T11:51:30","slug":"cerca-de-300-personas-conocen-a-antoni-de-marti-y-franques-a-traves-de-una-ruta-cientifica","status":"publish","type":"post","link":"https:\/\/diaridigital.urv.cat\/es\/cerca-de-300-personas-conocen-a-antoni-de-marti-y-franques-a-traves-de-una-ruta-cientifica\/","title":{"rendered":"Cerca de 300 personas conocen a Antoni de Mart\u00ed i Franqu\u00e8s a trav\u00e9s de una ruta cient\u00edfica"},"content":{"rendered":"<p>Durante diez d\u00edas, Antoni de Mart\u00ed y Franqu\u00e9s ha recurrido de nuevo las calles de la Parte Alta de Tarragona acompa\u00f1ado de estudiantes y familias que escuchaban sus reflexiones. Esta recreaci\u00f3n ha sido posible gracias a la ruta teatralizada sobre este qu\u00edmico nacido en Altafulla y muy arraigado en Tarragona. A trav\u00e9s de su testimonio, los asistentes a la ruta han podido conocer c\u00f3mo se viv\u00eda en la ciudad a finales del siglo XVIII y principios del XIX y cu\u00e1les eran sus inquetudes cient\u00edficas en cada etapa de su vida. Este a\u00f1o se ha hecho una adaptaci\u00f3n de la ruta con motivo del A\u00f1o Internacional de la Tabla Peri\u00f3dica, y se ha hecho divulgaci\u00f3n del tratado elemental de qu\u00edmica de Antoine Lavoisier, quien elabor\u00f3 \u200b\u200bun listado de elementos qu\u00edmicos en 1.789.<\/p>\n<figure id=\"attachment_67623\" aria-labelledby=\"figcaption_attachment_67623\" class=\"wp-caption alignnone\" style=\"width: 1024px\"><a href=\"http:\/\/diaridigital.urv.cat\/wp-content\/uploads\/2019\/11\/DSC09674-Large.jpg\"><img loading=\"lazy\" decoding=\"async\" class=\"size-large wp-image-67623\" src=\"https:\/\/diaridigital.urv.cat\/wp-content\/uploads\/2019\/11\/DSC09674-Large-1024x576.jpg\" alt=\"\" width=\"1024\" height=\"576\" srcset=\"https:\/\/diaridigital.urv.cat\/wp-content\/uploads\/2019\/11\/DSC09674-Large-1024x576.jpg 1024w, https:\/\/diaridigital.urv.cat\/wp-content\/uploads\/2019\/11\/DSC09674-Large-300x169.jpg 300w, https:\/\/diaridigital.urv.cat\/wp-content\/uploads\/2019\/11\/DSC09674-Large-768x432.jpg 768w, https:\/\/diaridigital.urv.cat\/wp-content\/uploads\/2019\/11\/DSC09674-Large.jpg 1919w\" sizes=\"auto, (max-width: 1024px) 100vw, 1024px\" \/><\/a><figcaption id=\"figcaption_attachment_67623\" class=\"wp-caption-text\">Uno de los momentos de la ruta Mart\u00ed y Franqu\u00e8s, a su paso por la Casa Castellarnau de Tarragona.<\/figcaption><\/figure>\n<p>Un a\u00f1o m\u00e1s, y en el marco de la Semana de la Ciencia, esta actividad se ha ofrecido para 7 institutos y escuelas y el s\u00e1bado 16 de noviembre se abri\u00f3 al p\u00fablico general y tambi\u00e9n a chicos y chicas de un Centro Residencial de Acci\u00f3n Educativa (CRAE) de Tarragona. En total, han participado cerca de 300 personas.<\/p>\n<p><a href=\"http:\/\/diaridigital.urv.cat\/wp-content\/uploads\/2019\/11\/IMG_7623-Large.jpg\"><img loading=\"lazy\" decoding=\"async\" class=\"alignnone size-large wp-image-67636\" src=\"https:\/\/diaridigital.urv.cat\/wp-content\/uploads\/2019\/11\/IMG_7623-Large-1024x683.jpg\" alt=\"\" width=\"1024\" height=\"683\" srcset=\"https:\/\/diaridigital.urv.cat\/wp-content\/uploads\/2019\/11\/IMG_7623-Large-1024x683.jpg 1024w, https:\/\/diaridigital.urv.cat\/wp-content\/uploads\/2019\/11\/IMG_7623-Large-300x200.jpg 300w, https:\/\/diaridigital.urv.cat\/wp-content\/uploads\/2019\/11\/IMG_7623-Large-768x512.jpg 768w, https:\/\/diaridigital.urv.cat\/wp-content\/uploads\/2019\/11\/IMG_7623-Large.jpg 1620w\" sizes=\"auto, (max-width: 1024px) 100vw, 1024px\" \/><\/a><\/p>\n<p>Antoni Mart\u00ed Franqu\u00e8s naci\u00f3 en Altafulla en 1750 y contribuy\u00f3 a diversos campos del conocimiento de forma destacada. La visita teatralizada acerca de forma did\u00e1ctica la vida de este cient\u00edfico catal\u00e1n y sus descubrimientos. Los visitantes visitaron calles y palacios del centro hist\u00f3rico de Tarragona que tienen relaci\u00f3n con la vida y la investigaci\u00f3n de Mart\u00ed y Franqu\u00e8s, desde el Camp de Mart hasta el Pla de la Seu, pasando por el lugar donde ten\u00eda el laboratorio, en la calle Santa Anna.<\/p>\n<p>Esta actividad est\u00e1 organizada por la Unidad de Comunicaci\u00f3n de la Ciencia de la URV en colaboraci\u00f3n con la empresa Itinere, y est\u00e1 cofinanciada por la <a href=\"http:\/\/www.fecyt.es\">Fundaci\u00f3n Espa\u00f1ola para la Ciencia y la Tecnolog\u00eda (FECYT)-Ministerio de Ciencia, Innovaci\u00f3n y Universidades.<\/a><\/p>\n","protected":false},"excerpt":{"rendered":"<p>Estudiantes de secundaria y p\u00fablico general se acercan a la figura del qu\u00edmico catal\u00e1n nacido en Altafulla, en una de las 50 actividades programadas en el marco de la Semana de la Ciencia<\/p>\n","protected":false},"author":5,"featured_media":67635,"comment_status":"open","ping_status":"open","sticky":false,"template":"","format":"standard","meta":{"_acf_changed":false,"footnotes":""},"categories":[117,102,123],"tags":[],"class_list":["post-67642","post","type-post","status-publish","format-standard","has-post-thumbnail","hentry","category-ciencia-y-tecnologia","category-comunicacion-ciencia","category-notas-prensa"],"acf":[],"_links":{"self":[{"href":"https:\/\/diaridigital.urv.cat\/es\/wp-json\/wp\/v2\/posts\/67642","targetHints":{"allow":["GET"]}}],"collection":[{"href":"https:\/\/diaridigital.urv.cat\/es\/wp-json\/wp\/v2\/posts"}],"about":[{"href":"https:\/\/diaridigital.urv.cat\/es\/wp-json\/wp\/v2\/types\/post"}],"author":[{"embeddable":true,"href":"https:\/\/diaridigital.urv.cat\/es\/wp-json\/wp\/v2\/users\/5"}],"replies":[{"embeddable":true,"href":"https:\/\/diaridigital.urv.cat\/es\/wp-json\/wp\/v2\/comments?post=67642"}],"version-history":[{"count":0,"href":"https:\/\/diaridigital.urv.cat\/es\/wp-json\/wp\/v2\/posts\/67642\/revisions"}],"wp:featuredmedia":[{"embeddable":true,"href":"https:\/\/diaridigital.urv.cat\/es\/wp-json\/wp\/v2\/media\/67635"}],"wp:attachment":[{"href":"https:\/\/diaridigital.urv.cat\/es\/wp-json\/wp\/v2\/media?parent=67642"}],"wp:term":[{"taxonomy":"category","embeddable":true,"href":"https:\/\/diaridigital.urv.cat\/es\/wp-json\/wp\/v2\/categories?post=67642"},{"taxonomy":"post_tag","embeddable":true,"href":"https:\/\/diaridigital.urv.cat\/es\/wp-json\/wp\/v2\/tags?post=67642"}],"curies":[{"name":"wp","href":"https:\/\/api.w.org\/{rel}","templated":true}]}}