{"id":68071,"date":"2019-11-11T08:24:10","date_gmt":"2019-11-11T07:24:10","guid":{"rendered":"http:\/\/diaridigital.urv.cat\/?p=68071"},"modified":"2019-11-25T14:24:45","modified_gmt":"2019-11-25T13:24:45","slug":"la-excavacion-de-la-cueva-de-la-font-major-en-la-espluga-de-francoli-quiere-determinar-que-uso-tuvo-durante-la-protohistoria","status":"publish","type":"post","link":"https:\/\/diaridigital.urv.cat\/es\/la-excavacion-de-la-cueva-de-la-font-major-en-la-espluga-de-francoli-quiere-determinar-que-uso-tuvo-durante-la-protohistoria\/","title":{"rendered":"La excavaci\u00f3n de la Cueva de la Font Major, en la Espluga de Francol\u00ed, quiere determinar qu\u00e9 uso tuvo durante la protohistoria"},"content":{"rendered":"<p>El historiador Salvador Vilaseca explor\u00f3 la Cueva de la Font Major de la Espluga de Francol\u00ed (Conca de Barber\u00e0) en los a\u00f1os 60 y confirm\u00f3 su ocupaci\u00f3n en la \u00e9poca protohist\u00f3rica a partir de los hallazgos de cer\u00e1mica y diferentes elementos met\u00e1licos en dos espacios: la Sala del Lago y la Sala de la Mamella. Desde entonces poco m\u00e1s se sab\u00eda. Ahora, el grupo de investigaci\u00f3n GRESEPIA, del Departamento de Historia e Historia del Arte de la URV, se ha propuesto determinar espec\u00edficamente en qu\u00e9 momento de la historia se utiliz\u00f3 la Sala del Lago y qu\u00e9 uso ten\u00eda. Lo hace con una campa\u00f1a de excavaci\u00f3n que comenz\u00f3 a finales de octubre.<\/p>\n<p>Como resultado de la intervenci\u00f3n, dirigida por Ivan Cots y Mar\u00eda P\u00e9rez, se ha constatado la existencia de materiales cer\u00e1micos en muy buen estado de conservaci\u00f3n, tales como urnas hechas a mano que podr\u00edan fecharse entre los siglos IX y VI aC , y varios elementos met\u00e1licos que formar\u00edan parte de ornamentos personales, as\u00ed como tambi\u00e9n una punta de lanza, pero ning\u00fan elemento estrictamente ib\u00e9rico.<\/p>\n<p>Jordi Diloli, director de GRESEPIA y coordinador de esta excavaci\u00f3n ha se\u00f1alado que \u00abconsiderando que los trabajos de Salvador Vilaseca sacaron a la luz unos pocillos fechados en los siglos II y I aC. es curioso que no encontr\u00e1ramos nada en medio de estos dos periodos\u00bb.<\/p>\n<figure id=\"attachment_67319\" aria-labelledby=\"figcaption_attachment_67319\" class=\"wp-caption alignnone\" style=\"width: 1024px\"><a href=\"http:\/\/diaridigital.urv.cat\/wp-content\/uploads\/2019\/11\/punta-llan\u00e7a.jpg\"><img loading=\"lazy\" decoding=\"async\" class=\"size-large wp-image-67319\" src=\"http:\/\/diaridigital.urv.cat\/wp-content\/uploads\/2019\/11\/punta-llan\u00e7a-1024x576.jpg\" alt=\"\" width=\"1024\" height=\"576\" srcset=\"https:\/\/diaridigital.urv.cat\/wp-content\/uploads\/2019\/11\/punta-llan\u00e7a-1024x576.jpg 1024w, https:\/\/diaridigital.urv.cat\/wp-content\/uploads\/2019\/11\/punta-llan\u00e7a-300x169.jpg 300w, https:\/\/diaridigital.urv.cat\/wp-content\/uploads\/2019\/11\/punta-llan\u00e7a-768x432.jpg 768w, https:\/\/diaridigital.urv.cat\/wp-content\/uploads\/2019\/11\/punta-llan\u00e7a.jpg 1600w\" sizes=\"auto, (max-width: 1024px) 100vw, 1024px\" \/><\/a><figcaption id=\"figcaption_attachment_67319\" class=\"wp-caption-text\">Hallazgo de elementos met\u00e1licos en la Cueva de la Font Major de la Espluga de Francol\u00ed.<\/figcaption><\/figure>\n<h5>Una necr\u00f3polis o un espacio sagrado donde se celebraban otros ritos?<\/h5>\n<p>Los hallazgos de elementos met\u00e1licos y vasos auguran \u00abresultados importantes\u00bb, apunta el investigador de la URV, pero para responder todos los interrogantes planteados habr\u00e1 que continuar la excavaci\u00f3n siguiendo los objetivos del proyecto, al que el Ayuntamiento de la Espluga aporta apoyo econ\u00f3mico y log\u00edstico a trav\u00e9s de un convenio de colaboraci\u00f3n. Las excavaciones de los pr\u00f3ximos dos a\u00f1os permitir\u00e1n confirmar las hip\u00f3tesis de los investigadores: si la Sala del Lago era una necr\u00f3polis o un espacio sagrado donde se celebraban otros tipos de ritos.<\/p>\n<p>La excavaci\u00f3n en la Sala del Lago de la Cueva de la Font Major forma parte del proyecto cuatrienal de investigaci\u00f3n \u00abEvoluci\u00f3n y poblamiento prehist\u00f3rico en las cuencas de los r\u00edos Francol\u00ed, Gai\u00e0, Siurana y arroyos del Camp de Tarragona (2018-2021)\u00bb, financiado por el Departamento de Cultura de la Generalitat y coordinado por el Instituto Catal\u00e1n de Paleoecolog\u00eda Humana y Evoluci\u00f3n Social (IPHES). La primera intervenci\u00f3n estaba prevista para que durara dos semanas, pero ha sido necesario acortarla debido a las intensas lluvias que afectaron el caudal del r\u00edo Francol\u00ed, que en el espacio de la cueva tiene una de sus fuentes principales.<\/p>\n","protected":false},"excerpt":{"rendered":"<p>El grupo de investigaci\u00f3n GRESEPIA se propone confirmar si en la Sala del Lago hac\u00edan ritos en \u00e9poca preib\u00e9rica y ib\u00e9rica y si estaban relacionados con el mundo de la muerte u otros ritos de paso<\/p>\n","protected":false},"author":54,"featured_media":67318,"comment_status":"open","ping_status":"open","sticky":false,"template":"","format":"standard","meta":{"_acf_changed":false,"footnotes":""},"categories":[3473,253,83,4243,100,123],"tags":[],"class_list":["post-68071","post","type-post","status-publish","format-standard","has-post-thumbnail","hentry","category-historia-es","category-facultad-letras","category-general-es","category-grupos","category-investigacion","category-notas-prensa"],"acf":[],"_links":{"self":[{"href":"https:\/\/diaridigital.urv.cat\/es\/wp-json\/wp\/v2\/posts\/68071","targetHints":{"allow":["GET"]}}],"collection":[{"href":"https:\/\/diaridigital.urv.cat\/es\/wp-json\/wp\/v2\/posts"}],"about":[{"href":"https:\/\/diaridigital.urv.cat\/es\/wp-json\/wp\/v2\/types\/post"}],"author":[{"embeddable":true,"href":"https:\/\/diaridigital.urv.cat\/es\/wp-json\/wp\/v2\/users\/54"}],"replies":[{"embeddable":true,"href":"https:\/\/diaridigital.urv.cat\/es\/wp-json\/wp\/v2\/comments?post=68071"}],"version-history":[{"count":0,"href":"https:\/\/diaridigital.urv.cat\/es\/wp-json\/wp\/v2\/posts\/68071\/revisions"}],"wp:featuredmedia":[{"embeddable":true,"href":"https:\/\/diaridigital.urv.cat\/es\/wp-json\/wp\/v2\/media\/67318"}],"wp:attachment":[{"href":"https:\/\/diaridigital.urv.cat\/es\/wp-json\/wp\/v2\/media?parent=68071"}],"wp:term":[{"taxonomy":"category","embeddable":true,"href":"https:\/\/diaridigital.urv.cat\/es\/wp-json\/wp\/v2\/categories?post=68071"},{"taxonomy":"post_tag","embeddable":true,"href":"https:\/\/diaridigital.urv.cat\/es\/wp-json\/wp\/v2\/tags?post=68071"}],"curies":[{"name":"wp","href":"https:\/\/api.w.org\/{rel}","templated":true}]}}