{"id":69444,"date":"2020-01-17T07:53:20","date_gmt":"2020-01-17T06:53:20","guid":{"rendered":"http:\/\/diaridigital.urv.cat\/?p=69444"},"modified":"2020-01-20T13:55:21","modified_gmt":"2020-01-20T12:55:21","slug":"el-plazo-para-participar-en-el-ix-concurso-de-diseno-de-la-carpeta-urv-esta-abierto","status":"publish","type":"post","link":"https:\/\/diaridigital.urv.cat\/es\/el-plazo-para-participar-en-el-ix-concurso-de-diseno-de-la-carpeta-urv-esta-abierto\/","title":{"rendered":"El plazo para participar en el IX Concurso de Dise\u00f1o de la Carpeta URV est\u00e1 abierto"},"content":{"rendered":"<p>El IX Concurso de Dise\u00f1o de la Carpeta URV ya est\u00e1 abierto. Las personas matriculadas en el curso 2019-20 en estudios de grado, m\u00e1ster oficial o doctorado pueden presentar propuestas hasta el pr\u00f3ximo 21 de febrero a las 13:30 h en los <a href=\"https:\/\/seuelectronica.urv.cat\/registre.html\" target=\"_blank\" rel=\"noopener\">registros de la Universidad<\/a>. El dise\u00f1o ganador ilustrar\u00e1 la carpeta de los estudiantes del curso 2020-21 y obtendr\u00e1 600 euros.<\/p>\n<p>Las propuestas deben ser originales e in\u00e9ditas, se pueden presentar individualmente o en equipo y deben respetar los valores que la Universidad tiene como referentes: la solidaridad, la cooperaci\u00f3n, la sostenibilidad, la equidad de g\u00e9nero y el respeto a las personas.<\/p>\n<p>Los mismos estudiantes podr\u00e1n escoger, mediante votaci\u00f3n electr\u00f3nica, la propuesta ganadora de entre seis finalistas, que se publicar\u00e1n en la web de la Universidad a partir del 9 de marzo, despu\u00e9s de la decisi\u00f3n de un jurado formado por miembros de la URV y profesionales del \u00e1mbito del dise\u00f1o y la comunicaci\u00f3n.<\/p>\n<p>Las bases del concurso se pueden consultar en <a href=\"http:\/\/www.urv.cat\/ca\/informacio-per-a\/estudiants\/concurs-carpeta\/\" target=\"_blank\" rel=\"noopener\">la web<\/a>.<\/p>\n","protected":false},"excerpt":{"rendered":"<p>Los estudiantes de grado, m\u00e1ster y doctorado pueden presentar propuestas hasta el 21 de febrero<\/p>\n","protected":false},"author":54,"featured_media":69373,"comment_status":"open","ping_status":"open","sticky":false,"template":"","format":"standard","meta":{"_acf_changed":false,"footnotes":""},"categories":[87,83],"tags":[],"class_list":["post-69444","post","type-post","status-publish","format-standard","has-post-thumbnail","hentry","category-estudiantes","category-general-es"],"acf":[],"_links":{"self":[{"href":"https:\/\/diaridigital.urv.cat\/es\/wp-json\/wp\/v2\/posts\/69444","targetHints":{"allow":["GET"]}}],"collection":[{"href":"https:\/\/diaridigital.urv.cat\/es\/wp-json\/wp\/v2\/posts"}],"about":[{"href":"https:\/\/diaridigital.urv.cat\/es\/wp-json\/wp\/v2\/types\/post"}],"author":[{"embeddable":true,"href":"https:\/\/diaridigital.urv.cat\/es\/wp-json\/wp\/v2\/users\/54"}],"replies":[{"embeddable":true,"href":"https:\/\/diaridigital.urv.cat\/es\/wp-json\/wp\/v2\/comments?post=69444"}],"version-history":[{"count":0,"href":"https:\/\/diaridigital.urv.cat\/es\/wp-json\/wp\/v2\/posts\/69444\/revisions"}],"wp:featuredmedia":[{"embeddable":true,"href":"https:\/\/diaridigital.urv.cat\/es\/wp-json\/wp\/v2\/media\/69373"}],"wp:attachment":[{"href":"https:\/\/diaridigital.urv.cat\/es\/wp-json\/wp\/v2\/media?parent=69444"}],"wp:term":[{"taxonomy":"category","embeddable":true,"href":"https:\/\/diaridigital.urv.cat\/es\/wp-json\/wp\/v2\/categories?post=69444"},{"taxonomy":"post_tag","embeddable":true,"href":"https:\/\/diaridigital.urv.cat\/es\/wp-json\/wp\/v2\/tags?post=69444"}],"curies":[{"name":"wp","href":"https:\/\/api.w.org\/{rel}","templated":true}]}}