{"id":69566,"date":"2020-01-20T12:15:11","date_gmt":"2020-01-20T11:15:11","guid":{"rendered":"http:\/\/diaridigital.urv.cat\/?p=69566"},"modified":"2020-02-04T14:37:58","modified_gmt":"2020-02-04T13:37:58","slug":"concluye-el-curso-de-formacion-continuada-la-industria-4-0-excellencia-operacional-i-eines-lean","status":"publish","type":"post","link":"https:\/\/diaridigital.urv.cat\/es\/concluye-el-curso-de-formacion-continuada-la-industria-4-0-excellencia-operacional-i-eines-lean\/","title":{"rendered":"Concluye el curso de formaci\u00f3n continuada \u201cLa ind\u00fastria 4.0: excel\u00b7l\u00e8ncia operacional i eines Lean\u201d"},"content":{"rendered":"<p>El\u00a0curso de formaci\u00f3n continuada <a href=\"http:\/\/www.fq.urv.cat\/es\/estudios\/cursos\/industria-40\/\" target=\"_blank\" rel=\"noopener\">\u201cLa ind\u00fastria 4.0: excel\u00b7l\u00e8ncia operacional i eines Lean\u201d<\/a>, que ofrece la Facultad de Qu\u00edmica y que comenz\u00f3 el curso 2018-19, ha acabado su segunda edici\u00f3n. El objetivo es crear una red de peque\u00f1as y medianas empresas y emprendedores del Camp de Tarragona, para concienciar, formar, promover, impulsar y desarrollar iniciativas y cambios tecnol\u00f3gicos en los procesos de producci\u00f3n de la industria en los pr\u00f3ximos a\u00f1os.<\/p>\n<p>Este a\u00f1o el curso ha contado con la participaci\u00f3n y colaboraci\u00f3n de dos empresas del territorio, Kellogg\u2019s, en Valls, y Araiz Suministros El\u00e9ctricos, en Riuclar (Tarragona), que han permitido experimentar con visitas y talleres las iniciativas empresariales de industria 4.0.<\/p>\n<figure id=\"attachment_69420\" aria-labelledby=\"figcaption_attachment_69420\" class=\"wp-caption alignnone\" style=\"width: 1024px\"><a href=\"http:\/\/diaridigital.urv.cat\/wp-content\/uploads\/2020\/01\/foto_portada.jpg\"><img loading=\"lazy\" decoding=\"async\" class=\"wp-image-69420 size-large\" src=\"http:\/\/diaridigital.urv.cat\/wp-content\/uploads\/2020\/01\/foto_portada-e1579517903958-1024x666.jpg\" alt=\"\" width=\"1024\" height=\"666\" srcset=\"https:\/\/diaridigital.urv.cat\/wp-content\/uploads\/2020\/01\/foto_portada-e1579517903958-1024x666.jpg 1024w, https:\/\/diaridigital.urv.cat\/wp-content\/uploads\/2020\/01\/foto_portada-e1579517903958-300x195.jpg 300w, https:\/\/diaridigital.urv.cat\/wp-content\/uploads\/2020\/01\/foto_portada-e1579517903958-768x500.jpg 768w, https:\/\/diaridigital.urv.cat\/wp-content\/uploads\/2020\/01\/foto_portada-e1579517903958.jpg 1180w\" sizes=\"auto, (max-width: 1024px) 100vw, 1024px\" \/><\/a><figcaption id=\"figcaption_attachment_69420\" class=\"wp-caption-text\">Visita a Kellogg&#8217;s.<\/figcaption><\/figure>\n<p>Emilli Angl\u00e9s de Kellogg\u2019s imparti\u00f3 una conferencia del mapa de ruta de la industria 4.0 mientras Pau Coll y Enric Pijoan de ARAIZ hicieron un taller de Co-bots y Xavier Utrilla hizo una conferencia de RPA (Robotic Process Automation).<\/p>\n<figure id=\"attachment_69414\" aria-labelledby=\"figcaption_attachment_69414\" class=\"wp-caption alignnone\" style=\"width: 634px\"><a href=\"http:\/\/diaridigital.urv.cat\/wp-content\/uploads\/2020\/01\/araiz_1.jpg\"><img loading=\"lazy\" decoding=\"async\" class=\"wp-image-69414 size-full\" src=\"http:\/\/diaridigital.urv.cat\/wp-content\/uploads\/2020\/01\/araiz_1-e1579517646767.jpg\" alt=\"\" width=\"634\" height=\"487\" srcset=\"https:\/\/diaridigital.urv.cat\/wp-content\/uploads\/2020\/01\/araiz_1-e1579517646767.jpg 634w, https:\/\/diaridigital.urv.cat\/wp-content\/uploads\/2020\/01\/araiz_1-e1579517646767-300x230.jpg 300w\" sizes=\"auto, (max-width: 634px) 100vw, 634px\" \/><\/a><figcaption id=\"figcaption_attachment_69414\" class=\"wp-caption-text\">Un momento de la visita a Araiz Suministros El\u00e9ctricos.<\/figcaption><\/figure>\n<p><span style=\"font-size: 1rem;\">Cabe destacar la colaboraci\u00f3n del programa <a href=\"http:\/\/www.talentup.cat\/es\/\" target=\"_blank\" rel=\"noopener\">Talent-up<\/a>, que cuenta con un equipo de facilitadores y mentores especialistas en la gesti\u00f3n del\u00a0talento, la motivaci\u00f3n y la empat\u00eda. En la docencia del curso han participado Pio Puig y Susanna Miquel, ambos <em>Certified Strenghts Coaches<\/em>, que han llevado a cabo dos sesssions de identificaci\u00f3n y desarrollo de talento de los alumnos a trav\u00e9s del Clifton StrengthsFinder.<\/span><\/p>\n<figure id=\"attachment_69423\" aria-labelledby=\"figcaption_attachment_69423\" class=\"wp-caption alignnone\" style=\"width: 1024px\"><a href=\"http:\/\/diaridigital.urv.cat\/wp-content\/uploads\/2020\/01\/fq.jpg\"><img loading=\"lazy\" decoding=\"async\" class=\"wp-image-69423 size-large\" src=\"http:\/\/diaridigital.urv.cat\/wp-content\/uploads\/2020\/01\/fq-1024x1024.jpg\" alt=\"\" width=\"1024\" height=\"1024\" srcset=\"https:\/\/diaridigital.urv.cat\/wp-content\/uploads\/2020\/01\/fq-1024x1024.jpg 1024w, https:\/\/diaridigital.urv.cat\/wp-content\/uploads\/2020\/01\/fq-150x150.jpg 150w, https:\/\/diaridigital.urv.cat\/wp-content\/uploads\/2020\/01\/fq-300x300.jpg 300w, https:\/\/diaridigital.urv.cat\/wp-content\/uploads\/2020\/01\/fq-768x768.jpg 768w, https:\/\/diaridigital.urv.cat\/wp-content\/uploads\/2020\/01\/fq.jpg 1280w\" sizes=\"auto, (max-width: 1024px) 100vw, 1024px\" \/><\/a><figcaption id=\"figcaption_attachment_69423\" class=\"wp-caption-text\">Clases del curso \u201cLa ind\u00fastria 4.0: excel\u00b7l\u00e8ncia operacional i eines Lean\u201d en la Facultad de Qu\u00edmica de la URV.<\/figcaption><\/figure>\n","protected":false},"excerpt":{"rendered":"<p>Los emprendedores y profesionales de las industrias del territorio han hecho visitas y talleres en las empresas Kellogg\u2019s y Araiz Suministros El\u00e9ctricos durante la segunda edici\u00f3n del curso<\/p>\n","protected":false},"author":44,"featured_media":69419,"comment_status":"open","ping_status":"open","sticky":false,"template":"","format":"standard","meta":{"_acf_changed":false,"footnotes":""},"categories":[255],"tags":[],"class_list":["post-69566","post","type-post","status-publish","format-standard","has-post-thumbnail","hentry","category-facultad-quimica"],"acf":[],"_links":{"self":[{"href":"https:\/\/diaridigital.urv.cat\/es\/wp-json\/wp\/v2\/posts\/69566","targetHints":{"allow":["GET"]}}],"collection":[{"href":"https:\/\/diaridigital.urv.cat\/es\/wp-json\/wp\/v2\/posts"}],"about":[{"href":"https:\/\/diaridigital.urv.cat\/es\/wp-json\/wp\/v2\/types\/post"}],"author":[{"embeddable":true,"href":"https:\/\/diaridigital.urv.cat\/es\/wp-json\/wp\/v2\/users\/44"}],"replies":[{"embeddable":true,"href":"https:\/\/diaridigital.urv.cat\/es\/wp-json\/wp\/v2\/comments?post=69566"}],"version-history":[{"count":0,"href":"https:\/\/diaridigital.urv.cat\/es\/wp-json\/wp\/v2\/posts\/69566\/revisions"}],"wp:featuredmedia":[{"embeddable":true,"href":"https:\/\/diaridigital.urv.cat\/es\/wp-json\/wp\/v2\/media\/69419"}],"wp:attachment":[{"href":"https:\/\/diaridigital.urv.cat\/es\/wp-json\/wp\/v2\/media?parent=69566"}],"wp:term":[{"taxonomy":"category","embeddable":true,"href":"https:\/\/diaridigital.urv.cat\/es\/wp-json\/wp\/v2\/categories?post=69566"},{"taxonomy":"post_tag","embeddable":true,"href":"https:\/\/diaridigital.urv.cat\/es\/wp-json\/wp\/v2\/tags?post=69566"}],"curies":[{"name":"wp","href":"https:\/\/api.w.org\/{rel}","templated":true}]}}