{"id":70897,"date":"2020-02-27T18:00:32","date_gmt":"2020-02-27T17:00:32","guid":{"rendered":"http:\/\/diaridigital.urv.cat\/?p=70897"},"modified":"2020-02-28T09:41:22","modified_gmt":"2020-02-28T08:41:22","slug":"nuevo-grado-ingenieria-matematica-fisica-curso-2021-22","status":"publish","type":"post","link":"https:\/\/diaridigital.urv.cat\/es\/nuevo-grado-ingenieria-matematica-fisica-curso-2021-22\/","title":{"rendered":"La URV prepara un nuevo grado de Ingenier\u00eda Matem\u00e1tica y F\u00edsica para el curso 2021-22"},"content":{"rendered":"<p>El Consejo de Gobierno de este 27 de febrero ha aprobado una propuesta de nueva titulaci\u00f3n oficial para el curso 2021-22, que ser\u00e1 necesario que supere el proceso de verificaci\u00f3n de la Agencia de Calidad Universitaria: el grado de Ingenier\u00eda Matem\u00e1tica y F\u00edsica. Se trata una propuesta interdisciplinar que pretende formar a graduados en el \u00e1mbito de la f\u00edsica y de las matem\u00e1ticas con una orientaci\u00f3n muy aplicada, ya que es un perfil con demanda en el mercado laboral. Este grado, que ofrecer\u00e1 la ETSE dentro de dos cursos y el 40% del contenido del cual se impartir\u00e1 en ingl\u00e9s, dar\u00eda continuidad a la URV a los estudiantes de Bachillerato que actualmente participan en el programa <a href=\"http:\/\/www.urv.cat\/es\/investigacion\/divulgacion\/escuelas\/talento-joven\/\" target=\"_blank\" rel=\"noopener\">Talento Joven en F\u00edsica y Matem\u00e1ticas de la URV<\/a>.<\/p>\n<p>Asimismo, se ha aprobado la oferta de t\u00edtulos propios para el pr\u00f3ximo curso: 7 nuevas propuestas, entre las que destacan el Postgrado en Industria Cosm\u00e9tica y Dermofarmacia; el Postgrado en Tecnolog\u00edas del Aprendizaje y del Conocimiento; el Postgrado en Liderazgo, y el Master en Gesti\u00f3n de la Rob\u00f3tica en la Empresa.<\/p>\n<h5>Aprobado el III Plan de Igualdad<\/h5>\n<p>Els membres del Consell de Govern tamb\u00e9 han aprovat el III Pla d&#8217;Igualtat de la Universitat (2020-2023), que ha elaborat una comissi\u00f3 integrada per representants de tots els col\u00b7lectius de la URV. Aquest tercer pla s&#8217;estructura en 5 eixos:\u00a0\u00a01. La URV, una instituci\u00f3 compromesa amb la igualtat\u00a0de g\u00e8nere;\u00a02. Diagnosi del sexisme i sensibilitzaci\u00f3 a favor de la\u00a0igualtat;\u00a03. Igualtat de condicions en l&#8217;acc\u00e9s, la promoci\u00f3 i\u00a0l&#8217;organitzaci\u00f3 del treball;\u00a04. Promoci\u00f3 de la perspectiva de g\u00e8nere en la doc\u00e8ncia, i 5.\u00a0Dones, Ci\u00e8ncia i Perspectiva de G\u00e8nere a la URV. Cadascun d&#8217;ells es divideix en mesures i accions que les despleguen amb la identificaci\u00f3 de responsables i agents implicats per cada mesura. L&#8217;objectiu del pla, ha explicat Inma Pastor, codirectora de l&#8217;Observatori de la Igualtat, ha estat fer una universitat m\u00e9s meritocr\u00e0tica i transparent. Una de les novetats \u00e9s l&#8217;avaluaci\u00f3 que caldr\u00e0 fer al cap dels dos anys de l&#8217;entrada en vigor del pla.<\/p>\n<p>Los miembros del Consejo de Gobierno tambi\u00e9n han aprobado el III Plan de Igualdad de la Universidad (2020-2023), que ha elaborado una comisi\u00f3n integrada por representantes de todos los colectivos de la URV. Este tercer plan se estructura en 5 ejes: 1. La URV, una instituci\u00f3n comprometida con la igualdad de g\u00e9nero; 2. Diagn\u00f3stico del sexismo y sensibilizaci\u00f3n a favor de la igualdad; 3. Igualdad de condiciones en el acceso, la promoci\u00f3n y la organizaci\u00f3n del trabajo; 4. Promoci\u00f3n de la perspectiva de g\u00e9nero en la docencia, y 5. Mujeres, Ciencia y Perspectiva de G\u00e9nero en la URV. Cada uno de ellos se divide en medidas y acciones que las desarrollan con la identificaci\u00f3n de responsables y agentes implicados para cada medida. El objetivo del plan, explic\u00f3 Inma Pastor, codirectora del Observatorio de la Igualdad, ha sido hacer una universidad m\u00e1s meritocr\u00e1tica y transparente. Una de las novedades es la evaluaci\u00f3n que habr\u00e1 que hacer al cabo de los dos a\u00f1os de la entrada en vigor del plan.<\/p>\n<h5>El ingl\u00e9s, asignatura pendiente<\/h5>\n<p>Por otra parte, la vicerrectora de Estudiantes y Empleabilidad, Maria Bonet, inform\u00f3 de los resultados de la prueba de nivel de ingl\u00e9s que hicieron 2.338 estudiantes de nuevo acceso al iniciarse este curso. Bonet ha hecho hincapi\u00e9 en la necesidad de haber mejorado el conocimiento del ingl\u00e9s o una tercera lengua al finalizar los estudios, teniendo en cuenta los resultados de la prueba: la mitad de los estudiantes evaluados ten\u00edan un nivel inferior al B1 y s\u00f3lo el 7% tienen un nivel C1.<\/p>\n<p>En este sentido, la URV ofrece diferentes recursos: los cursos del Servicio Ling\u00fc\u00edstico, con un precio subvencionado pr\u00e1cticamente en su totalidad; los grupos de conversaci\u00f3n, recursos y asesoramiento del Espacio de Aprendizaje de Lenguas, y una recopilaci\u00f3n de recursos para el trabajo independiente.<\/p>\n<p>Por \u00faltimo, se ha aprobado conceder la medalla de plata de la Universidad a Federico Mayor Zaragoza, presidente de la Fundaci\u00f3n Cultura de Paz y ex Director General de la UNESCO (1987-1999). Esta distinci\u00f3n de la URV reconoce las personas que a lo largo de su trayectoria han defendido los valores de la Universidad. La URV le otorgar\u00e1 la medalla el pr\u00f3ximo 20 de marzo en Tortosa durante la conmemoraci\u00f3n del aniversario de la UNESCO.<\/p>\n<p>Hasta 307 personas han seguido el Consejo de Gobierno por <em>streaming<\/em> en alg\u00fan momento.<\/p>\n","protected":false},"excerpt":{"rendered":"<p>El Consejo de Gobierno tambi\u00e9n ha aprobado el III Plan de Igualdad<\/p>\n","protected":false},"author":54,"featured_media":70845,"comment_status":"open","ping_status":"open","sticky":false,"template":"","format":"standard","meta":{"_acf_changed":false,"footnotes":""},"categories":[244,83,3987,139,94,123],"tags":[],"class_list":["post-70897","post","type-post","status-publish","format-standard","has-post-thumbnail","hentry","category-escuela-ingenieria","category-general-es","category-grados","category-igualdad","category-institucion","category-notas-prensa"],"acf":[],"_links":{"self":[{"href":"https:\/\/diaridigital.urv.cat\/es\/wp-json\/wp\/v2\/posts\/70897","targetHints":{"allow":["GET"]}}],"collection":[{"href":"https:\/\/diaridigital.urv.cat\/es\/wp-json\/wp\/v2\/posts"}],"about":[{"href":"https:\/\/diaridigital.urv.cat\/es\/wp-json\/wp\/v2\/types\/post"}],"author":[{"embeddable":true,"href":"https:\/\/diaridigital.urv.cat\/es\/wp-json\/wp\/v2\/users\/54"}],"replies":[{"embeddable":true,"href":"https:\/\/diaridigital.urv.cat\/es\/wp-json\/wp\/v2\/comments?post=70897"}],"version-history":[{"count":0,"href":"https:\/\/diaridigital.urv.cat\/es\/wp-json\/wp\/v2\/posts\/70897\/revisions"}],"wp:featuredmedia":[{"embeddable":true,"href":"https:\/\/diaridigital.urv.cat\/es\/wp-json\/wp\/v2\/media\/70845"}],"wp:attachment":[{"href":"https:\/\/diaridigital.urv.cat\/es\/wp-json\/wp\/v2\/media?parent=70897"}],"wp:term":[{"taxonomy":"category","embeddable":true,"href":"https:\/\/diaridigital.urv.cat\/es\/wp-json\/wp\/v2\/categories?post=70897"},{"taxonomy":"post_tag","embeddable":true,"href":"https:\/\/diaridigital.urv.cat\/es\/wp-json\/wp\/v2\/tags?post=70897"}],"curies":[{"name":"wp","href":"https:\/\/api.w.org\/{rel}","templated":true}]}}