{"id":71420,"date":"2020-03-11T11:30:52","date_gmt":"2020-03-11T10:30:52","guid":{"rendered":"http:\/\/diaridigital.urv.cat\/?p=71420"},"modified":"2020-03-11T11:18:33","modified_gmt":"2020-03-11T10:18:33","slug":"la-urv-se-une-a-11-centros-de-investigacion-y-universidades-catalanas-para-impulsar-el-sector-del-internet-de-las-cosas","status":"publish","type":"post","link":"https:\/\/diaridigital.urv.cat\/es\/la-urv-se-une-a-11-centros-de-investigacion-y-universidades-catalanas-para-impulsar-el-sector-del-internet-de-las-cosas\/","title":{"rendered":"La URV se une a 11 centros de investigaci\u00f3n y universidades catalanas para impulsar el sector del Internet de las Cosas"},"content":{"rendered":"<p>Doce centros de investigaci\u00f3n y universidades de Catalu\u00f1a. entre ellas la Universitat Rovira i Virgili, han creado la agrupaci\u00f3n FEM-IoT con el objetivo de impulsar la transferencia y la investigaci\u00f3n en el \u00e1mbito del Internet de las Cosas (IOT) como un campo estrat\u00e9gico y de gran potencial dentro del sector TIC. A pesar de ser todav\u00eda un mercado emergente, gracias al gran abanico de aplicaciones que ofrecen las tecnolog\u00edas IOT, se prev\u00e9 que en los pr\u00f3ximos a\u00f1os se incremente ampliamente su demanda para mejorar la competitividad del tejido empresarial catal\u00e1n en \u00e1mbitos como la industria, las ciudades o la movilidad inteligente.<\/p>\n<p>Dado que la IOT se basa en una combinaci\u00f3n de tecnolog\u00edas conectadas, los doce centros que forman el proyecto son l\u00edderes en el desarrollo de soluciones IOT en \u00e1reas diversas como la conectividad, la sens\u00f3rica, la computaci\u00f3n, la ciberseguridad o la optimizaci\u00f3n del consumo energ\u00e9tico. La agrupaci\u00f3n, por lo tanto, permitir\u00e1 generar un modelo de coordinaci\u00f3n con la voluntad de compartir, colaborar y establecer estrategias comunes en la investigaci\u00f3n y la transferencia de resultados. El principal objetivo de la agrupaci\u00f3n es sumar capacidades para adaptarse mejor a las demandas de este mercado tecnol\u00f3gico, evitar la fragmentaci\u00f3n de soluciones y garantizar la interoperabilidad.<\/p>\n<p>Adem\u00e1s de la URV, FEM-IOT est\u00e1 formado por la Fundaci\u00f3n i2CAT, l\u00edder de la agrupaci\u00f3n, la Universidad Polit\u00e9cnica de Catalu\u00f1a (UPC), la Universidad Pompeu Fabra (UPF), la Universidad Abierta de Catalu\u00f1a (UOC), el Barcelona Supercomputing Center centro Nacional de Supercomputaci\u00f3n (BSC-CNS), el centro Internacional de M\u00e9todos Num\u00e9ricos en Ingenier\u00eda (CIMNE), el centro Tecnol\u00f3gico de Telecomunicaciones de Catalu\u00f1a (CTTC), el centro de Visi\u00f3n por Computador (CVC), el centro tecnol\u00f3gico Eurecat, el centro tecnol\u00f3gico LEITAT y el Instituto de Investigaci\u00f3n en Energ\u00eda de Catalu\u00f1a (IREC).<\/p>\n<p><span class=\"tlid-translation translation\" lang=\"es\"><span title=\"\">Por parte de<\/span> <span title=\"\">la<\/span> <span title=\"\">URV<\/span><span title=\"\">,<\/span> <span title=\"\">en este proyecto<\/span> <span title=\"\">participa el<\/span> <span title=\"\">grupo de investigaci\u00f3n<\/span> <span title=\"\">CRISES<\/span> <span title=\"\">con<\/span> <span class=\"\" title=\"\">Jordi Castell\u00e0<\/span> <span class=\"\" title=\"\">como investigador<\/span> <span title=\"\">principal y<\/span> <span class=\"\" title=\"\">los investigadores<\/span> <span title=\"\">Alex<\/span> <span title=\"\">Viejo<\/span><span title=\"\">,<\/span> <span title=\"\">Jos\u00e9<\/span> <span title=\"\">Domingo<\/span> <span title=\"\">y<\/span> <span title=\"\">Carlos<\/span> <span class=\"\" title=\"\">Angles.<\/span> <span title=\"\">El grupo<\/span> <span title=\"\">se encargar\u00e1<\/span> <span title=\"\">del estudio<\/span> <span title=\"\">y de hacer la<\/span> <span title=\"\">propuesta<\/span> <span class=\"\" title=\"\">de ciberseguridad<\/span> <span title=\"\">y privacidad<\/span> <span title=\"\">de los datos,<\/span> <span title=\"\">adem\u00e1s<\/span> <span title=\"\">de desarrollar<\/span> <span title=\"\">un prototipo<\/span> <span title=\"\">de control<\/span> <span title=\"\">de acceso a<\/span> <span title=\"\">zonas<\/span> <span title=\"\">de<\/span> <span title=\"\">bajas<\/span> <span class=\"\" title=\"\">emisiones.<\/span><\/span><\/p>\n<h5>Dos proyectos para Smart Cities<\/h5>\n<p>La agrupaci\u00f3n impulsar\u00e1 dos proyectos de investigaci\u00f3n para trabajar conjuntamente los retos de futuro de la IOT en Catalu\u00f1a, concretamente en el \u00e1mbito de las ciudades inteligentes.<\/p>\n<p>El primer proyecto, denominado \u00abInfraestructuras de Calle Conectada\u00bb y coordinado por la Fundaci\u00f3n i2CAT, tiene el objetivo de dise\u00f1ar una arquitectura global e integrada capaz de dar respuesta a todas las necesidades de conectividad y servicios de una ciudad inteligente. Concretamente, el proyecto analizar\u00e1 c\u00f3mo este modelo de infraestructura puede dar cabida a los requerimientos de movilidad y latencia de los veh\u00edculos conectados y, m\u00e1s adelante, los veh\u00edculos aut\u00f3nomos y los drones. Adem\u00e1s de trabajar para reducir la fragmentaci\u00f3n de las soluciones existentes, el proyecto tambi\u00e9n desarrollar\u00e1 tecnolog\u00edas de bajo consumo como base para conectar los miles de dispositivos que se prev\u00e9n desplegar en las ciudades del futuro.<\/p>\n<p>La recogida masiva de datos es una de las principales caracter\u00edsticas de las plataformas yate en el \u00e1mbito urbano. Con el fin de promover una eficaz compartici\u00f3n y explotaci\u00f3n de estos datos, FEM-IOT pondr\u00e1 en marcha un segundo proyecto bajo la coordinaci\u00f3n de CIMNE, llamado \u00abValorizaci\u00f3n de los datos del IOT\u00bb, con el objetivo de unificar est\u00e1ndares de hardware y software. Este proyecto se centrar\u00e1, inicialmente, en dos casos de uso de la ciudad de Barcelona: el del control de los flujos energ\u00e9ticos en las calles y el del control de la movilidad e intensidad del tr\u00e1fico.<\/p>\n<p>FEM-IOT es una de las 9 agrupaciones de tecnolog\u00edas emergentes acreditadas por la Generalitat de Catalunya y est\u00e1 cofinanciado por el Fondo Europeo de Desarrollo Regional de la Uni\u00f3n Europea en el marco del Programa Operativo FEDER 2014 a 2020 con una dotaci\u00f3n de 1.997.659 euros .<\/p>\n","protected":false},"excerpt":{"rendered":"<p>Han creado la agrupaci\u00f3n FEM-IoT, una de las nueve agrupaciones acreditadas por la Generalitat de Catalunya para desarrollar y transferir al mercado tecnolog\u00edas emergentes<\/p>\n","protected":false},"author":5,"featured_media":71417,"comment_status":"open","ping_status":"open","sticky":false,"template":"","format":"standard","meta":{"_acf_changed":false,"footnotes":""},"categories":[117,102,3463,244,83,100,123],"tags":[],"class_list":["post-71420","post","type-post","status-publish","format-standard","has-post-thumbnail","hentry","category-ciencia-y-tecnologia","category-comunicacion-ciencia","category-ingenieria-informatica-matematicas","category-escuela-ingenieria","category-general-es","category-investigacion","category-notas-prensa"],"acf":[],"_links":{"self":[{"href":"https:\/\/diaridigital.urv.cat\/es\/wp-json\/wp\/v2\/posts\/71420","targetHints":{"allow":["GET"]}}],"collection":[{"href":"https:\/\/diaridigital.urv.cat\/es\/wp-json\/wp\/v2\/posts"}],"about":[{"href":"https:\/\/diaridigital.urv.cat\/es\/wp-json\/wp\/v2\/types\/post"}],"author":[{"embeddable":true,"href":"https:\/\/diaridigital.urv.cat\/es\/wp-json\/wp\/v2\/users\/5"}],"replies":[{"embeddable":true,"href":"https:\/\/diaridigital.urv.cat\/es\/wp-json\/wp\/v2\/comments?post=71420"}],"version-history":[{"count":0,"href":"https:\/\/diaridigital.urv.cat\/es\/wp-json\/wp\/v2\/posts\/71420\/revisions"}],"wp:featuredmedia":[{"embeddable":true,"href":"https:\/\/diaridigital.urv.cat\/es\/wp-json\/wp\/v2\/media\/71417"}],"wp:attachment":[{"href":"https:\/\/diaridigital.urv.cat\/es\/wp-json\/wp\/v2\/media?parent=71420"}],"wp:term":[{"taxonomy":"category","embeddable":true,"href":"https:\/\/diaridigital.urv.cat\/es\/wp-json\/wp\/v2\/categories?post=71420"},{"taxonomy":"post_tag","embeddable":true,"href":"https:\/\/diaridigital.urv.cat\/es\/wp-json\/wp\/v2\/tags?post=71420"}],"curies":[{"name":"wp","href":"https:\/\/api.w.org\/{rel}","templated":true}]}}