{"id":73007,"date":"2020-04-23T20:47:51","date_gmt":"2020-04-23T18:47:51","guid":{"rendered":"http:\/\/diaridigital.urv.cat\/?p=73007"},"modified":"2020-04-23T20:48:23","modified_gmt":"2020-04-23T18:48:23","slug":"el-profesor-oscar-requena-gana-un-premio-a-la-mejor-tesi-doctoral","status":"publish","type":"post","link":"https:\/\/diaridigital.urv.cat\/es\/el-profesor-oscar-requena-gana-un-premio-a-la-mejor-tesi-doctoral\/","title":{"rendered":"El profesor de Derecho P\u00fablico, \u00d3scar Requena, gana un premio a la mejor tesi doctoral"},"content":{"rendered":"<div class=\"row\">\n<div class=\"nine columns\">\n<p>\u00d3scar Requena Montes, profesor del \u00c1rea de Derecho del Trabajo y de la Seguridad Social del Departamento de Derecho P\u00fablico, ha ganado el premio otorgado por la Asociaci\u00f3n Espa\u00f1ola de Derecho del Trabajo y de la Seguridad Social a la mejor tesis doctoral defendida durante los a\u00f1os 2018 y 2019.<\/p>\n<p>La tesis de \u00d3scar Requena, defendida en la Universitat de Val\u00e8ncia, lleva por t\u00edtulo \u00abFormaci\u00f3n profesional continua y prestaci\u00f3n de trabajo: el art\u00edculo 23 del Estatuto de los Trabajadores como mecanismo de conciliaci\u00f3n\u00bb y fue dirigida por los profesores Fernando Fita Ortega i \u00c1ngel Blasco Pellicer.<\/p>\n<p>El premio fue creado con el objetivo de premiar la excelencia en las etapas iniciales de la carrera acad\u00e9mica. Han formado parte del Jurado: Joaqu\u00edn Garc\u00eda Murcia (Universidad Complutense de Madrid), Sebasti\u00e1n de Soto Rioja (Universidad de Huelva), Carolina Gala Dur\u00e1n (Universitat Aut\u00f2noma de Barcelona), M\u00aa de los Reyes Mart\u00ednez Barroso (Universidad de Le\u00f3n) y Raquel Yolanda Quintanilla Navarro (Universidad Rey Juan Carlos).<\/p>\n<\/div>\n<\/div>\n","protected":false},"excerpt":{"rendered":"<p>La tesis trata sobre el art\u00edculo 23 del Estatuto de los Trabajadores como mecanismo de conciliaci\u00f3n<\/p>\n","protected":false},"author":30,"featured_media":73071,"comment_status":"open","ping_status":"open","sticky":false,"template":"","format":"standard","meta":{"_acf_changed":false,"footnotes":""},"categories":[3483,252,89],"tags":[],"class_list":["post-73007","post","type-post","status-publish","format-standard","has-post-thumbnail","hentry","category-derecho-publico","category-facultad-ciencias-juridicas","category-pdi-es"],"acf":[],"_links":{"self":[{"href":"https:\/\/diaridigital.urv.cat\/es\/wp-json\/wp\/v2\/posts\/73007","targetHints":{"allow":["GET"]}}],"collection":[{"href":"https:\/\/diaridigital.urv.cat\/es\/wp-json\/wp\/v2\/posts"}],"about":[{"href":"https:\/\/diaridigital.urv.cat\/es\/wp-json\/wp\/v2\/types\/post"}],"author":[{"embeddable":true,"href":"https:\/\/diaridigital.urv.cat\/es\/wp-json\/wp\/v2\/users\/30"}],"replies":[{"embeddable":true,"href":"https:\/\/diaridigital.urv.cat\/es\/wp-json\/wp\/v2\/comments?post=73007"}],"version-history":[{"count":0,"href":"https:\/\/diaridigital.urv.cat\/es\/wp-json\/wp\/v2\/posts\/73007\/revisions"}],"wp:featuredmedia":[{"embeddable":true,"href":"https:\/\/diaridigital.urv.cat\/es\/wp-json\/wp\/v2\/media\/73071"}],"wp:attachment":[{"href":"https:\/\/diaridigital.urv.cat\/es\/wp-json\/wp\/v2\/media?parent=73007"}],"wp:term":[{"taxonomy":"category","embeddable":true,"href":"https:\/\/diaridigital.urv.cat\/es\/wp-json\/wp\/v2\/categories?post=73007"},{"taxonomy":"post_tag","embeddable":true,"href":"https:\/\/diaridigital.urv.cat\/es\/wp-json\/wp\/v2\/tags?post=73007"}],"curies":[{"name":"wp","href":"https:\/\/api.w.org\/{rel}","templated":true}]}}