{"id":73360,"date":"2020-04-30T15:00:34","date_gmt":"2020-04-30T13:00:34","guid":{"rendered":"http:\/\/diaridigital.urv.cat\/jornades-de-portes-obertes-virtuals-a-la-facultat-de-quimica-del-7-al-9-de-maig\/"},"modified":"2020-05-04T13:00:49","modified_gmt":"2020-05-04T11:00:49","slug":"jornades-de-portes-obertes-virtuals-a-la-facultat-de-quimica-del-7-al-9-de-maig","status":"publish","type":"post","link":"https:\/\/diaridigital.urv.cat\/es\/jornades-de-portes-obertes-virtuals-a-la-facultat-de-quimica-del-7-al-9-de-maig\/","title":{"rendered":"Jornadas de Puertas Abiertas virtuales en la Facultad de Qu\u00edmica del 7 al 9 de mayo"},"content":{"rendered":"<p>En el stand virtual de la Facultad de Qu\u00edmica podr\u00e1s obtener informaci\u00f3n de los estudios que se imparten en el centro:<\/p>\n<ul>\n<li>Grado de Qu\u00edmica<\/li>\n<li>Grado de Qu\u00edmica en ingl\u00e9s<\/li>\n<li>Grado de Bioqu\u00edmica y Biolog\u00eda Molecular<\/li>\n<li>Doble grado de Biotecnolog\u00eda y Bioqu\u00edmica y Biolog\u00eda Molecular<\/li>\n<li>M\u00e1ster en Gen\u00e9tica, F\u00edsica y Qu\u00edmica Forense<\/li>\n<li>M\u00e1ster en Nutrici\u00f3n y Metabolismo<\/li>\n<li>M\u00e1ster en S\u00edntesis, Cat\u00e1lisis y Dise\u00f1o Molecular<\/li>\n<li>M\u00e1ster en T\u00e9cnicas Cromatogr\u00e1ficas Aplicadas<\/li>\n<li>M\u00e1ster en Herramientas para el Desarrollo Profesional en la Industria<\/li>\n<\/ul>\n<p>Adem\u00e1s de poder acceder a los tr\u00edpticos de lostudios, documentos explicativos, fotograf\u00edas de las instalaciones, v\u00eddeos y dem\u00e1s material de inter\u00e9s, se organizar\u00e1n eventos para la presentaci\u00f3n en directo de grados y m\u00e1steres y cada titulaci\u00f3n dispondr\u00e1 de un chat para atender todas tus consultas.<\/p>\n<p>A diferencia de las jornadas presenciales, esta cita se dirige tanto a los estudiantes de secundaria que acceder\u00e1n a la universidad el pr\u00f3ximo curso, como a los universitarios que quieren continuar su formaci\u00f3n al terminar el grado.<\/p>\n<p>Para acceder a las Jornadas de Puertas abiertas virtuales hay que inscribirse a trav\u00e9s de la web\u00a0<a href=\"https:\/\/www.urv.cat\/es\/estudios\/urv-en-casa\/\" target=\"_blank\" rel=\"noopener\">urv.cat\/encasa<\/a>.<\/p>\n<ul>\n<li>D\u00edas: 7, 8 y 9 de mayo.<\/li>\n<li><a href=\"https:\/\/portesobertes.urv.cat\" target=\"_blank\" rel=\"noopener\">Inscripci\u00f3n abierta<\/a> hasta el d\u00eda 9 de mayo.<\/li>\n<\/ul>\n<p>Para cualquier duda, contacta con la Facultad de Qu\u00edmica, <a href=\"mailto:deganat.fq@urv.cat\">deganat.fq@urv.cat<\/a>.<\/p>\n","protected":false},"excerpt":{"rendered":"<p>Estos tres d\u00edas la URV abre sus puertas virtualmente para que los futuros estudiantes conozcan la oferta de grados, m\u00e1steres y doctorados de la universidad<\/p>\n","protected":false},"author":44,"featured_media":20818,"comment_status":"open","ping_status":"open","sticky":false,"template":"","format":"standard","meta":{"_acf_changed":false,"footnotes":""},"categories":[255],"tags":[],"class_list":["post-73360","post","type-post","status-publish","format-standard","has-post-thumbnail","hentry","category-facultad-quimica"],"acf":[],"_links":{"self":[{"href":"https:\/\/diaridigital.urv.cat\/es\/wp-json\/wp\/v2\/posts\/73360","targetHints":{"allow":["GET"]}}],"collection":[{"href":"https:\/\/diaridigital.urv.cat\/es\/wp-json\/wp\/v2\/posts"}],"about":[{"href":"https:\/\/diaridigital.urv.cat\/es\/wp-json\/wp\/v2\/types\/post"}],"author":[{"embeddable":true,"href":"https:\/\/diaridigital.urv.cat\/es\/wp-json\/wp\/v2\/users\/44"}],"replies":[{"embeddable":true,"href":"https:\/\/diaridigital.urv.cat\/es\/wp-json\/wp\/v2\/comments?post=73360"}],"version-history":[{"count":0,"href":"https:\/\/diaridigital.urv.cat\/es\/wp-json\/wp\/v2\/posts\/73360\/revisions"}],"wp:featuredmedia":[{"embeddable":true,"href":"https:\/\/diaridigital.urv.cat\/es\/wp-json\/wp\/v2\/media\/20818"}],"wp:attachment":[{"href":"https:\/\/diaridigital.urv.cat\/es\/wp-json\/wp\/v2\/media?parent=73360"}],"wp:term":[{"taxonomy":"category","embeddable":true,"href":"https:\/\/diaridigital.urv.cat\/es\/wp-json\/wp\/v2\/categories?post=73360"},{"taxonomy":"post_tag","embeddable":true,"href":"https:\/\/diaridigital.urv.cat\/es\/wp-json\/wp\/v2\/tags?post=73360"}],"curies":[{"name":"wp","href":"https:\/\/api.w.org\/{rel}","templated":true}]}}