{"id":76894,"date":"2020-09-14T12:04:25","date_gmt":"2020-09-14T10:04:25","guid":{"rendered":"https:\/\/diaridigital.urv.cat\/?p=76894"},"modified":"2020-09-16T07:55:13","modified_gmt":"2020-09-16T05:55:13","slug":"seis-de-cada-diez-estudiantes-ha-sufrido-o-conoce-alguien-victima-de-violencia-contra-lgbtiq-en-las-universidades-catalanas","status":"publish","type":"post","link":"https:\/\/diaridigital.urv.cat\/es\/seis-de-cada-diez-estudiantes-ha-sufrido-o-conoce-alguien-victima-de-violencia-contra-lgbtiq-en-las-universidades-catalanas\/","title":{"rendered":"Seis de cada diez estudiantes han sufrido o conoce alguien v\u00edctima de violencia contra LGBTIQ+ en las universidades catalanas"},"content":{"rendered":"<p>\u00bfCu\u00e1l es la situaci\u00f3n del colectivo LGBTIQ+ en las universidades catalanas? \u00bfQu\u00e9 pueden hacer estas instituciones para prevenir y erradicar la violencia que sufren? El proyecto \u201cUNI4Freedom: Superando la violencia hacia el colectivo LGBTIQ+ en las universidades catalanas\u201d, liderado por la URV con el apoyo por la ACUP y la Fundaci\u00f3n \u201cla Caixa\u201d, ha dado respuesta a estas dos cuestiones para que las universidades sean un espacio seguro para el colectivo. Esta ma\u00f1ana se han presentado en una jornada los resultados de la diagnosis, que apunta que el 61% de los universitarios ha sufrido o conoce alguien v\u00edctima de violencia contra LGBTIQ+ a los campus, y se han expuesto diez acciones basadas en los programas que han funcionado en universidades internacionales para erradicar la discriminaci\u00f3n.<\/p>\n<p>Oriol R\u00edos, investigador del Departamento de Pedagog\u00eda de la URV y responsable del proyecto, explica que \u201chay una normalizaci\u00f3n de la violencia y se desconocen las diferentes tipolog\u00edas de violencia que existen\u201d. Por eso la encuesta realizada a 755 estudiantes de seis universidades catalanas profundizaba en todas las formas de violencia que pueden sufrir las personas LGBTIQ+. As\u00ed, las que se producen m\u00e1s a menudo en los campus son el hecho de tener que esconder la condici\u00f3n sexual o la identidad de g\u00e9nero (45%) y los comentarios discriminatorios (17%).<\/p>\n<figure id=\"attachment_76909\" aria-labelledby=\"figcaption_attachment_76909\" class=\"wp-caption alignnone\" style=\"width: 1024px\"><a href=\"https:\/\/diaridigital.urv.cat\/wp-content\/uploads\/2020\/09\/Uni4freedom4-1.png\"><img loading=\"lazy\" decoding=\"async\" class=\"size-large wp-image-76909\" src=\"https:\/\/diaridigital.urv.cat\/wp-content\/uploads\/2020\/09\/Uni4freedom4-1-1024x480.png\" alt=\"\" width=\"1024\" height=\"480\" srcset=\"https:\/\/diaridigital.urv.cat\/wp-content\/uploads\/2020\/09\/Uni4freedom4-1-1024x480.png 1024w, https:\/\/diaridigital.urv.cat\/wp-content\/uploads\/2020\/09\/Uni4freedom4-1-300x141.png 300w, https:\/\/diaridigital.urv.cat\/wp-content\/uploads\/2020\/09\/Uni4freedom4-1-768x360.png 768w, https:\/\/diaridigital.urv.cat\/wp-content\/uploads\/2020\/09\/Uni4freedom4-1.png 1895w\" sizes=\"auto, (max-width: 1024px) 100vw, 1024px\" \/><\/a><figcaption id=\"figcaption_attachment_76909\" class=\"wp-caption-text\">La presentaci\u00f3n de los resultados se ha organizado en una jornada de debate en l\u00ednea.<\/figcaption><\/figure>\n<p>\u201cLa universidad es un espacio proclive a trabajar estos temas\u201d, explica R\u00edos, pero esto no es suficiente, puesto que hace falta \u201cque sean tambi\u00e9n un lugar seguro para las personas LGBTIQ+, se facilite la denuncia, se apoye las v\u00edctimas y a las personas que apoyan a las v\u00edctimas\u201d. De hecho, cerca del 23% de las v\u00edctimas no explican a nadie que lo son, y solo el 31,1% de los estudiantes conoce si su universidad tiene un servicio donde recorrer un caso de violencia contra LGBTIQ+. As\u00ed lo determina el proyecto UNI4Freedom, que, adem\u00e1s de la encuesta a los estudiantes, tambi\u00e9n ha entrevistado 30 miembros de las diferentes comunidades universitarias, entre estudiantes, Personal Docente e Investigador, Personal de Administraci\u00f3n y Servicios y los responsables de las unidades de igualdad de las seis universidades participantes: Universitat Rovira i Virgili, Universitat de Barcelona, Universitat de Lleida, Universitat de Girona, Universidad de Vic y Universitat Ramon Llull.<\/p>\n<p>Para que los campus tengan el clima propicio para facilitar la erradicaci\u00f3n y denuncia de la violencia, los investigadores proponen diez medidas basadas en las actuaciones implementadas en otras universidades del mundo y que han demostrado cient\u00edficamente tener un impacto social y un resultado de mejora. Son las siguientes:<\/p>\n<ul>\n<li>Formar a toda la comunidad universitaria en evidencias cient\u00edficas para identificar la violencia contra el colectivo LGBTIQ+, especialmente durante la acogida del alumnado de primer curso universitario.<\/li>\n<li>Incluir la discriminaci\u00f3n por orientaci\u00f3n sexual, identidad y expresi\u00f3n de g\u00e9nero de primer y segundo orden de forma expl\u00edcita a las pol\u00edticas y normativas universitarias.<\/li>\n<li>Crear redes de solidaridad que apoyen y que fomenten alianzas entre los diferentes colectivos (LGBTIQ+, minor\u00edas \u00e9tnicas y religiosas, personas heterosexuales, personas con discapacidades)<\/li>\n<li>Actuar e informar en caso de presenciar una situaci\u00f3n de violencia contra una persona LGBTIQ+, apoyando y protegiendo la v\u00edctima sin revictimitzar.<\/li>\n<li>Dar visibilidad al colectivo a trav\u00e9s de actividades de sensibilizaci\u00f3n.<\/li>\n<li>Establecer una oficina de atenci\u00f3n y apoyo en el colectivo LGBTIQ+ con representantes de toda la comunidad universitaria, que vele por la activaci\u00f3n de los protocolos al recibir una denuncia.<\/li>\n<li>Incluir contenidos curriculares sobre las aportaciones de personas LGBTIQ+ al avance de la ciencia y la sociedad.<\/li>\n<li>Asegurar que la documentaci\u00f3n y los tr\u00e1mites universitarios son inclusivos con todas las personas del colectivo LGBTIQ+.<\/li>\n<li>Organizar los espacios para que sean inclusivos y prioricen la libertad individual de todas las personas.<\/li>\n<li>Hacer evaluaciones peri\u00f3dicas del clima de las universidades en relaci\u00f3n con la inclusi\u00f3n del colectivo.<\/li>\n<\/ul>\n<p>Estas medidas formar\u00e1n parte de la gu\u00eda de recomendaciones que se ha validado en la jornada final del proyecto y que pr\u00f3ximamente recibir\u00e1n todas las universidades catalanas.<\/p>\n","protected":false},"excerpt":{"rendered":"<p>El proyecto Recercaixa UNI4freedom propone diez acciones con el fin que las universidades faciliten la denuncia y la protecci\u00f3n de las v\u00edctimas<\/p>\n","protected":false},"author":4,"featured_media":76904,"comment_status":"open","ping_status":"open","sticky":false,"template":"","format":"standard","meta":{"_acf_changed":false,"footnotes":""},"categories":[102,3495,251,83,100,123,121],"tags":[],"class_list":["post-76894","post","type-post","status-publish","format-standard","has-post-thumbnail","hentry","category-comunicacion-ciencia","category-pedagogia-es","category-facultad-educacion-psicologia","category-general-es","category-investigacion","category-notas-prensa","category-sociedad-cultura"],"acf":[],"_links":{"self":[{"href":"https:\/\/diaridigital.urv.cat\/es\/wp-json\/wp\/v2\/posts\/76894","targetHints":{"allow":["GET"]}}],"collection":[{"href":"https:\/\/diaridigital.urv.cat\/es\/wp-json\/wp\/v2\/posts"}],"about":[{"href":"https:\/\/diaridigital.urv.cat\/es\/wp-json\/wp\/v2\/types\/post"}],"author":[{"embeddable":true,"href":"https:\/\/diaridigital.urv.cat\/es\/wp-json\/wp\/v2\/users\/4"}],"replies":[{"embeddable":true,"href":"https:\/\/diaridigital.urv.cat\/es\/wp-json\/wp\/v2\/comments?post=76894"}],"version-history":[{"count":0,"href":"https:\/\/diaridigital.urv.cat\/es\/wp-json\/wp\/v2\/posts\/76894\/revisions"}],"wp:featuredmedia":[{"embeddable":true,"href":"https:\/\/diaridigital.urv.cat\/es\/wp-json\/wp\/v2\/media\/76904"}],"wp:attachment":[{"href":"https:\/\/diaridigital.urv.cat\/es\/wp-json\/wp\/v2\/media?parent=76894"}],"wp:term":[{"taxonomy":"category","embeddable":true,"href":"https:\/\/diaridigital.urv.cat\/es\/wp-json\/wp\/v2\/categories?post=76894"},{"taxonomy":"post_tag","embeddable":true,"href":"https:\/\/diaridigital.urv.cat\/es\/wp-json\/wp\/v2\/tags?post=76894"}],"curies":[{"name":"wp","href":"https:\/\/api.w.org\/{rel}","templated":true}]}}