{"id":77301,"date":"2020-09-24T19:17:43","date_gmt":"2020-09-24T17:17:43","guid":{"rendered":"https:\/\/diaridigital.urv.cat\/persones-covid-19-contactes-estrets-cas-sospitos-pendents-pcr-seguir-classes-feina-casa\/"},"modified":"2020-09-25T12:01:21","modified_gmt":"2020-09-25T10:01:21","slug":"personas-covid-19-contactos-estrechos-casos-sospechosos-pendientes-pcr-seguir-classes-trabajo-casa","status":"publish","type":"post","link":"https:\/\/diaridigital.urv.cat\/es\/personas-covid-19-contactos-estrechos-casos-sospechosos-pendientes-pcr-seguir-classes-trabajo-casa\/","title":{"rendered":"Las personas con COVID-19, contactos estrechos de un caso sospechoso y pendientes de PCR deber\u00e1n seguir las clases y el trabajo desde casa"},"content":{"rendered":"<p>El Consejo de Gobierno ha aprobado hoy el Plan de Contingencia del curso 2020-21 para la COVID-19, que determina que no s\u00f3lo las personas que han dado positivo en COVID-19, sino tambi\u00e9n aquellas que son contactos estrechos de positivos y sospechosos y aquellas a las que han prescrito una PCR no podr\u00e1n asistir a la universidad y deber\u00e1n seguir las clases o el trabajo a distancia.<\/p>\n<p>Las que s\u00ed puedan ir deben llevar la mascarilla; es obligatoria en todos los espacios del campus, tambi\u00e9n en el exterior. Adem\u00e1s, todos los estudiantes y personal deben comprometerse a llevar un registro de todas las personas con las que han tenido contacto en los campus durante m\u00e1s de 15 minutos, a menos de dos metros y sin mascarilla (contacto estrecho), y la Universidad registrar\u00e1 las entradas de los estudiantes en las aulas para rastrear los posibles casos.<\/p>\n<p>Los estudiantes y el personal a los que han prescrito una PCR, los que han dado positivo o los que son un contacto estrecho deben informar a trav\u00e9s de correo electr\u00f3nico a los referentes COVID de su facultad o escuela o de la unidad para la que trabajan. Las direcciones de los referentes COVID-19 se podr\u00e1n encontrar en la web <a href=\"https:\/\/www.urv.cat\/es\/ly\/coronavirus\/\" target=\"_blank\" rel=\"noopener\">urv.cat\/coronavirus<\/a>. La Oficina de Prevenci\u00f3n de Riesgos Laborales de la Universidad dar\u00e1 las instrucciones necesarias a trav\u00e9s de correo electr\u00f3nico a los positivos y los contactos estrechos para saber qu\u00e9 deben hacer, y tambi\u00e9n dar\u00e1 la orden de limpiar o clausurar un espacio cuando sea necesario.<\/p>\n<p>Adem\u00e1s de estas medidas, el Plan de contingencia 2020-21 establece las indicaciones para la atenci\u00f3n al usuario, las aulas, los laboratorios, los bares, los espacios comunes, despachos y aseos, entre otros. El documento se publicar\u00e1 pr\u00f3ximamente en la web urv.cat\/coronavirus. Tambi\u00e9n se podr\u00e1 consultar en la Intranet la informaci\u00f3n diaria actualizada de los casos COVID positivos y sospechosos por centros y campus que registren los referentes COVID.<\/p>\n<p>El plan ha sido elaborado por el grupo de trabajo para el retorno presencial, formado por representantes de los trabajadores y la gerencia de la Universidad, con el asesoramiento de los profesores \u00c0lex Arenas, Antoni Castro, Montserrat Olona y Francesc Vidal.<\/p>\n<p>Por otra parte, el Consejo de Gobierno ha ratificado la propuesta de planificaci\u00f3n docente que cada facultad o escuela ha hecho para el curso acad\u00e9mico excepcional 2020-21, con el compromiso de adecuar aquellas que no cumplen las medidas establecidas por la resoluci\u00f3n de la rectora del 18 de septiembre, que tiene en cuenta, entre otros aspectos, la ocupaci\u00f3n de los espacios, con aforos de 30 personas como m\u00e1ximo para las clases presenciales, y la reducci\u00f3n de la movilidad y las aglomeraciones con entradas y salidas escalonadas.<\/p>\n","protected":false},"excerpt":{"rendered":"<p>Lo establece el Plan de Contingencia del curso 2020-21, que determina las responsabilidades de todos los colectivos de la URV para romper las cadenas de transmisi\u00f3n en los campus<\/p>\n","protected":false},"author":54,"featured_media":77257,"comment_status":"closed","ping_status":"closed","sticky":false,"template":"","format":"standard","meta":{"_acf_changed":false,"footnotes":""},"categories":[241,243,244,245,87,251,252,234,248,247,253,254,255,256,83,94,123,89,88,197],"tags":[4512],"class_list":["post-77301","post","type-post","status-publish","format-standard","has-post-thumbnail","hentry","category-escuela-doctorado","category-escuela-arquitectura","category-escuela-ingenieria","category-escuela-ingenieria-quimica","category-estudiantes","category-facultad-educacion-psicologia","category-facultad-ciencias-juridicas","category-facultad-economia-empresa","category-facultad-enfermeria","category-facultad-enologia","category-facultad-letras","category-facultad-medicina","category-facultad-quimica","category-facultad-turismo-geografia","category-general-es","category-institucion","category-notas-prensa","category-pdi-es","category-ptgas-es","category-internacional-es","tag-coronavirus-es"],"acf":[],"_links":{"self":[{"href":"https:\/\/diaridigital.urv.cat\/es\/wp-json\/wp\/v2\/posts\/77301","targetHints":{"allow":["GET"]}}],"collection":[{"href":"https:\/\/diaridigital.urv.cat\/es\/wp-json\/wp\/v2\/posts"}],"about":[{"href":"https:\/\/diaridigital.urv.cat\/es\/wp-json\/wp\/v2\/types\/post"}],"author":[{"embeddable":true,"href":"https:\/\/diaridigital.urv.cat\/es\/wp-json\/wp\/v2\/users\/54"}],"replies":[{"embeddable":true,"href":"https:\/\/diaridigital.urv.cat\/es\/wp-json\/wp\/v2\/comments?post=77301"}],"version-history":[{"count":0,"href":"https:\/\/diaridigital.urv.cat\/es\/wp-json\/wp\/v2\/posts\/77301\/revisions"}],"wp:featuredmedia":[{"embeddable":true,"href":"https:\/\/diaridigital.urv.cat\/es\/wp-json\/wp\/v2\/media\/77257"}],"wp:attachment":[{"href":"https:\/\/diaridigital.urv.cat\/es\/wp-json\/wp\/v2\/media?parent=77301"}],"wp:term":[{"taxonomy":"category","embeddable":true,"href":"https:\/\/diaridigital.urv.cat\/es\/wp-json\/wp\/v2\/categories?post=77301"},{"taxonomy":"post_tag","embeddable":true,"href":"https:\/\/diaridigital.urv.cat\/es\/wp-json\/wp\/v2\/tags?post=77301"}],"curies":[{"name":"wp","href":"https:\/\/api.w.org\/{rel}","templated":true}]}}