{"id":7773,"date":"2015-04-16T13:52:57","date_gmt":"2015-04-16T13:52:57","guid":{"rendered":"http:\/\/diaridigital.urv.cat\/?p=7773"},"modified":"2015-04-17T09:49:44","modified_gmt":"2015-04-17T09:49:44","slug":"el-ingeniero-quimico-ignasi-fabregat-ganador-del-premio-dow-2015","status":"publish","type":"post","link":"https:\/\/diaridigital.urv.cat\/es\/el-ingeniero-quimico-ignasi-fabregat-ganador-del-premio-dow-2015\/","title":{"rendered":"El ingeniero qu\u00edmico Ignasi Fabregat, ganador del premio Dow 2015"},"content":{"rendered":"<p>La entrega del premio Dow 2015 ha estado\u00a0presidida por el\u00a0Conseller d\u2019Interior de la Generalitat, Ramon Espadaler, en un acto en el que, adem\u00e1s de los representantes de la empresa, tambi\u00e9n han asistido el rector de la URV, Josep Anton Ferr\u00e9 y el director de la Escuela T\u00e9cnica Superior de Ingenier\u00eda Qu\u00edmica (ETSEQ), Josep Bonet. El premio est\u00e1 dotado con una posici\u00f3n laboral estructural en Dow, en una de las localizaciones de Dow EMEA (Europa, Oriente Medio y \u00c1frica), as\u00ed como con una placa conmemorativa. Adem\u00e1s, tambi\u00e9n puede incluir una ayuda econ\u00f3mica para el desplazamiento e instalaci\u00f3n del premiado, Ignasi Fabregat,\u00a0 en su nuevo lugar de destino laboral. El jurado ha querido destacar el alto nivel de los cinco finalistas: Isaac Balagu\u00e9, Anna Marqu\u00e9s, J\u00falia Minguella Sendra, Joan Miralles P\u00e9rez y Pau Siscart.<\/p>\n<figure id=\"attachment_7745\" aria-labelledby=\"figcaption_attachment_7745\" class=\"wp-caption alignnone\" style=\"width: 619px\"><a href=\"http:\/\/diaridigital.urv.cat\/wp-content\/uploads\/2015\/04\/premi_dow_20153.jpg\"><img loading=\"lazy\" decoding=\"async\" class=\" wp-image-7745\" src=\"http:\/\/diaridigital.urv.cat\/wp-content\/uploads\/2015\/04\/premi_dow_20153.jpg\" alt=\"Un moment de la intervenci\u00f3 d'Anton Valero, president de Dow Chemical Ib\u00e8rica. \" width=\"619\" height=\"383\" srcset=\"https:\/\/diaridigital.urv.cat\/wp-content\/uploads\/2015\/04\/premi_dow_20153.jpg 1970w, https:\/\/diaridigital.urv.cat\/wp-content\/uploads\/2015\/04\/premi_dow_20153-300x185.jpg 300w, https:\/\/diaridigital.urv.cat\/wp-content\/uploads\/2015\/04\/premi_dow_20153-1024x633.jpg 1024w\" sizes=\"auto, (max-width: 619px) 100vw, 619px\" \/><\/a><figcaption id=\"figcaption_attachment_7745\" class=\"wp-caption-text\">Un momento de la intervenci\u00f3n de Anton Valero, presidente de Dow Chemical Ib\u00e9rica.<\/figcaption><\/figure>\n<p>Creado en 1978, el premio valora los m\u00e9ritos acad\u00e9micos y humanos as\u00ed como los proyectos profesionales y de investigaci\u00f3n de los alumnos que terminan los estudios superiores de Ingenier\u00eda Qu\u00edmica en la URV. Desde el 2013, la dotaci\u00f3n del premio Dow se ha convertido en una oportunidad laboral real. Pueden optar los estudiantes de Ingenier\u00eda Qu\u00edmica que acaben la carrera el a\u00f1o de entrega del premio y demuestren la utilizaci\u00f3n de las competencias cr\u00edticas comunes en Dow y la Escuela T\u00e9cnica Superior de Ingenier\u00eda Qu\u00edmica de la URV. Para participar en esta convocatoria del premio Dow, los aspirantes han llevado a cabo entrevistas con el jurado, as\u00ed como una presentaci\u00f3n sobre las soluciones que aporta la ingenier\u00eda qu\u00edmica para abordar los retos de la humanidad. Una caracter\u00edstica distintiva del premio es que los estudiantes pueden proponer sus candidaturas, pero tambi\u00e9n pueden ser los profesores de la ETSEQ, otros estudiantes y personal de la Universidad quienes propongan o apoyen su nominaci\u00f3n.<\/p>\n<p>El premio Dow, fruto de la colaboraci\u00f3n entre Dow y el ETSEQ, pone en pr\u00e1ctica las competencias y valores, adem\u00e1s de las estrictamente t\u00e9cnicas, que se consideran importantes para el futuro personal y profesional de los estudiantes a lo largo de la vida acad\u00e9mica: la iniciativa, la versatilidad, el liderazgo, la competencia y responsabilidad, la comunicaci\u00f3n, el trabajo en equipo y la orientaci\u00f3n al cliente. El premio ha destacado a\u00f1o tras a\u00f1o alumnos que, en este momento, son jefes, responsables y t\u00e9cnicos de instalaciones industriales, investigadores y profesores universitarios, responsables de la gesti\u00f3n universitaria, etc.<\/p>\n<p>El jurado de la 37\u00aa edici\u00f3n del premio ha estado formado por Contxi Sumoy y Alfred Arias, en representaci\u00f3n de Dow Chemical; Sergi Rocamora Gomis, en representaci\u00f3n de los estudiantes del grado de Ingenier\u00eda Qu\u00edmica; Eduard L\u00f3pez Suller, en representaci\u00f3n de los estudiantes del m\u00e1ster de Ingenier\u00eda Qu\u00edmica; Manel Vall\u00e8s, Josep Bonet y Jordi Gavald\u00e0, en representaci\u00f3n del profesorado, y M. Jonquera Vall, en representaci\u00f3n del personal de administraci\u00f3n de la ETSEQ.<\/p>\n<figure id=\"attachment_7742\" aria-labelledby=\"figcaption_attachment_7742\" class=\"wp-caption alignnone\" style=\"width: 600px\"><a href=\"http:\/\/diaridigital.urv.cat\/wp-content\/uploads\/2015\/04\/oremi_dow_20152.jpg\"><img loading=\"lazy\" decoding=\"async\" class=\"wp-image-7742 \" src=\"http:\/\/diaridigital.urv.cat\/wp-content\/uploads\/2015\/04\/oremi_dow_20152.jpg\" alt=\"premi_dow_2015(2)\" width=\"600\" height=\"324\" srcset=\"https:\/\/diaridigital.urv.cat\/wp-content\/uploads\/2015\/04\/oremi_dow_20152.jpg 1814w, https:\/\/diaridigital.urv.cat\/wp-content\/uploads\/2015\/04\/oremi_dow_20152-300x162.jpg 300w, https:\/\/diaridigital.urv.cat\/wp-content\/uploads\/2015\/04\/oremi_dow_20152-1024x553.jpg 1024w\" sizes=\"auto, (max-width: 600px) 100vw, 600px\" \/><\/a><figcaption id=\"figcaption_attachment_7742\" class=\"wp-caption-text\">Autoridades del territorio y representantes de la empresa y de la Universidad, asistieron a este acto que se hizo en las instalaciones de la empresa.<\/figcaption><\/figure>\n<p>Durante el acto, los asistentes tambi\u00e9n han podido escuchar la ponencia titulada \u00abSoluciones basadas en la ciencia para resolver las necesidades mundiales\u00bb, que ha pronunciado Ester Baiget, directora comercial de Dow Elastomers, Electrical and Telecommunications en el \u00e1rea de Europa, Oriente Medio y \u00c1frica. Ester Baiget es ingeniera qu\u00edmica y MBA por la Universitat Rovira i Virgili.<\/p>\n<h4>Colaboraciones Dow-ETSEQ<\/h4>\n<p>Desde 1988, el premio Dow est\u00e1 asociado a cursos conjuntos (ETSEQ-Dow) de formaci\u00f3n acad\u00e9mica y profesional enfocados a tem\u00e1ticas de Seguridad Industrial, Seguridad y Medio Ambiente, y Calidad en la Industria Qu\u00edmica, as\u00ed como de t\u00e9cnicas para el desarrollo de competencias sociales . El curso ETSEQ-Dow est\u00e1 dirigido a los alumnos de 4\u00ba y 5\u00ba curso de Ingenier\u00eda Qu\u00edmica, as\u00ed como a los de 4\u00ba del grado de Ingenier\u00eda Qu\u00edmica y los de 3\u00ba del grado de Ingenier\u00eda Agroalimentaria, as\u00ed como tambi\u00e9n a los alumnos de doctorado, al\u00a0profesorado de la ETSEQ y a aquellos profesionales de la industria y la administraci\u00f3n interesados \u200b\u200ben estas materias. Las clases se imparten en la ETSEQ y en la empresa Dow. Este curso, el programa ETSEQ-Dow fue reconocido y galardonado con la Distinci\u00f3n Vicens Vives a la Calidad Docente. Este a\u00f1o, el curso ha celebrado su 27\u00aa edici\u00f3n con el desarrollo sostenible como tema central.<\/p>\n","protected":false},"excerpt":{"rendered":"<p>El premio Dow 2015 ha sido para Ignasi Fabregat, ingeniero qu\u00edmico por la URV. El jurado ha valorado sus competencias, el proyecto y su trayectoria curricular y personal. El premio est\u00e1 dotado con una posici\u00f3n laboral estructural en Dow, en una de las localizaciones de Dow en Europa, Oriente Medio y \u00c1frica<\/p>\n","protected":false},"author":122,"featured_media":7750,"comment_status":"open","ping_status":"open","sticky":false,"template":"","format":"standard","meta":{"_acf_changed":false,"footnotes":""},"categories":[86,117,245,83,94],"tags":[1190,1191],"class_list":["post-7773","post","type-post","status-publish","format-standard","has-post-thumbnail","hentry","category-alumni-es","category-ciencia-y-tecnologia","category-escuela-ingenieria-quimica","category-general-es","category-institucion","tag-ignasi-fabregat","tag-premio-dow"],"acf":[],"_links":{"self":[{"href":"https:\/\/diaridigital.urv.cat\/es\/wp-json\/wp\/v2\/posts\/7773","targetHints":{"allow":["GET"]}}],"collection":[{"href":"https:\/\/diaridigital.urv.cat\/es\/wp-json\/wp\/v2\/posts"}],"about":[{"href":"https:\/\/diaridigital.urv.cat\/es\/wp-json\/wp\/v2\/types\/post"}],"author":[{"embeddable":true,"href":"https:\/\/diaridigital.urv.cat\/es\/wp-json\/wp\/v2\/users\/122"}],"replies":[{"embeddable":true,"href":"https:\/\/diaridigital.urv.cat\/es\/wp-json\/wp\/v2\/comments?post=7773"}],"version-history":[{"count":0,"href":"https:\/\/diaridigital.urv.cat\/es\/wp-json\/wp\/v2\/posts\/7773\/revisions"}],"wp:featuredmedia":[{"embeddable":true,"href":"https:\/\/diaridigital.urv.cat\/es\/wp-json\/wp\/v2\/media\/7750"}],"wp:attachment":[{"href":"https:\/\/diaridigital.urv.cat\/es\/wp-json\/wp\/v2\/media?parent=7773"}],"wp:term":[{"taxonomy":"category","embeddable":true,"href":"https:\/\/diaridigital.urv.cat\/es\/wp-json\/wp\/v2\/categories?post=7773"},{"taxonomy":"post_tag","embeddable":true,"href":"https:\/\/diaridigital.urv.cat\/es\/wp-json\/wp\/v2\/tags?post=7773"}],"curies":[{"name":"wp","href":"https:\/\/api.w.org\/{rel}","templated":true}]}}