{"id":82107,"date":"2021-02-22T10:00:45","date_gmt":"2021-02-22T09:00:45","guid":{"rendered":"https:\/\/diaridigital.urv.cat\/?p=82107"},"modified":"2021-03-01T08:53:35","modified_gmt":"2021-03-01T07:53:35","slug":"cerca-de-400-familias-participan-en-el-taller-en-linea-experimenta-en-casa","status":"publish","type":"post","link":"https:\/\/diaridigital.urv.cat\/es\/cerca-de-400-familias-participan-en-el-taller-en-linea-experimenta-en-casa\/","title":{"rendered":"Cerca de 400 familias participan en el taller en l\u00ednea Experimenta en Casa"},"content":{"rendered":"<p>Cuando sus hijos iban a la ESO, Eva Pocurull y Barbara Vastenavond, profesionales de la Facultad de Qu\u00edmica y el Departamento de Ingeniera Qu\u00edmica de la URV, se dieron cuenta que a educaci\u00f3n secundaria faltaban pr\u00e1cticas de experimentaci\u00f3n cient\u00edfica y ciencia aplicada. As\u00ed naci\u00f3 Reto Experimenta, un programa para despertar vocaciones cient\u00edficas aplicando el learning by doing, aprender con la pr\u00e1ctica, que organiza talleres en los centros educativos y talleres en remoto para familias.<\/p>\n<p>El taller Experimenta en Casa que se realiz\u00f3 el pasado viernes 19 de febrero recibi\u00f3 m\u00e1s de 450 inscripciones y m\u00e1s de 380 familias asistieron a su directo. El video del taller, que se puede consultar en el <a href=\"https:\/\/youtu.be\/YzGkZsmVv5M\">canal de YouTube<\/a> del Reto Experimenta, ya ha recibido m\u00e1s de 550 visualizaciones. Bajo el lema \u00abSi ten\u00e9is una cocina, ten\u00e9is un laboratorio en potencia\u00bb, los talleres Experimenta en Casa proponen a las familias hacer experimentos y descubrir fen\u00f3menos cient\u00edficos con elementos caseros.<\/p>\n<p>En este \u00faltimo taller, Eva Pocurull y Barbara Vastenavond han mostrado a los ni\u00f1os y ni\u00f1as y a sus familiares como hacer flotar un huevo en un vaso de agua, como hacer \u00abbailar\u00bb a unas lentejas o como hacer una \u00abl\u00e1mpara de lava\u00bb casera, experimentos con los que han explicado conceptos como la densidad de los l\u00edquidos, la electricidad est\u00e1tica, la reacci\u00f3n por combusti\u00f3n o la reacci\u00f3n \u00e1cido-base. Las dos divulgadoras han valorado la acogida de las familias como muy positiva, dado la gran interacci\u00f3n de estas en el chat del directo y a todas las im\u00e1genes que los padres y madres publicaron en las redes.<\/p>\n<p>Eva Pocurull es catedr\u00e1tica de Qu\u00edmica Anal\u00edtica en el Departamento de Qu\u00edmica Anal\u00edtica y Qu\u00edmica Org\u00e1nica de la URV. Barbara Vastenavond es responsable de proyectos de investigaci\u00f3n y divulgaci\u00f3n cient\u00edfica del grupo Interfibio, del Departamento de Ingenier\u00eda Qu\u00edmica de la URV. Ambas son las promotoras de <a href=\"https:\/\/www.repteexperimenta.cat\/\" target=\"_blank\" rel=\"noopener\">Reto Experimenta<\/a>, programa de divulgaci\u00f3n formado per un equipo interdisciplinario de<span lang=\"ca\"> profesores, investigadores y t\u00e9cnicos de la Universitat Rovira i Virgili y del Institut Catal\u00e0 d&#8217;Investigaci\u00f3 Qu\u00edmica.<\/span><\/p>\n<figure id=\"attachment_81954\" aria-labelledby=\"figcaption_attachment_81954\" class=\"wp-caption alignnone\" style=\"width: 1024px\"><a href=\"https:\/\/diaridigital.urv.cat\/wp-content\/uploads\/2021\/02\/imatge-xarxes-experimenta.png\"><img loading=\"lazy\" decoding=\"async\" class=\"size-full wp-image-81956\" src=\"https:\/\/diaridigital.urv.cat\/wp-content\/uploads\/2021\/02\/imatge-xarxes-experimenta.png\" alt=\"\" width=\"1024\" height=\"671\" srcset=\"https:\/\/diaridigital.urv.cat\/wp-content\/uploads\/2021\/02\/imatge-xarxes-experimenta.png 1024w, https:\/\/diaridigital.urv.cat\/wp-content\/uploads\/2021\/02\/imatge-xarxes-experimenta-300x197.png 300w, https:\/\/diaridigital.urv.cat\/wp-content\/uploads\/2021\/02\/imatge-xarxes-experimenta-768x503.png 768w\" sizes=\"auto, (max-width: 1024px) 100vw, 1024px\" \/><\/a><figcaption id=\"figcaption_attachment_81954\" class=\"wp-caption-text\">Madres y padres publicaron en las redes los experimentos que hicieron con los peque\u00f1os de la casa<\/figcaption><\/figure>\n","protected":false},"excerpt":{"rendered":"<p>Despu\u00e9s de la buena acogida que tuvo el primer taller Experimenta en Casa, el equipo del programa Reto Experimenta de la URV vuelve con un segundo taller en <em>streaming<\/em> para estimular la curiosidad cient\u00edfica de ni\u00f1os, ni\u00f1as y j\u00f3venes con experimentos caseros<\/p>\n","protected":false},"author":54,"featured_media":81948,"comment_status":"open","ping_status":"open","sticky":false,"template":"","format":"standard","meta":{"_acf_changed":false,"footnotes":""},"categories":[117,3467,3499,83,123],"tags":[],"class_list":["post-82107","post","type-post","status-publish","format-standard","has-post-thumbnail","hentry","category-ciencia-y-tecnologia","category-ingenieria-quimica","category-quimica-analitica-organica-es","category-general-es","category-notas-prensa"],"acf":[],"_links":{"self":[{"href":"https:\/\/diaridigital.urv.cat\/es\/wp-json\/wp\/v2\/posts\/82107","targetHints":{"allow":["GET"]}}],"collection":[{"href":"https:\/\/diaridigital.urv.cat\/es\/wp-json\/wp\/v2\/posts"}],"about":[{"href":"https:\/\/diaridigital.urv.cat\/es\/wp-json\/wp\/v2\/types\/post"}],"author":[{"embeddable":true,"href":"https:\/\/diaridigital.urv.cat\/es\/wp-json\/wp\/v2\/users\/54"}],"replies":[{"embeddable":true,"href":"https:\/\/diaridigital.urv.cat\/es\/wp-json\/wp\/v2\/comments?post=82107"}],"version-history":[{"count":0,"href":"https:\/\/diaridigital.urv.cat\/es\/wp-json\/wp\/v2\/posts\/82107\/revisions"}],"wp:featuredmedia":[{"embeddable":true,"href":"https:\/\/diaridigital.urv.cat\/es\/wp-json\/wp\/v2\/media\/81948"}],"wp:attachment":[{"href":"https:\/\/diaridigital.urv.cat\/es\/wp-json\/wp\/v2\/media?parent=82107"}],"wp:term":[{"taxonomy":"category","embeddable":true,"href":"https:\/\/diaridigital.urv.cat\/es\/wp-json\/wp\/v2\/categories?post=82107"},{"taxonomy":"post_tag","embeddable":true,"href":"https:\/\/diaridigital.urv.cat\/es\/wp-json\/wp\/v2\/tags?post=82107"}],"curies":[{"name":"wp","href":"https:\/\/api.w.org\/{rel}","templated":true}]}}