{"id":82423,"date":"2021-03-02T09:12:07","date_gmt":"2021-03-02T08:12:07","guid":{"rendered":"https:\/\/diaridigital.urv.cat\/?p=82423"},"modified":"2021-03-09T14:06:54","modified_gmt":"2021-03-09T13:06:54","slug":"se-investiga-el-e-portafolio-como-recurso-didactico-en-los-grados-de-magisterio","status":"publish","type":"post","link":"https:\/\/diaridigital.urv.cat\/es\/se-investiga-el-e-portafolio-como-recurso-didactico-en-los-grados-de-magisterio\/","title":{"rendered":"Se investiga el e-portafolio como recurso did\u00e1ctico en los grados de Magisterio"},"content":{"rendered":"<p>Un estudio basado en la participaci\u00f3n de 241 estudiantes de la Facultad de Educaci\u00f3n y Psicolog\u00eda indica que el uso de la creaci\u00f3n semi-estructurada de diarios multimedia o e-portafolios ayuda a los alumnos en su desarrollo profesional cr\u00edtico y educaci\u00f3n emocional.<\/p>\n<p>Los e-portafolios se implementaron como actividad de aprendizaje en la materia curricular de Habilidades Comunicativas del primer curso de los grados de Magisterio, fruto de un proyecto de innovaci\u00f3n del Instituto de Ciencias de la Educaci\u00f3n (ICE) de la URV.<\/p>\n<p>Durante la actividad de aprendizaje los alumnos utilizaron varios recursos semi\u00f3ticos digitales para elaborar el portafolio digital y comunicar una serie de reflexiones guiadas, relacionadas con el desarrollo profesional cr\u00edtico.<\/p>\n<p>El estudio concluye que los alumnos encontraron f\u00e1cil y \u00fatil la creaci\u00f3n de sus e-portafolios. A pesar de que consideran que la actividad es m\u00e1s relevante a nivel personal que profesional, creen que los ayud\u00f3 a adquirir las habilidades y los conocimientos necesarios para su vida profesional futura y que el desarrollo de reflexiones los ayud\u00f3 a conocerse mejor.<\/p>\n<p>Pod\u00e9is consultar la <a href=\"https:\/\/urv20182019.wixsite.com\/portafoliidentiat\">web de la actividad<\/a>.<\/p>\n","protected":false},"excerpt":{"rendered":"<p>Un equipo de investigadoras de la URV muestra la utilidad de incorporar el e-portafolio como recurso did\u00e1ctico para el desarrollo profesional cr\u00edtico<\/p>\n","protected":false},"author":54,"featured_media":82239,"comment_status":"open","ping_status":"open","sticky":false,"template":"","format":"standard","meta":{"_acf_changed":false,"footnotes":""},"categories":[251,83],"tags":[],"class_list":["post-82423","post","type-post","status-publish","format-standard","has-post-thumbnail","hentry","category-facultad-educacion-psicologia","category-general-es"],"acf":[],"_links":{"self":[{"href":"https:\/\/diaridigital.urv.cat\/es\/wp-json\/wp\/v2\/posts\/82423","targetHints":{"allow":["GET"]}}],"collection":[{"href":"https:\/\/diaridigital.urv.cat\/es\/wp-json\/wp\/v2\/posts"}],"about":[{"href":"https:\/\/diaridigital.urv.cat\/es\/wp-json\/wp\/v2\/types\/post"}],"author":[{"embeddable":true,"href":"https:\/\/diaridigital.urv.cat\/es\/wp-json\/wp\/v2\/users\/54"}],"replies":[{"embeddable":true,"href":"https:\/\/diaridigital.urv.cat\/es\/wp-json\/wp\/v2\/comments?post=82423"}],"version-history":[{"count":0,"href":"https:\/\/diaridigital.urv.cat\/es\/wp-json\/wp\/v2\/posts\/82423\/revisions"}],"wp:featuredmedia":[{"embeddable":true,"href":"https:\/\/diaridigital.urv.cat\/es\/wp-json\/wp\/v2\/media\/82239"}],"wp:attachment":[{"href":"https:\/\/diaridigital.urv.cat\/es\/wp-json\/wp\/v2\/media?parent=82423"}],"wp:term":[{"taxonomy":"category","embeddable":true,"href":"https:\/\/diaridigital.urv.cat\/es\/wp-json\/wp\/v2\/categories?post=82423"},{"taxonomy":"post_tag","embeddable":true,"href":"https:\/\/diaridigital.urv.cat\/es\/wp-json\/wp\/v2\/tags?post=82423"}],"curies":[{"name":"wp","href":"https:\/\/api.w.org\/{rel}","templated":true}]}}