{"id":84221,"date":"2021-05-11T09:35:31","date_gmt":"2021-05-11T07:35:31","guid":{"rendered":"https:\/\/diaridigital.urv.cat\/?p=84221"},"modified":"2021-05-11T09:35:10","modified_gmt":"2021-05-11T07:35:10","slug":"el-consumo-de-bebidas-con-cafeina-como-el-cafe-y-te-perjudican-la-salud-renal","status":"publish","type":"post","link":"https:\/\/diaridigital.urv.cat\/es\/el-consumo-de-bebidas-con-cafeina-como-el-cafe-y-te-perjudican-la-salud-renal\/","title":{"rendered":"El consumo de bebidas con cafe\u00edna como el caf\u00e9 y t\u00e9 perjudican la salud renal"},"content":{"rendered":"<p>La enfermedad renal cr\u00f3nica es un importante problema de salud p\u00fablica en todo el mundo, que afecta al 10% de la poblaci\u00f3n mundial adulta y a m\u00e1s del 20% de los mayores de 60 a\u00f1os. Se trata de una enfermedad multifactorial, creciente y costosa, que influye de manera notable en la morbimortalidad y calidad de vida del enfermo renal, especialmente en personas mayores con sobrepeso y obesidad. Por ello, se requieren urgentemente estrategias preventivas poblacionales efectivas y eficientes para combatir o retrasar la progresi\u00f3n de esta enfermedad.<\/p>\n<p>Muchos componentes diet\u00e9ticos desempe\u00f1an un papel principal en la preservaci\u00f3n de la funci\u00f3n renal y la prevenci\u00f3n\/retraso de la progresi\u00f3n de la enfermedad renal cr\u00f3nica , como el caf\u00e9 y el t\u00e9, dos bebidas que contienen cafe\u00edna y que se consumen ampliamente en todo el mundo. La semilla del caf\u00e9 se caracteriza por su alto contenido en polifenoles (con propiedades antioxidantes), cafe\u00edna, vitaminas, minerales y fitoqu\u00edmicos bioactivos con potenciales efectos beneficiosos sobre la salud. En este contexto, los resultados de los estudios epidemiol\u00f3gicos sobre el consumo de caf\u00e9 y t\u00e9 y la funci\u00f3n renal han sido inconsistentes. Asimismo, no ha sido investigado si las bebidas con cafe\u00edna tienen efectos delet\u00e9reos sobre la funci\u00f3n renal en la poblaci\u00f3n anciana con enfermedades cr\u00f3nicas.<\/p>\n<p>Es por ello que al equipo de investigaci\u00f3n liderado por el investigador Jordi Salas-Salvad\u00f3, responsable de la Unidad de Nutrici\u00f3n de la Universidad Rovira i Virgili (URV),\u00a0 le pareci\u00f3 de gran inter\u00e9s explorar la posible asociaci\u00f3n entre en consumo de caf\u00e9, t\u00e9 y cafe\u00edna, y los cambios a un a\u00f1o en la tasa de filtraci\u00f3n glomerular, un marcador de funci\u00f3n renal. Para ello realizaron un trabajo dentro del marco del estudio PREDIMED-Plus en colaboraci\u00f3n con otros 23 centros de investigaci\u00f3n espa\u00f1oles y con la participaci\u00f3n de 5.851 personas mayores con sobrepeso\/obesidad con s\u00edndrome metab\u00f3lico.<\/p>\n<figure id=\"attachment_84215\" aria-labelledby=\"figcaption_attachment_84215\" class=\"wp-caption alignnone\" style=\"width: 527px\"><a href=\"https:\/\/diaridigital.urv.cat\/wp-content\/uploads\/2021\/05\/salas-diaz-e1620137766391.jpg\"><img loading=\"lazy\" decoding=\"async\" class=\"size-full wp-image-84215\" src=\"https:\/\/diaridigital.urv.cat\/wp-content\/uploads\/2021\/05\/salas-diaz-e1620137766391.jpg\" alt=\"Jordi Salas i Andr\u00e9s D\u00edaz\" width=\"527\" height=\"395\" \/><\/a><figcaption id=\"figcaption_attachment_84215\" class=\"wp-caption-text\">Jordi Salas (derecha) y Andr\u00e9s D\u00edaz han sido los investigadores principales de este trabajo.<\/figcaption><\/figure>\n<p>Los autores observaron que el consumo de caf\u00e9 con cafe\u00edna y t\u00e9, pero no el de caf\u00e9 descafeinado, se asociaba con una disminuci\u00f3n de la tasa de filtraci\u00f3n glomerular al a\u00f1o de seguimiento. Tras considerar posibles factores de confusi\u00f3n, se observ\u00f3 que los bebedores de m\u00e1s de 2 tazas de caf\u00e9 con cafe\u00edna al d\u00eda (aprox. 50 ml por taza) presentaron un deterioro superior de la tasa de filtraci\u00f3n glomerular que los bebedores espor\u00e1dicos de caf\u00e9 (menos de 1 taza al d\u00eda) o no bebedores de t\u00e9. Asimismo, el consumo de m\u00e1s de 2 tazas de caf\u00e9 con cafe\u00edna al d\u00eda se asoci\u00f3 con un 19% riego superior de tener una perdida r\u00e1pida de la funci\u00f3n renal. Ello no se vio en el caso del caf\u00e9 descafeinado.<\/p>\n<p>\u00abEl caf\u00e9 y el t\u00e9 son ricos en compuestos bioactivos con propiedades antioxidantes y antiinflamatorias, con posibles efectos beneficiosos para la salud humana\u00bb dijo el investigador Jordi Salas, uno de los autores principales del estudio y coordinador del estudio PREDIMED-Plus. No obstante, se\u00f1al\u00f3 que existen efectos secundarios potenciales de la cafe\u00edna contenida en estas bebidas que, \u00abincluso en dosis de consumo moderadas, pueden influir en el estado cardiovascular a trav\u00e9s de la ERC y son motivo de preocupaci\u00f3n para la poblaci\u00f3n en general y especialmente para las personas susceptibles o en riesgo\u201d.<\/p>\n<p>El caf\u00e9 es una de las bebidas m\u00e1s consumidas por la poblaci\u00f3n espa\u00f1ola y la principal fuente de cafe\u00edna en la poblaci\u00f3n mediterr\u00e1nea. En base a los hallazgos encontrados en este estudio, el consumo de bebidas con cafe\u00edna puede ser una preocupaci\u00f3n para el ri\u00f1\u00f3n y los investigadores aconsejan a las personas de edad avanzada con obesidad y alto riesgo cardiovascular reducir o reemplazar el consumo de caf\u00e9 con cafe\u00edna por caf\u00e9 descafeinado para preservar la salud renal. El catedr\u00e1tico se\u00f1ala que los resultados deben confirmarse mediante un ensayo cl\u00ednico. Si se demuestra,asegura,\u00bb\u00bb los consejos sobre el consumo de caf\u00e9 y t\u00e9 junto con la ingesta de cafe\u00edna deben incluirse en las estrategias nutricionales para la prevenci\u00f3n de la enfermedad renal, particularmente en adultos con alto riesgo\u00bb.<\/p>\n<p>El trabajo publicado recientemente en la revista <em>Scientific Reports<\/em>, ha sido liderado por el los investigadores Andr\u00e9s D\u00edaz L\u00f3pez y Jordi Salas-Salvad\u00f3 de la Unidad de Nutrici\u00f3n Humana de la Universidad Rovira i Virgili (URV), Instituto de Investigaci\u00f3n Sanitaria Pere Virgili (IISPV) y Centro de Investigaci\u00f3n Biom\u00e9dica en Red de la Fisiopatolog\u00eda de la Obesidad y Nutrici\u00f3n (CIBERobn). El estudio ha sido financiado por el Instituto Carlos III a trav\u00e9s del Fondo de Investigaci\u00f3n para la Salud, que es cofinanciado por el Fondo Europeo de Desarrollo Regional.<\/p>\n","protected":false},"excerpt":{"rendered":"<p>Los resultados de un estudio realizado por investigadores de la Unidad de Nutrici\u00f3n Humana de la URV-IISPV sugieren que el consumo de bebidas con cafe\u00edna, como el caf\u00e9 y t\u00e9, se relaciona con un mayor deterioro de la funci\u00f3n renal en poblaci\u00f3n de edad avanzada con obesidad y alto riesgo cardiovascular<\/p>\n","protected":false},"author":4,"featured_media":84218,"comment_status":"open","ping_status":"open","sticky":false,"template":"","format":"standard","meta":{"_acf_changed":false,"footnotes":""},"categories":[102,3477,83,100,123,120,3847],"tags":[],"class_list":["post-84221","post","type-post","status-publish","format-standard","has-post-thumbnail","hentry","category-comunicacion-ciencia","category-bioquimica-biotecnologia-es","category-general-es","category-investigacion","category-notas-prensa","category-salud","category-nutricion-humana"],"acf":[],"_links":{"self":[{"href":"https:\/\/diaridigital.urv.cat\/es\/wp-json\/wp\/v2\/posts\/84221","targetHints":{"allow":["GET"]}}],"collection":[{"href":"https:\/\/diaridigital.urv.cat\/es\/wp-json\/wp\/v2\/posts"}],"about":[{"href":"https:\/\/diaridigital.urv.cat\/es\/wp-json\/wp\/v2\/types\/post"}],"author":[{"embeddable":true,"href":"https:\/\/diaridigital.urv.cat\/es\/wp-json\/wp\/v2\/users\/4"}],"replies":[{"embeddable":true,"href":"https:\/\/diaridigital.urv.cat\/es\/wp-json\/wp\/v2\/comments?post=84221"}],"version-history":[{"count":0,"href":"https:\/\/diaridigital.urv.cat\/es\/wp-json\/wp\/v2\/posts\/84221\/revisions"}],"wp:featuredmedia":[{"embeddable":true,"href":"https:\/\/diaridigital.urv.cat\/es\/wp-json\/wp\/v2\/media\/84218"}],"wp:attachment":[{"href":"https:\/\/diaridigital.urv.cat\/es\/wp-json\/wp\/v2\/media?parent=84221"}],"wp:term":[{"taxonomy":"category","embeddable":true,"href":"https:\/\/diaridigital.urv.cat\/es\/wp-json\/wp\/v2\/categories?post=84221"},{"taxonomy":"post_tag","embeddable":true,"href":"https:\/\/diaridigital.urv.cat\/es\/wp-json\/wp\/v2\/tags?post=84221"}],"curies":[{"name":"wp","href":"https:\/\/api.w.org\/{rel}","templated":true}]}}