{"id":85418,"date":"2019-06-27T16:57:32","date_gmt":"2019-06-27T14:57:32","guid":{"rendered":"https:\/\/diaridigital.urv.cat\/?p=85418"},"modified":"2021-06-09T16:59:22","modified_gmt":"2021-06-09T14:59:22","slug":"te-lloc-lacte-de-cloenda-del-master-en-tecniques-cromatografiques-aplicades-2018-19","status":"publish","type":"post","link":"https:\/\/diaridigital.urv.cat\/es\/te-lloc-lacte-de-cloenda-del-master-en-tecniques-cromatografiques-aplicades-2018-19\/","title":{"rendered":"Tiene lugar el acto de clausura del m\u00e1ster en T\u00e9cnicas Cromatograf\u00edas Aplicadas 2018-19"},"content":{"rendered":"<p>La decana de la Facultad de Qu\u00edmica, Yolanda Cesteros, inaugur\u00f3 el acto y a continuaci\u00f3n di\u00f3 la palabra a la coordinadora de la URV, la professora Rosa M. Marc\u00e9, qui\u00e9n present\u00f3 a la conferenciante, Patr\u00edcia Puig d&#8217;APSA R&amp;D. Ella imparti\u00f3 la conferencia \u00abLa cromatografia a la ind\u00fastria farmac\u00e8utica\u00bb. Al acabar la ponencia los alumnos recibieron un diploma y un obsequio de la Facultad de Qu\u00edmica. A continuaci\u00f3n, la coordinadora de la UJI, Elena Pitarch, hiz\u00f3 una valoraci\u00f3n del m\u00e1ster y despu\u00e9s fue la coordinadora de la UdG quien tuvo unes palabras de agradecimiento a todos los participantes del m\u00e1ster, con especial menci\u00f3n a las empresas y centros de investigaci\u00f3n que acogen a los estudiantes para la realizaci\u00f3n del Trabajo de Fin de M\u00e1ster. Finalmente la decana cerr\u00f3 el acto.<\/p>\n<figure id=\"attachment_85419\" aria-labelledby=\"figcaption_attachment_85419\" class=\"wp-caption alignnone\" style=\"width: 1024px\"><a href=\"https:\/\/diaridigital.urv.cat\/wp-content\/uploads\/2021\/06\/La-conferenciant-Patricia-Puig-dAPSA-RD.png\"><img loading=\"lazy\" decoding=\"async\" class=\"wp-image-85419 size-full\" src=\"https:\/\/diaridigital.urv.cat\/wp-content\/uploads\/2021\/06\/La-conferenciant-Patricia-Puig-dAPSA-RD.png\" alt=\"La conferenciant, Patr\u00edcia Puig d'APSA R&amp;D\" width=\"1024\" height=\"768\" srcset=\"https:\/\/diaridigital.urv.cat\/wp-content\/uploads\/2021\/06\/La-conferenciant-Patricia-Puig-dAPSA-RD.png 1024w, https:\/\/diaridigital.urv.cat\/wp-content\/uploads\/2021\/06\/La-conferenciant-Patricia-Puig-dAPSA-RD-300x225.png 300w, https:\/\/diaridigital.urv.cat\/wp-content\/uploads\/2021\/06\/La-conferenciant-Patricia-Puig-dAPSA-RD-768x576.png 768w, https:\/\/diaridigital.urv.cat\/wp-content\/uploads\/2021\/06\/La-conferenciant-Patricia-Puig-dAPSA-RD-800x600.png 800w\" sizes=\"auto, (max-width: 1024px) 100vw, 1024px\" \/><\/a><figcaption id=\"figcaption_attachment_85419\" class=\"wp-caption-text\">La conferenciant, Patr\u00edcia Puig d&#8217;APSA R&amp;D<\/figcaption><\/figure>\n<p>El m\u00e0ster \u00e9s interuniversitari i s&#8217;imparteix conjuntament amb la Universitat Jaume I de Castell\u00f3 (UJI) i la Universitat de Girona (UdG). El present curs 2018-19 s&#8217;ha impartit la 12 edici\u00f3 com a m\u00e0ster oficial i ha renovat l&#8217;acreditaci\u00f3 per la qual cosa t\u00e9 assegurada la impartici\u00f3 en els propers quatre cursos acad\u00e8mics.<\/p>\n","protected":false},"excerpt":{"rendered":"<p>El acto tuvo lugar a las 15 h en la Sala de Grados de la Facultad de Qu\u00edmica <\/p>\n","protected":false},"author":119,"featured_media":85422,"comment_status":"open","ping_status":"open","sticky":false,"template":"","format":"standard","meta":{"_acf_changed":false,"footnotes":""},"categories":[83],"tags":[],"class_list":["post-85418","post","type-post","status-publish","format-standard","has-post-thumbnail","hentry","category-general-es"],"acf":[],"_links":{"self":[{"href":"https:\/\/diaridigital.urv.cat\/es\/wp-json\/wp\/v2\/posts\/85418","targetHints":{"allow":["GET"]}}],"collection":[{"href":"https:\/\/diaridigital.urv.cat\/es\/wp-json\/wp\/v2\/posts"}],"about":[{"href":"https:\/\/diaridigital.urv.cat\/es\/wp-json\/wp\/v2\/types\/post"}],"author":[{"embeddable":true,"href":"https:\/\/diaridigital.urv.cat\/es\/wp-json\/wp\/v2\/users\/119"}],"replies":[{"embeddable":true,"href":"https:\/\/diaridigital.urv.cat\/es\/wp-json\/wp\/v2\/comments?post=85418"}],"version-history":[{"count":0,"href":"https:\/\/diaridigital.urv.cat\/es\/wp-json\/wp\/v2\/posts\/85418\/revisions"}],"wp:featuredmedia":[{"embeddable":true,"href":"https:\/\/diaridigital.urv.cat\/es\/wp-json\/wp\/v2\/media\/85422"}],"wp:attachment":[{"href":"https:\/\/diaridigital.urv.cat\/es\/wp-json\/wp\/v2\/media?parent=85418"}],"wp:term":[{"taxonomy":"category","embeddable":true,"href":"https:\/\/diaridigital.urv.cat\/es\/wp-json\/wp\/v2\/categories?post=85418"},{"taxonomy":"post_tag","embeddable":true,"href":"https:\/\/diaridigital.urv.cat\/es\/wp-json\/wp\/v2\/tags?post=85418"}],"curies":[{"name":"wp","href":"https:\/\/api.w.org\/{rel}","templated":true}]}}