{"id":87028,"date":"2021-07-13T10:55:45","date_gmt":"2021-07-13T08:55:45","guid":{"rendered":"https:\/\/diaridigital.urv.cat\/?p=87028"},"modified":"2021-07-20T10:57:11","modified_gmt":"2021-07-20T08:57:11","slug":"se-graduan-las-promociones-2016-20-de-grado-y-2015-20-de-doble-grado-de-la-facultad-de-quimica","status":"publish","type":"post","link":"https:\/\/diaridigital.urv.cat\/es\/se-graduan-las-promociones-2016-20-de-grado-y-2015-20-de-doble-grado-de-la-facultad-de-quimica\/","title":{"rendered":"Se grad\u00faan las promociones 2016-20 de grado y 2015-20 de doble grado de la Facultad de Qu\u00edmica"},"content":{"rendered":"<p>El acto de graduaci\u00f3n de las promociones 2016-20 del grado de Qu\u00edmica y del grado de Bioqu\u00edmica y Biolog\u00eda Molecular, adem\u00e1s de la promoci\u00f3n 2015-2020 del doble grado de Biotecnolog\u00eda y Bioqu\u00edmica y Biolog\u00eda Molecular, tuvo lugar el jueves 8 de julio en el Aula Magna de la Facultad de Ciencias de la Educaci\u00f3n y Psicolog\u00eda.<\/p>\n<p>La situaci\u00f3n sanitaria marc\u00f3 el desarrollo del acto, que se celebr\u00f3 presencialmente pero sin acompa\u00f1antes y con un protocolo adaptado para la ocasi\u00f3n.<\/p>\n<p>Montserrat Pinent, responsable del grado de Bioqu\u00edmica y Biolog\u00eda Molecular y del doble Grado Biotecnolog\u00eda\/Bioqu\u00edmica y Biolog\u00eda Molecular, presidi\u00f3 el acto acompa\u00f1ada de Xavier L\u00f3pez, responsable del grado de Qu\u00edmica.<\/p>\n<figure id=\"attachment_86796\" aria-labelledby=\"figcaption_attachment_86796\" class=\"wp-caption alignnone\" style=\"width: 1024px\"><a href=\"https:\/\/diaridigital.urv.cat\/wp-content\/uploads\/2021\/07\/graduacio_fq_2020.jpg\"><img loading=\"lazy\" decoding=\"async\" class=\"wp-image-86796 size-large\" src=\"https:\/\/diaridigital.urv.cat\/wp-content\/uploads\/2021\/07\/graduacio_fq_2020-1024x698.jpg\" alt=\"\" width=\"1024\" height=\"698\" srcset=\"https:\/\/diaridigital.urv.cat\/wp-content\/uploads\/2021\/07\/graduacio_fq_2020-1024x698.jpg 1024w, https:\/\/diaridigital.urv.cat\/wp-content\/uploads\/2021\/07\/graduacio_fq_2020-300x205.jpg 300w, https:\/\/diaridigital.urv.cat\/wp-content\/uploads\/2021\/07\/graduacio_fq_2020-768x524.jpg 768w, https:\/\/diaridigital.urv.cat\/wp-content\/uploads\/2021\/07\/graduacio_fq_2020-1536x1047.jpg 1536w, https:\/\/diaridigital.urv.cat\/wp-content\/uploads\/2021\/07\/graduacio_fq_2020-2048x1396.jpg 2048w\" sizes=\"auto, (max-width: 1024px) 100vw, 1024px\" \/><\/a><figcaption id=\"figcaption_attachment_86796\" class=\"wp-caption-text\">Graduados y graduadas del grado de Bioqu\u00edmica y Biolog\u00eda Molecular durante el acto.<\/figcaption><\/figure>\n<p>Las promociones fueron apadrinadas por la directora general de ASESA, Montserrat Vallverd\u00fa, Alumni de la Facultad de Qu\u00edmica, quien felicit\u00f3 a los estudiantes con un v\u00eddeo grabado para la ocasi\u00f3n. El total de estudiantes participantes fue de 45 del grado de Qu\u00edmica, 36 del grado de Bioqu\u00edmica y Biolog\u00eda Molecular y 11 del doble grado de Biotecnolog\u00eda y Bioqu\u00edmica y Biolog\u00eda Molecular.<\/p>\n<p>Los estudiantes recibieron de la Facultad un diploma, una banda y un pin con el logo de la Facultad de Qu\u00edmica. A diferencia de otros a\u00f1os los estudiantes no se aproximaron a la mesa presidencial a recoger los obsequios sin\u00f3 que los encontraron en su butaca y en el momento de ser nombrados fueron fotografiados de pie con la beca puesta.<\/p>\n<figure id=\"attachment_86801\" aria-labelledby=\"figcaption_attachment_86801\" class=\"wp-caption alignnone\" style=\"width: 698px\"><a href=\"https:\/\/diaridigital.urv.cat\/wp-content\/uploads\/2021\/07\/graduacio_fq_2020_1.jpg\"><img loading=\"lazy\" decoding=\"async\" class=\"wp-image-86801 size-large\" src=\"https:\/\/diaridigital.urv.cat\/wp-content\/uploads\/2021\/07\/graduacio_fq_2020_1-698x1024.jpg\" alt=\"\" width=\"698\" height=\"1024\" srcset=\"https:\/\/diaridigital.urv.cat\/wp-content\/uploads\/2021\/07\/graduacio_fq_2020_1-698x1024.jpg 698w, https:\/\/diaridigital.urv.cat\/wp-content\/uploads\/2021\/07\/graduacio_fq_2020_1-205x300.jpg 205w, https:\/\/diaridigital.urv.cat\/wp-content\/uploads\/2021\/07\/graduacio_fq_2020_1-768x1126.jpg 768w, https:\/\/diaridigital.urv.cat\/wp-content\/uploads\/2021\/07\/graduacio_fq_2020_1-1047x1536.jpg 1047w, https:\/\/diaridigital.urv.cat\/wp-content\/uploads\/2021\/07\/graduacio_fq_2020_1-1396x2048.jpg 1396w, https:\/\/diaridigital.urv.cat\/wp-content\/uploads\/2021\/07\/graduacio_fq_2020_1.jpg 1500w\" sizes=\"auto, (max-width: 698px) 100vw, 698px\" \/><\/a><figcaption id=\"figcaption_attachment_86801\" class=\"wp-caption-text\">Una de las graduadas del doble grado de Biotecnolog\u00eda y Bioqu\u00edmica y Biolog\u00eda Molecular.<\/figcaption><\/figure>\n<p>Durante el desarrollo del acto, estudiantes de los dos grados y del doble grado hicieron un parlamento en nombre de sus compa\u00f1eros y compa\u00f1eras de promoci\u00f3n.<\/p>\n<figure id=\"attachment_86811\" aria-labelledby=\"figcaption_attachment_86811\" class=\"wp-caption alignnone\" style=\"width: 1024px\"><a href=\"https:\/\/diaridigital.urv.cat\/wp-content\/uploads\/2021\/07\/graduacio_fq_2020_2.jpg\"><img loading=\"lazy\" decoding=\"async\" class=\"wp-image-86811 size-large\" src=\"https:\/\/diaridigital.urv.cat\/wp-content\/uploads\/2021\/07\/graduacio_fq_2020_2-1024x698.jpg\" alt=\"\" width=\"1024\" height=\"698\" srcset=\"https:\/\/diaridigital.urv.cat\/wp-content\/uploads\/2021\/07\/graduacio_fq_2020_2-1024x698.jpg 1024w, https:\/\/diaridigital.urv.cat\/wp-content\/uploads\/2021\/07\/graduacio_fq_2020_2-300x205.jpg 300w, https:\/\/diaridigital.urv.cat\/wp-content\/uploads\/2021\/07\/graduacio_fq_2020_2-768x524.jpg 768w, https:\/\/diaridigital.urv.cat\/wp-content\/uploads\/2021\/07\/graduacio_fq_2020_2-1536x1047.jpg 1536w, https:\/\/diaridigital.urv.cat\/wp-content\/uploads\/2021\/07\/graduacio_fq_2020_2-2048x1396.jpg 2048w\" sizes=\"auto, (max-width: 1024px) 100vw, 1024px\" \/><\/a><figcaption id=\"figcaption_attachment_86811\" class=\"wp-caption-text\">Karen Dajana Mu\u00f1oz, estudiante del grado de Qu\u00edmica, pronunciando su discurso.<\/figcaption><\/figure>\n<p>Al finalizar el acto se proyect\u00f3 por sorpresa un v\u00eddeo que hab\u00eda grabado el profesorado del centro para felicitar a los estudiantes.<\/p>\n<p><a href=\"https:\/\/diaridigital.urv.cat\/wp-content\/uploads\/2021\/07\/graduacio_fq_2025.jpg\"><img loading=\"lazy\" decoding=\"async\" class=\"alignnone size-large wp-image-86785\" src=\"https:\/\/diaridigital.urv.cat\/wp-content\/uploads\/2021\/07\/graduacio_fq_2025-1024x768.jpg\" alt=\"\" width=\"1024\" height=\"768\" srcset=\"https:\/\/diaridigital.urv.cat\/wp-content\/uploads\/2021\/07\/graduacio_fq_2025-1024x768.jpg 1024w, https:\/\/diaridigital.urv.cat\/wp-content\/uploads\/2021\/07\/graduacio_fq_2025-300x225.jpg 300w, https:\/\/diaridigital.urv.cat\/wp-content\/uploads\/2021\/07\/graduacio_fq_2025-768x576.jpg 768w, https:\/\/diaridigital.urv.cat\/wp-content\/uploads\/2021\/07\/graduacio_fq_2025-1536x1152.jpg 1536w, https:\/\/diaridigital.urv.cat\/wp-content\/uploads\/2021\/07\/graduacio_fq_2025-800x600.jpg 800w, https:\/\/diaridigital.urv.cat\/wp-content\/uploads\/2021\/07\/graduacio_fq_2025.jpg 2000w\" sizes=\"auto, (max-width: 1024px) 100vw, 1024px\" \/><\/a><\/p>\n<p>Como colof\u00f3n del acto los dos responsables de estudios mencionaron la placa conmemorativa ubicada en el Pati dels Garrofers, en donde tambi\u00e9n se hab\u00eda plantado un jard\u00edn de plantas arom\u00e1ticas para la ocasi\u00f3n.<\/p>\n<p><a href=\"https:\/\/diaridigital.urv.cat\/wp-content\/uploads\/2021\/07\/graduacio_fq_2020_3.jpg\"><img loading=\"lazy\" decoding=\"async\" class=\"alignnone size-large wp-image-86816\" src=\"https:\/\/diaridigital.urv.cat\/wp-content\/uploads\/2021\/07\/graduacio_fq_2020_3-1024x698.jpg\" alt=\"\" width=\"1024\" height=\"698\" srcset=\"https:\/\/diaridigital.urv.cat\/wp-content\/uploads\/2021\/07\/graduacio_fq_2020_3-1024x698.jpg 1024w, https:\/\/diaridigital.urv.cat\/wp-content\/uploads\/2021\/07\/graduacio_fq_2020_3-300x205.jpg 300w, https:\/\/diaridigital.urv.cat\/wp-content\/uploads\/2021\/07\/graduacio_fq_2020_3-768x524.jpg 768w, https:\/\/diaridigital.urv.cat\/wp-content\/uploads\/2021\/07\/graduacio_fq_2020_3-1536x1047.jpg 1536w, https:\/\/diaridigital.urv.cat\/wp-content\/uploads\/2021\/07\/graduacio_fq_2020_3-2048x1396.jpg 2048w\" sizes=\"auto, (max-width: 1024px) 100vw, 1024px\" \/><\/a><\/p>\n","protected":false},"excerpt":{"rendered":"<p>El acto fue apadrinado por la directora general de ASESA, Montserrat Vallverd\u00fa<\/p>\n","protected":false},"author":44,"featured_media":86827,"comment_status":"open","ping_status":"open","sticky":false,"template":"","format":"standard","meta":{"_acf_changed":false,"footnotes":""},"categories":[255],"tags":[],"class_list":["post-87028","post","type-post","status-publish","format-standard","has-post-thumbnail","hentry","category-facultad-quimica"],"acf":[],"_links":{"self":[{"href":"https:\/\/diaridigital.urv.cat\/es\/wp-json\/wp\/v2\/posts\/87028","targetHints":{"allow":["GET"]}}],"collection":[{"href":"https:\/\/diaridigital.urv.cat\/es\/wp-json\/wp\/v2\/posts"}],"about":[{"href":"https:\/\/diaridigital.urv.cat\/es\/wp-json\/wp\/v2\/types\/post"}],"author":[{"embeddable":true,"href":"https:\/\/diaridigital.urv.cat\/es\/wp-json\/wp\/v2\/users\/44"}],"replies":[{"embeddable":true,"href":"https:\/\/diaridigital.urv.cat\/es\/wp-json\/wp\/v2\/comments?post=87028"}],"version-history":[{"count":0,"href":"https:\/\/diaridigital.urv.cat\/es\/wp-json\/wp\/v2\/posts\/87028\/revisions"}],"wp:featuredmedia":[{"embeddable":true,"href":"https:\/\/diaridigital.urv.cat\/es\/wp-json\/wp\/v2\/media\/86827"}],"wp:attachment":[{"href":"https:\/\/diaridigital.urv.cat\/es\/wp-json\/wp\/v2\/media?parent=87028"}],"wp:term":[{"taxonomy":"category","embeddable":true,"href":"https:\/\/diaridigital.urv.cat\/es\/wp-json\/wp\/v2\/categories?post=87028"},{"taxonomy":"post_tag","embeddable":true,"href":"https:\/\/diaridigital.urv.cat\/es\/wp-json\/wp\/v2\/tags?post=87028"}],"curies":[{"name":"wp","href":"https:\/\/api.w.org\/{rel}","templated":true}]}}