{"id":89542,"date":"2021-11-04T12:00:40","date_gmt":"2021-11-04T11:00:40","guid":{"rendered":"https:\/\/diaridigital.urv.cat\/?p=89542"},"modified":"2021-11-04T12:02:40","modified_gmt":"2021-11-04T11:02:40","slug":"1-se-abren-las-convocatorias-de-movilidad-internacional-del-programa-aurora-para-estudiantes","status":"publish","type":"post","link":"https:\/\/diaridigital.urv.cat\/es\/1-se-abren-las-convocatorias-de-movilidad-internacional-del-programa-aurora-para-estudiantes\/","title":{"rendered":"Se abren las convocatorias de movilidad internacional del programa Aurora para estudiantes"},"content":{"rendered":"<p>Los estudiantes de la URV y tambi\u00e9n el personal investigador y el de administraci\u00f3n y servicios pueden participar desde este curso en alguna de las <a href=\"https:\/\/www.urv.cat\/ca\/vida-campus\/serveis\/mobilitat\/mob-estudis-aurora\/\" target=\"_blank\" rel=\"noopener\">propuestas de movilidad<\/a> que se ofrecen en el marco del programa Aurora. Las destinadas a estudiantes de grado, m\u00e1ster y doctorado ya est\u00e1n convocadas y en unos d\u00edas se abrir\u00e1n las destinadas al resto de colectivos.<\/p>\n<p>La <a href=\"https:\/\/www.urv.cat\/ca\/vida-campus\/serveis\/mobilitat\/mob-estudis-aurorastu-st-conv2122\/\" target=\"_blank\" rel=\"noopener\">convocatoria de corta duraci\u00f3n<\/a> se abre al colectivo de estudiantes que quieren inscribirse en alguno de los cursos que ofrecen las universidades que forman parte de este consorcio. Son estancias de menos de treinta d\u00edas y, en caso de que estos cursos comporten desplazamiento recibir\u00e1n una beca de movilidad y un complemento para el viaje. Son estancias con posibilidad de reconocimiento acad\u00e9mico.<\/p>\n<p>Otra de las movilidades es <a href=\"https:\/\/www.urv.cat\/ca\/vida-campus\/serveis\/mobilitat\/traineeships-aurora-conv2122\/\" target=\"_blank\" rel=\"noopener\">la de pr\u00e1cticas<\/a> que ser\u00e1 de un m\u00ednimo de dos y un m\u00e1ximo de doce meses. Puede optar cualquier estudiante que est\u00e9 matriculado en una ense\u00f1anza oficial de la URV y las pr\u00e1cticas deben estar relacionadas con la titulaci\u00f3n que se cursa. Se pueden realizar pr\u00e1cticas curriculares, extracurriculares o como reci\u00e9n graduado. En este caso hay una ayuda base para cada mes que variar\u00e1 dependiendo del pa\u00eds de destino, una ayuda de viaje y un complemento social determinado por el nivel de vida del pa\u00eds de acogida para las personas que hayan recibido la beca de r\u00e9gimen general curso anterior a la movilidad, o bien que certifiquen alg\u00fan tipo de discapacidad o que no hayan hecho antes ninguna movilidad desde la URV.<\/p>\n<p>Y finalmente ha salido ya la <a href=\"https:\/\/www.urv.cat\/ca\/vida-campus\/serveis\/mobilitat\/traineeships-aurora-conv2122\/\" target=\"_blank\" rel=\"noopener\">convocatoria de movilidad internacional<\/a> de larga estancia para el pr\u00f3ximo curso. La movilidad de estudios ser\u00e1 de dos a doce meses y los importes de las becas son los mismos que en el caso de las pr\u00e1cticas. Se ha incluido en el cat\u00e1logo de oferta de plazas de movilidad una vacante para cada instituci\u00f3n perteneciente a Aurora. Las becas de estudios se han convocado este mi\u00e9rcoles, al igual que lo han hecho las de las modalidades Erasmus+, MOU Studies y ISEP.<\/p>\n<p><strong>Movilidad por un multicampus europeo<\/strong><\/p>\n<p>Aurora es un proyecto de multicampus a nivel europeo que se inici\u00f3 en 2016 con el proyecto del consorcio. En 2020, en el marco del programa Erasmus+, la Comisi\u00f3n Europea (CE) escogi\u00f3 el proyecto como una de las 41 alianzas de la iniciativa \u201cUniversidades Europeas\u201d que se crear\u00e1n en la Uni\u00f3n Europea hasta 2024. Este programa pretende que a largo plazo los estudiantes obtengan un t\u00edtulo combinando estudios en varios pa\u00edses a la vez que se contribuye a fomentar la competitividad internacional de las universidades que forman parte de la iniciativa.<\/p>\n<p>La Aurora European Universities Alliance tiene el objetivo de ampliar la oferta de estudios y pr\u00e1cticas estudiantiles dentro de una red de nueve universidades socias y, en la primera fase 2020-2023, enfoca la oferta creando cuatro \u00e1reas estrat\u00e9gicas transversales de Aurora (Sostenibilidad y Cambio Clim\u00e1tico, Sociedad Digital y Ciudadan\u00eda Global, Salud y Bienestar, Cultura: Diversidad e Identidad), adem\u00e1s de promocionar el objetivo principal del proyecto, de fomentar el emprendimiento y la innovaci\u00f3n social, adem\u00e1s de la investigaci\u00f3n y el aprendizaje servicio. El marco de movilidad Aurora de la que la URV es miembro, prev\u00e9 que entre las instituciones adheridas se establezca un flujo de movilidad para incrementar la internacionalizaci\u00f3n de sus miembros.<\/p>\n","protected":false},"excerpt":{"rendered":"<p>Se ofrecen tres modalidades para poder viajar a una de las ocho universidades del consorcio: una de corta estancia, una de pr\u00e1cticas y una de larga estancia, similar al programa Erasmus<\/p>\n","protected":false},"author":4,"featured_media":78028,"comment_status":"open","ping_status":"open","sticky":false,"template":"","format":"standard","meta":{"_acf_changed":false,"footnotes":""},"categories":[83,93,123,4695,197],"tags":[],"class_list":["post-89542","post","type-post","status-publish","format-standard","has-post-thumbnail","hentry","category-general-es","category-la-urv","category-notas-prensa","category-red-aurora","category-internacional-es"],"acf":[],"_links":{"self":[{"href":"https:\/\/diaridigital.urv.cat\/es\/wp-json\/wp\/v2\/posts\/89542","targetHints":{"allow":["GET"]}}],"collection":[{"href":"https:\/\/diaridigital.urv.cat\/es\/wp-json\/wp\/v2\/posts"}],"about":[{"href":"https:\/\/diaridigital.urv.cat\/es\/wp-json\/wp\/v2\/types\/post"}],"author":[{"embeddable":true,"href":"https:\/\/diaridigital.urv.cat\/es\/wp-json\/wp\/v2\/users\/4"}],"replies":[{"embeddable":true,"href":"https:\/\/diaridigital.urv.cat\/es\/wp-json\/wp\/v2\/comments?post=89542"}],"version-history":[{"count":0,"href":"https:\/\/diaridigital.urv.cat\/es\/wp-json\/wp\/v2\/posts\/89542\/revisions"}],"wp:featuredmedia":[{"embeddable":true,"href":"https:\/\/diaridigital.urv.cat\/es\/wp-json\/wp\/v2\/media\/78028"}],"wp:attachment":[{"href":"https:\/\/diaridigital.urv.cat\/es\/wp-json\/wp\/v2\/media?parent=89542"}],"wp:term":[{"taxonomy":"category","embeddable":true,"href":"https:\/\/diaridigital.urv.cat\/es\/wp-json\/wp\/v2\/categories?post=89542"},{"taxonomy":"post_tag","embeddable":true,"href":"https:\/\/diaridigital.urv.cat\/es\/wp-json\/wp\/v2\/tags?post=89542"}],"curies":[{"name":"wp","href":"https:\/\/api.w.org\/{rel}","templated":true}]}}