{"id":91573,"date":"2022-01-17T09:30:38","date_gmt":"2022-01-17T08:30:38","guid":{"rendered":"https:\/\/diaridigital.urv.cat\/?p=91573"},"modified":"2022-01-17T09:11:22","modified_gmt":"2022-01-17T08:11:22","slug":"la-diabetes-tipo-ii-se-asocia-con-un-mayor-deterioro-cognitivo-en-personas-mayores","status":"publish","type":"post","link":"https:\/\/diaridigital.urv.cat\/es\/la-diabetes-tipo-ii-se-asocia-con-un-mayor-deterioro-cognitivo-en-personas-mayores\/","title":{"rendered":"La diabetes tipo II se asocia con un mayor deterioro cognitivo en personas mayores"},"content":{"rendered":"<p>La diabetes es una enfermedad que afecta a unos 463 millones de personas a escala mundial y se estima que en el a\u00f1o 2045 alcanzar\u00e1 los 700 millones. Por otra parte, la demencia afecta aproximadamente a 50 millones de personas en el mundo, una cifra que se puede triplicar hasta el a\u00f1o 2050. La demencia es la forma m\u00e1s grave de deterioro cognitivo, afecta especialmente a personas de edad avanzada y se caracteriza por la p\u00e9rdida de capacidades mentales como la memoria, la concentraci\u00f3n y el aprendizaje. Ahora, un equipo investigador de la Unidad de Nutrici\u00f3n Humana de la URV-IISPV, ha realizado un estudio durante dos a\u00f1os a 6.874 personas mayores repartidas en 23 centros de investigaci\u00f3n espa\u00f1oles para comprobar qu\u00e9 relaci\u00f3n existe entre las diversas fases del estado glic\u00e9mico y los cambios en el funcionamiento cognitivo a corto plazo. Se trata del primer trabajo de estas caracter\u00edsticas y cuyos resultados los ha publicado la revista cient\u00edfica<em> Frontiers in Endocrinology<\/em>.<\/p>\n<p>Para evaluar el rendimiento cognitivo se realizaron ocho pruebas neuropsicol\u00f3gicas al inicio del estudio y dos a\u00f1os despu\u00e9s. Los resultados obtenidos indicaron que la evoluci\u00f3n del funcionamiento cognitivo durante dos a\u00f1os es peor entre participantes que ten\u00edan peor estado glic\u00e9mico al principio del estudio. La presencia inicial de diabetes tipo II y una mayor duraci\u00f3n de la enfermedad se relacionaron con una peor evoluci\u00f3n del funcionamiento cognitivo global y generalizado en la mayor\u00eda de las diferentes pruebas neuropsicol\u00f3gicas evaluadas, en comparaci\u00f3n con los participantes no diab\u00e9ticos.<\/p>\n<figure id=\"attachment_91565\" aria-labelledby=\"figcaption_attachment_91565\" class=\"wp-caption alignnone\" style=\"width: 1024px\"><a href=\"https:\/\/diaridigital.urv.cat\/wp-content\/uploads\/2022\/01\/IMG_9086-scaled-e1642166702285.jpg\"><img loading=\"lazy\" decoding=\"async\" class=\"wp-image-91565 size-large\" src=\"https:\/\/diaridigital.urv.cat\/wp-content\/uploads\/2022\/01\/IMG_9086-scaled-e1642406823916-1024x680.jpg\" alt=\"\" width=\"1024\" height=\"680\" srcset=\"https:\/\/diaridigital.urv.cat\/wp-content\/uploads\/2022\/01\/IMG_9086-scaled-e1642406823916-1024x680.jpg 1024w, https:\/\/diaridigital.urv.cat\/wp-content\/uploads\/2022\/01\/IMG_9086-scaled-e1642406823916-300x199.jpg 300w, https:\/\/diaridigital.urv.cat\/wp-content\/uploads\/2022\/01\/IMG_9086-scaled-e1642406823916-768x510.jpg 768w, https:\/\/diaridigital.urv.cat\/wp-content\/uploads\/2022\/01\/IMG_9086-scaled-e1642406823916-1536x1020.jpg 1536w, https:\/\/diaridigital.urv.cat\/wp-content\/uploads\/2022\/01\/IMG_9086-scaled-e1642406823916-2048x1360.jpg 2048w\" sizes=\"auto, (max-width: 1024px) 100vw, 1024px\" \/><\/a><figcaption id=\"figcaption_attachment_91565\" class=\"wp-caption-text\">De izquierda a derecha, parte del equipo investigador implicado en este estudio: Jordi J\u00falvez, Carlos G\u00f3mez, Nancy Babio y Jordi Salas-Salvad\u00f3.<\/figcaption><\/figure>\n<p>Tambi\u00e9n se observ\u00f3 que unos niveles iniciales m\u00e1s elevados de HOMA-IR y HbA1c (\u00edndices de resistencia a la insulina y del control de glucosa en sangre, respectivamente) se asociaron con un mayor deterioro cognitivo global dos a\u00f1os despu\u00e9s. Asimismo, aquellos participantes con un peor control inicial mostraron una peor evoluci\u00f3n del funcionamiento cognitivo, seg\u00fan indicaba una de las pruebas neuropsicol\u00f3gicas realizadas a los dos a\u00f1os.<\/p>\n<p>Asimismo, los resultados pusieron de manifiesto que ninguno de los cuatro tratamientos antidiab\u00e9ticos evaluados se asociaron a una mejora de la funci\u00f3n cognitiva en el transcurso de los dos a\u00f1os de seguimiento en comparaci\u00f3n con los participantes que no siguen un tratamiento antidiab\u00e9tico.<\/p>\n<p>Ante estas conclusiones, el equipo investigador destaca la importancia de buscar estrategias eficaces dirigidas a reducir el riesgo de diabetes y las alteraciones de la glucosa, as\u00ed como establecer una mayor vigilancia sobre el estado cognitivo en aquellas personas que sufren estos trastornos metab\u00f3licos. Este tipo de prevenci\u00f3n permitir\u00eda \u2013apuntan\u2013 dirigir esfuerzos para reducir la prevalencia de alteraciones glic\u00e9micas y el respectivo deterioro cognitivo asociado.<\/p>\n<p>El estudio lo ha liderado el investigador predoctoral Carlos G\u00f3mez-Mart\u00ednez, bajo la direcci\u00f3n del equipo investigador formado por Nancy Babio, Jordi J\u00falvez y Jordi Salas-Salvad\u00f3, de la Unidad de Nutrici\u00f3n Humana de la Universitat Rovira i Virgili, el Instituto de Investigaci\u00f3n Sanitaria Pere Virgili y el Centro de Investigaci\u00f3n Biom\u00e9dica en la Red de la Fisiopatolog\u00eda de la Obesidad y Nutrici\u00f3n (CIBERobn). La investigaci\u00f3n se enmarca dentro del estudio PREDIMED-Plus y la ha financiado el proyecto europeo PRIME y el Instituto de Salud Carlos IIII a trav\u00e9s de distintos proyectos.<\/p>\n<p><strong>Referencia bibliogr\u00e1fica: <\/strong>G\u00f3mez-Mart\u00ednez C., Babio N., J\u00falvez J., Becerra-Tom\u00e1s N., Mart\u00ednez-Gonz\u00e1lez M.\u00c1., Corella D., Casta\u00f1er O., Romaguera D., Vioque J., Alonso-G\u00f3mez \u00c1.M., W\u00e4rnberg J., Mart\u00ednez J.A., Serra-Majem L., Estruch R., Tinahones F. J., Lapetra J., Pint\u00f3 X., Tur Josep A., L\u00f3pez-Miranda J., Bueno-Cavanillas A., Gaforio J. J., Mat\u00eda-Mart\u00edn P., Daimiel L. Mart\u00edn-S\u00e1nchez V., Vidal J., V\u00e1zquez C., Ros Emilio, Dalsgaard S\u00f8ren, Say\u00f3n-Orea C., Sorl\u00ed Jos\u00e9 V., de la Torre R., Abete I., Tojal-Sierra L., Bar\u00f3n-L\u00f3pez F.J., Fern\u00e1ndez-Brufal N., Konieczna Jadwiga, Garc\u00eda-R\u00edos A., Sacanella E., Bernal-L\u00f3pez M. R., Santos-Lozano J.M., Razquin C., Alvarez-Sala A., Goday A., Zulet M. A., Vaquero-Luna J., Diez-Espino J., Cuenca-Royo A., Fern\u00e1ndez-Aranda F., Bull\u00f3 M., Salas-Salvad\u00f3 J. Glycemic Dysregulations Are Associated With Worsening Cognitive Function in Older Participants at High Risk of Cardiovascular Disease: Two-Year Follow-up in the PREDIMED-Plus Study<em>. Frontiers in Endocrinology. <\/em>DOI: <a href=\"https:\/\/www.frontiersin.org\/article\/10.3389\/fendo.2021.754347\">10.3389\/fendo.2021.754347\u00a0\u00a0 <\/a><\/p>\n","protected":false},"excerpt":{"rendered":"<p>Un estudio realizado por un grupo investigador de la URV-IISPV indica que las personas con alteraciones glic\u00e9micas como la diabetes tipo II, mayor resistencia a la insulina o peor control de glucosa en sangre presentan en s\u00f3lo dos a\u00f1os un mayor riesgo de deterioro cognitivo<\/p>\n","protected":false},"author":5,"featured_media":91608,"comment_status":"open","ping_status":"open","sticky":false,"template":"","format":"standard","meta":{"_acf_changed":false,"footnotes":""},"categories":[102,3477,254,100,123,120,3847],"tags":[955],"class_list":["post-91573","post","type-post","status-publish","format-standard","has-post-thumbnail","hentry","category-comunicacion-ciencia","category-bioquimica-biotecnologia-es","category-facultad-medicina","category-investigacion","category-notas-prensa","category-salud","category-nutricion-humana","tag-predimed-es"],"acf":[],"_links":{"self":[{"href":"https:\/\/diaridigital.urv.cat\/es\/wp-json\/wp\/v2\/posts\/91573","targetHints":{"allow":["GET"]}}],"collection":[{"href":"https:\/\/diaridigital.urv.cat\/es\/wp-json\/wp\/v2\/posts"}],"about":[{"href":"https:\/\/diaridigital.urv.cat\/es\/wp-json\/wp\/v2\/types\/post"}],"author":[{"embeddable":true,"href":"https:\/\/diaridigital.urv.cat\/es\/wp-json\/wp\/v2\/users\/5"}],"replies":[{"embeddable":true,"href":"https:\/\/diaridigital.urv.cat\/es\/wp-json\/wp\/v2\/comments?post=91573"}],"version-history":[{"count":0,"href":"https:\/\/diaridigital.urv.cat\/es\/wp-json\/wp\/v2\/posts\/91573\/revisions"}],"wp:featuredmedia":[{"embeddable":true,"href":"https:\/\/diaridigital.urv.cat\/es\/wp-json\/wp\/v2\/media\/91608"}],"wp:attachment":[{"href":"https:\/\/diaridigital.urv.cat\/es\/wp-json\/wp\/v2\/media?parent=91573"}],"wp:term":[{"taxonomy":"category","embeddable":true,"href":"https:\/\/diaridigital.urv.cat\/es\/wp-json\/wp\/v2\/categories?post=91573"},{"taxonomy":"post_tag","embeddable":true,"href":"https:\/\/diaridigital.urv.cat\/es\/wp-json\/wp\/v2\/tags?post=91573"}],"curies":[{"name":"wp","href":"https:\/\/api.w.org\/{rel}","templated":true}]}}