{"id":93741,"date":"2022-03-23T09:28:05","date_gmt":"2022-03-23T08:28:05","guid":{"rendered":"https:\/\/diaridigital.urv.cat\/?p=93741"},"modified":"2022-03-23T10:15:18","modified_gmt":"2022-03-23T09:15:18","slug":"la-semana-del-doctorado-en-antropologia-y-comunicacion-se-centra-en-las-dicotomias-de-lo-urbano-y-lo-rural","status":"publish","type":"post","link":"https:\/\/diaridigital.urv.cat\/es\/la-semana-del-doctorado-en-antropologia-y-comunicacion-se-centra-en-las-dicotomias-de-lo-urbano-y-lo-rural\/","title":{"rendered":"La Semana del Doctorado en Antropolog\u00eda y Comunicaci\u00f3n se centra en las dicotom\u00edas de lo urbano y lo rural"},"content":{"rendered":"<p>Con el t\u00edtulo Entre lo urbano y lo rural: cultura, comunicaci\u00f3n e identidades, las jornadas de este curso acad\u00e9mico 2021-22, ofrecen formaci\u00f3n espec\u00edfica que cuenta, adem\u00e1s del profesorado de la Universitat Rovira i Virgili, con profesorado invitado de la Universitat Aut\u00f2noma de Barcelona, la Universidad de la Rioja, la Universitat de Girona, el Centro de Ciencias Humanas y Sociales del CSIC, la Universitat de Val\u00e8ncia y la Colorado State University.<\/p>\n<p>La Semana del <a href=\"http:\/\/www.doctor.urv.cat\/es\/futuros-estudiantes\/oferta\/7701\/index\/\">DAC<\/a> es un encuentro cient\u00edfico y formativo que forma parte de las actividades espec\u00edficas programa. Est\u00e1 dirigida al estudiantado del DAC y cuenta con las IX Jornadas de Formaci\u00f3n, en las que se organizan ponencias expertas y metodol\u00f3gicas, y el VIII Seminario de Seguimiento, en el que el estudiantado presenta sus proyectos, avances y tienen la oportunidad de intercambiar ideas y propuestas con el resto de la comunidad acad\u00e9mica.<\/p>\n<p>Este curso acad\u00e9mico 2021-22 las ponencias metodol\u00f3gicas tratar\u00e1n sobre t\u00e9cnicas cualitativas como las historias de vida, adem\u00e1s de ofrecer herramientas y cuestiones pr\u00e1cticas sobre los dilemas \u00e9ticos de la investigaci\u00f3n en las ciencias sociales y talleres sobre redacci\u00f3n y citas de fuentes bibliogr\u00e1ficas.<\/p>\n<p>En la presente edici\u00f3n, se debatir\u00e1n aspectos relacionados con la sostenibilidad, el desarrollo o el patrimonio cultural y natural, las identidades, pero tambi\u00e9n de la atenci\u00f3n a las comunidades, la globalizaci\u00f3n, las redes sociales o el acceso a servicios de salud o de educaci\u00f3n.<\/p>\n<p>El Doctorado en Antropolog\u00eda y Comunicaci\u00f3n de la URV cuenta con m\u00e1s de ochenta estudiantes y m\u00e1s de cuarenta docentes propios y colaboradores. Tiene un enfoque global, con aproximadamente la mitad del estudiantado internacional. En su enfoque se encuentran las l\u00edneas de investigaci\u00f3n de Antropolog\u00eda m\u00e9dica; Identidades contempor\u00e1neas, espacios urbanos y representaci\u00f3n; y Comunicaci\u00f3n de riesgo.<\/p>\n<p>M\u00e1s informaci\u00f3n: <a href=\"http:\/\/www.dac.cat\">www.dac.cat<\/a><\/p>\n","protected":false},"excerpt":{"rendered":"<p>Rural y urbano, periferias y centros, el campo y la ciudad. La Semana del Doctorado en Antropolog\u00eda y Comunicaci\u00f3n (DAC) de la URV, del 28 de marzo al 1 de abril, se centrar\u00e1 en el an\u00e1lisis y el debate sobre las dicotom\u00edas entre lo urbano y lo rural<\/p>\n","protected":false},"author":28,"featured_media":93739,"comment_status":"open","ping_status":"open","sticky":false,"template":"","format":"standard","meta":{"_acf_changed":false,"footnotes":""},"categories":[3471,3994,87,253],"tags":[],"class_list":["post-93741","post","type-post","status-publish","format-standard","has-post-thumbnail","hentry","category-estudios-comunicacion","category-doctorados","category-estudiantes","category-facultad-letras"],"acf":[],"_links":{"self":[{"href":"https:\/\/diaridigital.urv.cat\/es\/wp-json\/wp\/v2\/posts\/93741","targetHints":{"allow":["GET"]}}],"collection":[{"href":"https:\/\/diaridigital.urv.cat\/es\/wp-json\/wp\/v2\/posts"}],"about":[{"href":"https:\/\/diaridigital.urv.cat\/es\/wp-json\/wp\/v2\/types\/post"}],"author":[{"embeddable":true,"href":"https:\/\/diaridigital.urv.cat\/es\/wp-json\/wp\/v2\/users\/28"}],"replies":[{"embeddable":true,"href":"https:\/\/diaridigital.urv.cat\/es\/wp-json\/wp\/v2\/comments?post=93741"}],"version-history":[{"count":0,"href":"https:\/\/diaridigital.urv.cat\/es\/wp-json\/wp\/v2\/posts\/93741\/revisions"}],"wp:featuredmedia":[{"embeddable":true,"href":"https:\/\/diaridigital.urv.cat\/es\/wp-json\/wp\/v2\/media\/93739"}],"wp:attachment":[{"href":"https:\/\/diaridigital.urv.cat\/es\/wp-json\/wp\/v2\/media?parent=93741"}],"wp:term":[{"taxonomy":"category","embeddable":true,"href":"https:\/\/diaridigital.urv.cat\/es\/wp-json\/wp\/v2\/categories?post=93741"},{"taxonomy":"post_tag","embeddable":true,"href":"https:\/\/diaridigital.urv.cat\/es\/wp-json\/wp\/v2\/tags?post=93741"}],"curies":[{"name":"wp","href":"https:\/\/api.w.org\/{rel}","templated":true}]}}