{"id":99488,"date":"2022-07-30T14:32:05","date_gmt":"2022-07-30T12:32:05","guid":{"rendered":"https:\/\/diaridigital.urv.cat\/?p=99488"},"modified":"2022-09-13T14:32:52","modified_gmt":"2022-09-13T12:32:52","slug":"concluye-el-master-en-sintesis-catalisis-y-diseno-molecular-del-curso-2021-2022","status":"publish","type":"post","link":"https:\/\/diaridigital.urv.cat\/es\/concluye-el-master-en-sintesis-catalisis-y-diseno-molecular-del-curso-2021-2022\/","title":{"rendered":"Concluye el m\u00e1ster en S\u00edntesis, Cat\u00e1lisis y Dise\u00f1o Molecular del curso 2021-2022"},"content":{"rendered":"<p style=\"text-align: justify;\">La clausura del m\u00e1ster en S\u00edntesis, Cat\u00e1lisis y Dise\u00f1o Molecular tuvo lugar el 29 de julio a las 17 h en la Sala de Grados de la Facultad de Qu\u00edmica. El acto fue el escenario para la graduaci\u00f3n de los 12 estudiantes del m\u00e1ster, que este curso ha completado la novena edici\u00f3n.<\/p>\n<p><a href=\"https:\/\/diaridigital.urv.cat\/wp-content\/uploads\/2022\/09\/003-MASTERCATALISI-29072022.jpg\"><img loading=\"lazy\" decoding=\"async\" class=\"alignnone size-large wp-image-99464\" src=\"https:\/\/diaridigital.urv.cat\/wp-content\/uploads\/2022\/09\/003-MASTERCATALISI-29072022-1024x698.jpg\" alt=\"\" width=\"1024\" height=\"698\" srcset=\"https:\/\/diaridigital.urv.cat\/wp-content\/uploads\/2022\/09\/003-MASTERCATALISI-29072022-1024x698.jpg 1024w, https:\/\/diaridigital.urv.cat\/wp-content\/uploads\/2022\/09\/003-MASTERCATALISI-29072022-300x205.jpg 300w, https:\/\/diaridigital.urv.cat\/wp-content\/uploads\/2022\/09\/003-MASTERCATALISI-29072022-768x524.jpg 768w, https:\/\/diaridigital.urv.cat\/wp-content\/uploads\/2022\/09\/003-MASTERCATALISI-29072022-1536x1047.jpg 1536w, https:\/\/diaridigital.urv.cat\/wp-content\/uploads\/2022\/09\/003-MASTERCATALISI-29072022-2048x1396.jpg 2048w\" sizes=\"auto, (max-width: 1024px) 100vw, 1024px\" \/><\/a><\/p>\n<p>Imagen de los miembros de la mesa durante el acto de clausura del m\u00e1ster.<\/p>\n<p>La clausura fue presidida por la vicerrectora de Investigaci\u00f3n, Marina Gali\u00e0, acompa\u00f1ada en la mesa por el vicedecano de la Facultad de Qu\u00edmica, Joan Carvajal, el coordinador del m\u00e1ster en la URV, Josep Manel Ricart y el Dr. Daniel Curulla, que es Senior Scientist en TotalEnergies (B\u00e9lgica), y que hizo la confer\u00e8ncia de la clausura que llevaba por t\u00edtulo \u201cThe role of future scientists and thecnologists in solving climate change threats\u201d. A continuaci\u00f3n los miembros de la mesa entregaron un diploma y un obsequio a los estudiantes y posteriormente un representante de aquel colectivo, David Domingo, hizo un parlamento en nombre de sus compa\u00f1eros del m\u00e1ster.<\/p>\n<p><a href=\"https:\/\/diaridigital.urv.cat\/wp-content\/uploads\/2022\/09\/012-MASTERCATALISI-29072022.jpg\"><img loading=\"lazy\" decoding=\"async\" class=\"alignnone size-large wp-image-99458\" src=\"https:\/\/diaridigital.urv.cat\/wp-content\/uploads\/2022\/09\/012-MASTERCATALISI-29072022-1024x698.jpg\" alt=\"\" width=\"1024\" height=\"698\" srcset=\"https:\/\/diaridigital.urv.cat\/wp-content\/uploads\/2022\/09\/012-MASTERCATALISI-29072022-1024x698.jpg 1024w, https:\/\/diaridigital.urv.cat\/wp-content\/uploads\/2022\/09\/012-MASTERCATALISI-29072022-300x205.jpg 300w, https:\/\/diaridigital.urv.cat\/wp-content\/uploads\/2022\/09\/012-MASTERCATALISI-29072022-768x524.jpg 768w, https:\/\/diaridigital.urv.cat\/wp-content\/uploads\/2022\/09\/012-MASTERCATALISI-29072022-1536x1047.jpg 1536w, https:\/\/diaridigital.urv.cat\/wp-content\/uploads\/2022\/09\/012-MASTERCATALISI-29072022-2048x1396.jpg 2048w\" sizes=\"auto, (max-width: 1024px) 100vw, 1024px\" \/><\/a><\/p>\n<p>Un momento de la intervenci\u00f3n del conferenciante, Daniel Curulla.<\/p>\n<p>El m\u00e1ster en S\u00edntesi, Cat\u00e1lisis y Dise\u00f1o Molecular son unos estudios conjuntos entre la Universidad Rovira i Virgili y el Instituto Catal\u00e1n de Investigaci\u00f3n Qu\u00edmica (ICIQ). Ofrece formaci\u00f3n cient\u00edfica que incluye nuevos m\u00e9todos de s\u00edntesis, desarrollo de catalizadores, dise\u00f1o computacional y gesti\u00f3n de procesos qu\u00edmicos respetuosos con el Medioambiente. Este m\u00e1ster se imparte \u00edntegramente en ingl\u00e9s.<\/p>\n<p><a href=\"https:\/\/diaridigital.urv.cat\/wp-content\/uploads\/2022\/09\/032-MASTERCATALISI-29072022.jpg\"><img loading=\"lazy\" decoding=\"async\" class=\"alignnone size-large wp-image-99461\" src=\"https:\/\/diaridigital.urv.cat\/wp-content\/uploads\/2022\/09\/032-MASTERCATALISI-29072022-1024x698.jpg\" alt=\"\" width=\"1024\" height=\"698\" srcset=\"https:\/\/diaridigital.urv.cat\/wp-content\/uploads\/2022\/09\/032-MASTERCATALISI-29072022-1024x698.jpg 1024w, https:\/\/diaridigital.urv.cat\/wp-content\/uploads\/2022\/09\/032-MASTERCATALISI-29072022-300x205.jpg 300w, https:\/\/diaridigital.urv.cat\/wp-content\/uploads\/2022\/09\/032-MASTERCATALISI-29072022-768x524.jpg 768w, https:\/\/diaridigital.urv.cat\/wp-content\/uploads\/2022\/09\/032-MASTERCATALISI-29072022-1536x1047.jpg 1536w, https:\/\/diaridigital.urv.cat\/wp-content\/uploads\/2022\/09\/032-MASTERCATALISI-29072022-2048x1396.jpg 2048w\" sizes=\"auto, (max-width: 1024px) 100vw, 1024px\" \/><\/a><\/p>\n<p>Los estudiantes asistentes a la clausura recibieron un diploma y un obsequio.<\/p>\n<p><a href=\"https:\/\/diaridigital.urv.cat\/wp-content\/uploads\/2022\/09\/068-MASTERCATALISI-29072022.jpg\"><img loading=\"lazy\" decoding=\"async\" class=\"alignnone size-large wp-image-99467\" src=\"https:\/\/diaridigital.urv.cat\/wp-content\/uploads\/2022\/09\/068-MASTERCATALISI-29072022-1024x698.jpg\" alt=\"\" width=\"1024\" height=\"698\" srcset=\"https:\/\/diaridigital.urv.cat\/wp-content\/uploads\/2022\/09\/068-MASTERCATALISI-29072022-1024x698.jpg 1024w, https:\/\/diaridigital.urv.cat\/wp-content\/uploads\/2022\/09\/068-MASTERCATALISI-29072022-300x205.jpg 300w, https:\/\/diaridigital.urv.cat\/wp-content\/uploads\/2022\/09\/068-MASTERCATALISI-29072022-768x524.jpg 768w, https:\/\/diaridigital.urv.cat\/wp-content\/uploads\/2022\/09\/068-MASTERCATALISI-29072022-1536x1047.jpg 1536w, https:\/\/diaridigital.urv.cat\/wp-content\/uploads\/2022\/09\/068-MASTERCATALISI-29072022-2048x1396.jpg 2048w\" sizes=\"auto, (max-width: 1024px) 100vw, 1024px\" \/><\/a><\/p>\n<p>El representante de los estudiantes, Daniel Domingo, haciendo el parlamento.<\/p>\n<p><a href=\"https:\/\/diaridigital.urv.cat\/wp-content\/uploads\/2022\/09\/017-MASTERCATALISI-29072022.jpg\"><img loading=\"lazy\" decoding=\"async\" class=\"alignnone size-large wp-image-99470\" src=\"https:\/\/diaridigital.urv.cat\/wp-content\/uploads\/2022\/09\/017-MASTERCATALISI-29072022-1024x698.jpg\" alt=\"\" width=\"1024\" height=\"698\" srcset=\"https:\/\/diaridigital.urv.cat\/wp-content\/uploads\/2022\/09\/017-MASTERCATALISI-29072022-1024x698.jpg 1024w, https:\/\/diaridigital.urv.cat\/wp-content\/uploads\/2022\/09\/017-MASTERCATALISI-29072022-300x205.jpg 300w, https:\/\/diaridigital.urv.cat\/wp-content\/uploads\/2022\/09\/017-MASTERCATALISI-29072022-768x524.jpg 768w, https:\/\/diaridigital.urv.cat\/wp-content\/uploads\/2022\/09\/017-MASTERCATALISI-29072022-1536x1047.jpg 1536w, https:\/\/diaridigital.urv.cat\/wp-content\/uploads\/2022\/09\/017-MASTERCATALISI-29072022-2048x1396.jpg 2048w\" sizes=\"auto, (max-width: 1024px) 100vw, 1024px\" \/><\/a><\/p>\n<p>Una imagen de los asistentes al acto.<\/p>\n","protected":false},"excerpt":{"rendered":"<p>Daniel Curulla, padrino de la promoci\u00f3n y representante de la empresa TotalEnergies, pronunci\u00f3 una conferencia sobre el papel de los futuros cient\u00edficos y tecn\u00f3logos en las amenazas que plantea el cambio clim\u00e1tico<\/p>\n","protected":false},"author":44,"featured_media":99473,"comment_status":"open","ping_status":"open","sticky":false,"template":"","format":"standard","meta":{"_acf_changed":false,"footnotes":""},"categories":[255],"tags":[],"class_list":["post-99488","post","type-post","status-publish","format-standard","has-post-thumbnail","hentry","category-facultad-quimica"],"acf":[],"_links":{"self":[{"href":"https:\/\/diaridigital.urv.cat\/es\/wp-json\/wp\/v2\/posts\/99488","targetHints":{"allow":["GET"]}}],"collection":[{"href":"https:\/\/diaridigital.urv.cat\/es\/wp-json\/wp\/v2\/posts"}],"about":[{"href":"https:\/\/diaridigital.urv.cat\/es\/wp-json\/wp\/v2\/types\/post"}],"author":[{"embeddable":true,"href":"https:\/\/diaridigital.urv.cat\/es\/wp-json\/wp\/v2\/users\/44"}],"replies":[{"embeddable":true,"href":"https:\/\/diaridigital.urv.cat\/es\/wp-json\/wp\/v2\/comments?post=99488"}],"version-history":[{"count":0,"href":"https:\/\/diaridigital.urv.cat\/es\/wp-json\/wp\/v2\/posts\/99488\/revisions"}],"wp:featuredmedia":[{"embeddable":true,"href":"https:\/\/diaridigital.urv.cat\/es\/wp-json\/wp\/v2\/media\/99473"}],"wp:attachment":[{"href":"https:\/\/diaridigital.urv.cat\/es\/wp-json\/wp\/v2\/media?parent=99488"}],"wp:term":[{"taxonomy":"category","embeddable":true,"href":"https:\/\/diaridigital.urv.cat\/es\/wp-json\/wp\/v2\/categories?post=99488"},{"taxonomy":"post_tag","embeddable":true,"href":"https:\/\/diaridigital.urv.cat\/es\/wp-json\/wp\/v2\/tags?post=99488"}],"curies":[{"name":"wp","href":"https:\/\/api.w.org\/{rel}","templated":true}]}}